{"id":14747,"date":"2025-08-19T10:02:39","date_gmt":"2025-08-19T10:02:39","guid":{"rendered":"https:\/\/malopozoriste.smashingpixel.net\/in-memoriam-darko-vrbnjak-1962-2025\/"},"modified":"2025-08-19T10:40:55","modified_gmt":"2025-08-19T10:40:55","slug":"in-memoriam-darko-vrbnjak-1962-2025","status":"publish","type":"post","link":"https:\/\/malopozoriste.smashingpixel.net\/en\/in-memoriam-darko-vrbnjak-1962-2025\/","title":{"rendered":"IN MEMORIAM Darko Vrbnjak 1962\u20132025"},"content":{"rendered":"\t\t<div data-elementor-type=\"wp-post\" data-elementor-id=\"14747\" class=\"elementor elementor-14747 elementor-14737\" data-elementor-post-type=\"post\">\n\t\t\t\t<div class=\"elementor-element elementor-element-5e82283 e-flex e-con-boxed e-con e-parent\" data-id=\"5e82283\" data-element_type=\"container\" data-e-type=\"container\">\n\t\t\t\t\t<div class=\"e-con-inner\">\n\t\t\t\t<div class=\"elementor-element elementor-element-64409ae elementor-widget elementor-widget-image\" data-id=\"64409ae\" data-element_type=\"widget\" data-e-type=\"widget\" data-widget_type=\"image.default\">\n\t\t\t\t<div class=\"elementor-widget-container\">\n\t\t\t\t\t\t\t\t\t\t\t\t\t\t\t<img fetchpriority=\"high\" decoding=\"async\" width=\"350\" height=\"500\" src=\"https:\/\/malopozoriste.smashingpixel.net\/wp-content\/uploads\/2025\/08\/Darko-Vrbnjak.jpg\" class=\"attachment-large size-large wp-image-14734\" alt=\"\" srcset=\"https:\/\/malopozoriste.smashingpixel.net\/wp-content\/uploads\/2025\/08\/Darko-Vrbnjak.jpg 350w, https:\/\/malopozoriste.smashingpixel.net\/wp-content\/uploads\/2025\/08\/Darko-Vrbnjak-210x300.jpg 210w\" sizes=\"(max-width: 350px) 100vw, 350px\" \/>\t\t\t\t\t\t\t\t\t\t\t\t\t\t\t<\/div>\n\t\t\t\t<\/div>\n\t\t\t\t\t<\/div>\n\t\t\t\t<\/div>\n\t\t<div class=\"elementor-element elementor-element-c1735c4 e-flex e-con-boxed e-con e-parent\" data-id=\"c1735c4\" data-element_type=\"container\" data-e-type=\"container\">\n\t\t\t\t\t<div class=\"e-con-inner\">\n\t\t\t\t<div class=\"elementor-element elementor-element-22f2bbd elementor-widget elementor-widget-spacer\" data-id=\"22f2bbd\" data-element_type=\"widget\" data-e-type=\"widget\" data-widget_type=\"spacer.default\">\n\t\t\t\t<div class=\"elementor-widget-container\">\n\t\t\t\t\t\t\t<div class=\"elementor-spacer\">\n\t\t\t<div class=\"elementor-spacer-inner\"><\/div>\n\t\t<\/div>\n\t\t\t\t\t\t<\/div>\n\t\t\t\t<\/div>\n\t\t\t\t\t<\/div>\n\t\t\t\t<\/div>\n\t\t<div class=\"elementor-element elementor-element-d3d4ce6 e-flex e-con-boxed e-con e-parent\" data-id=\"d3d4ce6\" data-element_type=\"container\" data-e-type=\"container\">\n\t\t\t\t\t<div class=\"e-con-inner\">\n\t\t\t\t<div class=\"elementor-element elementor-element-d0c7ba4 elementor-widget elementor-widget-text-editor\" data-id=\"d0c7ba4\" data-element_type=\"widget\" data-e-type=\"widget\" data-widget_type=\"text-editor.default\">\n\t\t\t\t<div class=\"elementor-widget-container\">\n\t\t\t\t\t\t\t\t\t<p data-start=\"99\" data-end=\"201\">With heavy hearts, we inform you that our dear colleague, <strong>Darko Vrbnjak<\/strong>, has passed away suddenly.<\/p><p data-start=\"203\" data-end=\"457\">Through his kindness, dedicated work, big heart, warm smile, and gracious nature, he left an indelible mark on our theatre\u2014touching generations of children and adult visitors. He will remain forever in the memory of his colleagues, friends, and audience.<\/p><p data-start=\"459\" data-end=\"669\">A great number of our regular visitors knew ticket seller <strong>Darko Vrbnjak<\/strong> well\u2014a man who treated the theatre as his home, always ready to help and talk with everyone who came to the Little Theatre \u201cDu\u0161ko Radovi\u0107\u201d.<\/p><p data-start=\"671\" data-end=\"889\">Entrance to the theatre will never be the same again, for Darko\u2014the man who loved people, animals, and the theatre\u2014will no longer greet children and adults at its doors. We used to jokingly call him our \u201cgentle giant.\u201d<\/p><p data-start=\"891\" data-end=\"1032\">Darko Vrbnjak was born in 1962 in Belgrade. He spent his childhood at the Little Theatre, being the son of the famous puppeteer <strong>Janko Vrbnjak<\/strong>.<\/p><p data-start=\"1034\" data-end=\"1246\">He studied law, but due to circumstances, began working at the theatre\u2014and stayed there until his untimely passing. He worked as a ticket seller alongside his dear friend, Dulet, and will be deeply missed by all.<\/p><p data-start=\"1248\" data-end=\"1443\">Below, you may read an interview with Darko and Dule, titled \u201cTheatre\u2014Market or Second Home\u201d, conducted by dramaturg \u0110or\u0111e Kosi\u0107 and published in the brochure <em data-start=\"1412\" data-end=\"1442\">75 Years of Growing Together<\/em>.<\/p><h3 data-start=\"1450\" data-end=\"1489\"><strong data-start=\"1454\" data-end=\"1489\">THEATRE \u2014 MARKET OR SECOND HOME<\/strong><\/h3><p data-start=\"1491\" data-end=\"5015\">DULE: We grew up together; we\u2019ve known each other since we were six years old.<br data-start=\"1573\" data-end=\"1576\" \/>DARKO: Yes, that means 56 years together.<br data-start=\"1621\" data-end=\"1624\" \/>DULE: Since we were six. I make foolish mistakes, and he defends me. Like brothers.<br data-start=\"1711\" data-end=\"1714\" \/>DARKO: Brothers by choice, more than actual brothers. We practically live together\u2014we spend more time here than at home.<br data-start=\"1838\" data-end=\"1841\" \/>DULE: We are diametrically opposite\u2014not in opinion, but in everything. He can&#8217;t say anything plainly\u2014he always has to say it beautifully\u2026<br data-start=\"1982\" data-end=\"1985\" \/>DARKO: Indeed, I am a bit complicated.<br data-start=\"2027\" data-end=\"2030\" \/>DULE: You\u2019re not complicated\u2014you\u2019re full of feelings, humanity, and understanding. I\u2019m rough, a jerk\u2014you know?<br data-start=\"2144\" data-end=\"2147\" \/>DARKO: But he, such a rough jerk, when my father died, took me by the hands and said: \u201cYou\u2019re not going home now\u2014we\u2019re going for a walk,\u201d because he saw I wasn\u2019t doing well.<br data-start=\"2324\" data-end=\"2327\" \/>DULE: True.<br data-start=\"2342\" data-end=\"2345\" \/>DARKO: My father, Janko Vrbnjak, was one of the people who helped create this theatre; I felt at home here as a child, because he was looked after by many of his colleagues, and there were funny moments too. I remember the late actress Melita Bihali in <em data-start=\"2602\" data-end=\"2613\">Pinocchio<\/em>\u2014she animated and performed him live. I felt jealousy as a child because my father loved Pinocchio so much\u2014I sensed competition and wanted to compete for his affection. After the performance, I told my father I would get him firewood, because he preferred that over me. That is the sensitivity of theatre\u2014a blend of humor and sadness.<br data-start=\"2947\" data-end=\"2950\" \/>DULE: Speaking of humor\u2014one day they called me because a school trip that had booked 150 tickets on the day of the show was canceled. Then some girls called\u2014this was when we were young\u2014and asked, \u201cIs there a chance there are tickets left?\u201d I said, \u201cThere are, but you have to run\u2014another group is coming.\u201d<br data-start=\"3259\" data-end=\"3262\" \/>Then they begged: \u201cCould you please take a reservation for three tickets? We\u2019re not asking about the cost.\u201d I replied, \u201cI\u2019d love to, but can\u2019t you hear me whispering? I\u2019m not allowed to take reservations\u2014I could lose my job.\u201d Still, they persisted: \u201cPlease, if there\u2019s any way.\u201d<br data-start=\"3540\" data-end=\"3543\" \/>So I said, \u201cOkay, let\u2019s find a solution. You have a sweet voice\u2026 Here\u2019s what we\u2019ll do: we won\u2019t mention reservations. I\u2019ll give you a pseudonym: \u2018Keleraba.\u2019 I\u2019ll make three tickets under \u2018Keleraba.\u2019 When you come, there will be a crowd, but don\u2019t mention reservations\u2014just say \u2018Keleraba,\u2019 and I\u2019ll hand them to you, and we\u2019ll all be happy.\u201d \u201cOh, thank you!\u201d they replied.<br data-start=\"3914\" data-end=\"3917\" \/>And all day long, whoever called, they wanted radishes and different kinds of vegetables. That evening, 15\u201320 people from the theatre came to watch how I \u201csold\u201d pseudonyms. A girl appeared, cheerful, and said: \u201cKeleraba.\u201d I pretended not to understand: \u201cPardon?\u201d She whispered \u201cKeleraba\u201d and smiled. I said, \u201cSurely you\u2019ve made a mistake\u2014this is a theatre, are you looking for the market?\u201d That is theatre.<br data-start=\"4323\" data-end=\"4326\" \/>DARKO: When you come to the theatre, you can be witty, even a bit tongue-in-cheek\u2014but you can also be resolute, for there\u2019s no big money here. What gives satisfaction is your contribution to what\u2019s happening. That truly is the magic of theatre\u2014magic. After a performance, I sometimes make an enthusiastic comment, but I often feel unhappy when things don\u2019t go the way I would like. But I would never presume to say, \u201cThis is the way\u2014it\u2019s correct, because\u2014\u201d<br data-start=\"4786\" data-end=\"4789\" \/>DULE: Because you\u2019re young and inexperienced.<br data-start=\"4838\" data-end=\"4841\" \/>DARKO (laughs): Exactly. That\u2019s precisely what I wanted to say. Du\u0161an knows how to put things in their place. If it weren\u2019t that way, this theatre wouldn\u2019t be what it is.<\/p>\t\t\t\t\t\t\t\t<\/div>\n\t\t\t\t<\/div>\n\t\t\t\t\t<\/div>\n\t\t\t\t<\/div>\n\t\t\t\t<\/div>\n\t\t","protected":false},"excerpt":{"rendered":"With heavy hearts, we inform you that our dear colleague, Darko Vrbnjak, has passed away suddenly.Through his kindness, dedicated work, big heart, warm smile, and gracious nature, he left an indelible mark on our theatre\u2014touching generations of children and adult visitors. He will remain forever in the memory of his colleagues, friends, and audience.A great [&hellip;]","protected":false},"author":5,"featured_media":14734,"comment_status":"closed","ping_status":"open","sticky":false,"template":"elementor_header_footer","format":"standard","meta":{"_acf_changed":false,"ocean_front_end_style_editor":"no","ocean_post_layout":"","ocean_both_sidebars_style":"","ocean_both_sidebars_content_width":0,"ocean_both_sidebars_sidebars_width":0,"ocean_sidebar":"0","ocean_second_sidebar":"0","ocean_disable_margins":"enable","ocean_add_body_class":"","ocean_shortcode_before_top_bar":"","ocean_shortcode_after_top_bar":"","ocean_shortcode_before_header":"","ocean_shortcode_after_header":"","ocean_has_shortcode":"","ocean_shortcode_after_title":"","ocean_shortcode_before_footer_widgets":"","ocean_shortcode_after_footer_widgets":"","ocean_shortcode_before_footer_bottom":"","ocean_shortcode_after_footer_bottom":"","ocean_display_top_bar":"default","ocean_display_header":"default","ocean_header_style":"","ocean_center_header_left_menu":"0","ocean_custom_header_template":"0","ocean_custom_logo":0,"ocean_custom_retina_logo":0,"ocean_custom_logo_max_width":0,"ocean_custom_logo_tablet_max_width":0,"ocean_custom_logo_mobile_max_width":0,"ocean_custom_logo_max_height":0,"ocean_custom_logo_tablet_max_height":0,"ocean_custom_logo_mobile_max_height":0,"ocean_header_custom_menu":"0","ocean_menu_typo_font_family":"0","ocean_menu_typo_font_subset":"","ocean_menu_typo_font_size":0,"ocean_menu_typo_font_size_tablet":0,"ocean_menu_typo_font_size_mobile":0,"ocean_menu_typo_font_size_unit":"px","ocean_menu_typo_font_weight":"","ocean_menu_typo_font_weight_tablet":"","ocean_menu_typo_font_weight_mobile":"","ocean_menu_typo_transform":"","ocean_menu_typo_transform_tablet":"","ocean_menu_typo_transform_mobile":"","ocean_menu_typo_line_height":0,"ocean_menu_typo_line_height_tablet":0,"ocean_menu_typo_line_height_mobile":0,"ocean_menu_typo_line_height_unit":"","ocean_menu_typo_spacing":0,"ocean_menu_typo_spacing_tablet":0,"ocean_menu_typo_spacing_mobile":0,"ocean_menu_typo_spacing_unit":"","ocean_menu_link_color":"","ocean_menu_link_color_hover":"","ocean_menu_link_color_active":"","ocean_menu_link_background":"","ocean_menu_link_hover_background":"","ocean_menu_link_active_background":"","ocean_menu_social_links_bg":"","ocean_menu_social_hover_links_bg":"","ocean_menu_social_links_color":"","ocean_menu_social_hover_links_color":"","ocean_disable_title":"on","ocean_disable_heading":"default","ocean_post_title":"","ocean_post_subheading":"","ocean_post_title_style":"","ocean_post_title_background_color":"","ocean_post_title_background":0,"ocean_post_title_bg_image_position":"","ocean_post_title_bg_image_attachment":"","ocean_post_title_bg_image_repeat":"","ocean_post_title_bg_image_size":"","ocean_post_title_height":0,"ocean_post_title_bg_overlay":0.5,"ocean_post_title_bg_overlay_color":"","ocean_disable_breadcrumbs":"off","ocean_breadcrumbs_color":"","ocean_breadcrumbs_separator_color":"","ocean_breadcrumbs_links_color":"","ocean_breadcrumbs_links_hover_color":"","ocean_display_footer_widgets":"default","ocean_display_footer_bottom":"default","ocean_custom_footer_template":"0","ocean_post_oembed":"","ocean_post_self_hosted_media":"","ocean_post_video_embed":"","ocean_link_format":"","ocean_link_format_target":"self","ocean_quote_format":"","ocean_quote_format_link":"post","ocean_gallery_link_images":"on","ocean_gallery_id":[],"footnotes":""},"categories":[90,90],"tags":[],"class_list":["post-14747","post","type-post","status-publish","format-standard","has-post-thumbnail","hentry","category-uncategorized","entry","has-media"],"acf":[],"yoast_head":"<!-- This site is optimized with the Yoast SEO plugin v28.3 - https:\/\/yoast.com\/product\/yoast-seo-wordpress\/ -->\n<title>IN MEMORIAM Darko Vrbnjak 1962\u20132025 - malopozoriste<\/title>\n<meta name=\"robots\" content=\"index, follow, max-snippet:-1, max-image-preview:large, max-video-preview:-1\" \/>\n<link rel=\"canonical\" href=\"https:\/\/malopozoriste.smashingpixel.net\/en\/in-memoriam-darko-vrbnjak-1962-2025\/\" \/>\n<meta property=\"og:locale\" content=\"en_US\" \/>\n<meta property=\"og:type\" content=\"article\" \/>\n<meta property=\"og:title\" content=\"IN MEMORIAM Darko Vrbnjak 1962\u20132025 - malopozoriste\" \/>\n<meta property=\"og:description\" content=\"With heavy hearts, we inform you that our dear colleague, Darko Vrbnjak, has passed away suddenly.Through his kindness, dedicated work, big heart, warm smile, and gracious nature, he left an indelible mark on our theatre\u2014touching generations of children and adult visitors. He will remain forever in the memory of his colleagues, friends, and audience.A great [&hellip;]\" \/>\n<meta property=\"og:url\" content=\"https:\/\/malopozoriste.smashingpixel.net\/en\/in-memoriam-darko-vrbnjak-1962-2025\/\" \/>\n<meta property=\"og:site_name\" content=\"malopozoriste\" \/>\n<meta property=\"article:publisher\" content=\"https:\/\/www.facebook.com\/malopozoriste1948#\" \/>\n<meta property=\"article:published_time\" content=\"2025-08-19T10:02:39+00:00\" \/>\n<meta property=\"article:modified_time\" content=\"2025-08-19T10:40:55+00:00\" \/>\n<meta property=\"og:image\" content=\"https:\/\/malopozoriste.smashingpixel.net\/wp-content\/uploads\/2025\/08\/Darko-Vrbnjak.jpg\" \/>\n\t<meta property=\"og:image:width\" content=\"350\" \/>\n\t<meta property=\"og:image:height\" content=\"500\" \/>\n\t<meta property=\"og:image:type\" content=\"image\/jpeg\" \/>\n<meta name=\"author\" content=\"P0p4r7\" \/>\n<meta name=\"twitter:card\" content=\"summary_large_image\" \/>\n<meta name=\"twitter:label1\" content=\"Written by\" \/>\n\t<meta name=\"twitter:data1\" content=\"P0p4r7\" \/>\n\t<meta name=\"twitter:label2\" content=\"Est. reading time\" \/>\n\t<meta name=\"twitter:data2\" content=\"4 minutes\" \/>\n<script type=\"application\/ld+json\" class=\"yoast-schema-graph\">{\"@context\":\"https:\\\/\\\/schema.org\",\"@graph\":[{\"@type\":\"Article\",\"@id\":\"https:\\\/\\\/malopozoriste.smashingpixel.net\\\/en\\\/in-memoriam-darko-vrbnjak-1962-2025\\\/#article\",\"isPartOf\":{\"@id\":\"https:\\\/\\\/malopozoriste.smashingpixel.net\\\/en\\\/in-memoriam-darko-vrbnjak-1962-2025\\\/\"},\"author\":{\"name\":\"P0p4r7\",\"@id\":\"https:\\\/\\\/malopozoriste.smashingpixel.net\\\/#\\\/schema\\\/person\\\/a0e780274f587f25a77993e82d795701\"},\"headline\":\"IN MEMORIAM Darko Vrbnjak 1962\u20132025\",\"datePublished\":\"2025-08-19T10:02:39+00:00\",\"dateModified\":\"2025-08-19T10:40:55+00:00\",\"mainEntityOfPage\":{\"@id\":\"https:\\\/\\\/malopozoriste.smashingpixel.net\\\/en\\\/in-memoriam-darko-vrbnjak-1962-2025\\\/\"},\"wordCount\":868,\"publisher\":{\"@id\":\"https:\\\/\\\/malopozoriste.smashingpixel.net\\\/#organization\"},\"image\":{\"@id\":\"https:\\\/\\\/malopozoriste.smashingpixel.net\\\/en\\\/in-memoriam-darko-vrbnjak-1962-2025\\\/#primaryimage\"},\"thumbnailUrl\":\"https:\\\/\\\/malopozoriste.smashingpixel.net\\\/wp-content\\\/uploads\\\/2025\\\/08\\\/Darko-Vrbnjak.jpg\",\"inLanguage\":\"en-US\"},{\"@type\":\"WebPage\",\"@id\":\"https:\\\/\\\/malopozoriste.smashingpixel.net\\\/en\\\/in-memoriam-darko-vrbnjak-1962-2025\\\/\",\"url\":\"https:\\\/\\\/malopozoriste.smashingpixel.net\\\/en\\\/in-memoriam-darko-vrbnjak-1962-2025\\\/\",\"name\":\"IN MEMORIAM Darko Vrbnjak 1962\u20132025 - malopozoriste\",\"isPartOf\":{\"@id\":\"https:\\\/\\\/malopozoriste.smashingpixel.net\\\/#website\"},\"primaryImageOfPage\":{\"@id\":\"https:\\\/\\\/malopozoriste.smashingpixel.net\\\/en\\\/in-memoriam-darko-vrbnjak-1962-2025\\\/#primaryimage\"},\"image\":{\"@id\":\"https:\\\/\\\/malopozoriste.smashingpixel.net\\\/en\\\/in-memoriam-darko-vrbnjak-1962-2025\\\/#primaryimage\"},\"thumbnailUrl\":\"https:\\\/\\\/malopozoriste.smashingpixel.net\\\/wp-content\\\/uploads\\\/2025\\\/08\\\/Darko-Vrbnjak.jpg\",\"datePublished\":\"2025-08-19T10:02:39+00:00\",\"dateModified\":\"2025-08-19T10:40:55+00:00\",\"breadcrumb\":{\"@id\":\"https:\\\/\\\/malopozoriste.smashingpixel.net\\\/en\\\/in-memoriam-darko-vrbnjak-1962-2025\\\/#breadcrumb\"},\"inLanguage\":\"en-US\",\"potentialAction\":[{\"@type\":\"ReadAction\",\"target\":[\"https:\\\/\\\/malopozoriste.smashingpixel.net\\\/en\\\/in-memoriam-darko-vrbnjak-1962-2025\\\/\"]}]},{\"@type\":\"ImageObject\",\"inLanguage\":\"en-US\",\"@id\":\"https:\\\/\\\/malopozoriste.smashingpixel.net\\\/en\\\/in-memoriam-darko-vrbnjak-1962-2025\\\/#primaryimage\",\"url\":\"https:\\\/\\\/malopozoriste.smashingpixel.net\\\/wp-content\\\/uploads\\\/2025\\\/08\\\/Darko-Vrbnjak.jpg\",\"contentUrl\":\"https:\\\/\\\/malopozoriste.smashingpixel.net\\\/wp-content\\\/uploads\\\/2025\\\/08\\\/Darko-Vrbnjak.jpg\",\"width\":350,\"height\":500},{\"@type\":\"BreadcrumbList\",\"@id\":\"https:\\\/\\\/malopozoriste.smashingpixel.net\\\/en\\\/in-memoriam-darko-vrbnjak-1962-2025\\\/#breadcrumb\",\"itemListElement\":[{\"@type\":\"ListItem\",\"position\":1,\"name\":\"\u041f\u043e\u0447\u0435\u0442\u043d\u0430\",\"item\":\"https:\\\/\\\/malopozoriste.smashingpixel.net\\\/en\\\/home\\\/\"},{\"@type\":\"ListItem\",\"position\":2,\"name\":\"IN MEMORIAM Darko Vrbnjak 1962\u20132025\"}]},{\"@type\":\"WebSite\",\"@id\":\"https:\\\/\\\/malopozoriste.smashingpixel.net\\\/#website\",\"url\":\"https:\\\/\\\/malopozoriste.smashingpixel.net\\\/\",\"name\":\"malopozoriste\",\"description\":\"\",\"publisher\":{\"@id\":\"https:\\\/\\\/malopozoriste.smashingpixel.net\\\/#organization\"},\"potentialAction\":[{\"@type\":\"SearchAction\",\"target\":{\"@type\":\"EntryPoint\",\"urlTemplate\":\"https:\\\/\\\/malopozoriste.smashingpixel.net\\\/?s={search_term_string}\"},\"query-input\":{\"@type\":\"PropertyValueSpecification\",\"valueRequired\":true,\"valueName\":\"search_term_string\"}}],\"inLanguage\":\"en-US\"},{\"@type\":\"Organization\",\"@id\":\"https:\\\/\\\/malopozoriste.smashingpixel.net\\\/#organization\",\"name\":\"\u041c\u0430\u043b\u043e \u043f\u043e\u0437\u043e\u0440\u0438\u0448\u0442\u0435 \u0414\u0443\u0448\u043a\u043e \u0420\u0430\u0434\u043e\u0432\u0438\u045b\",\"url\":\"https:\\\/\\\/malopozoriste.smashingpixel.net\\\/\",\"logo\":{\"@type\":\"ImageObject\",\"inLanguage\":\"en-US\",\"@id\":\"https:\\\/\\\/malopozoriste.smashingpixel.net\\\/#\\\/schema\\\/logo\\\/image\\\/\",\"url\":\"https:\\\/\\\/malopozoriste.smashingpixel.net\\\/wp-content\\\/uploads\\\/2024\\\/03\\\/malo_pozoriste_logo142x140.png\",\"contentUrl\":\"https:\\\/\\\/malopozoriste.smashingpixel.net\\\/wp-content\\\/uploads\\\/2024\\\/03\\\/malo_pozoriste_logo142x140.png\",\"width\":142,\"height\":140,\"caption\":\"\u041c\u0430\u043b\u043e \u043f\u043e\u0437\u043e\u0440\u0438\u0448\u0442\u0435 \u0414\u0443\u0448\u043a\u043e \u0420\u0430\u0434\u043e\u0432\u0438\u045b\"},\"image\":{\"@id\":\"https:\\\/\\\/malopozoriste.smashingpixel.net\\\/#\\\/schema\\\/logo\\\/image\\\/\"},\"sameAs\":[\"https:\\\/\\\/www.facebook.com\\\/malopozoriste1948#\"]},{\"@type\":\"Person\",\"@id\":\"https:\\\/\\\/malopozoriste.smashingpixel.net\\\/#\\\/schema\\\/person\\\/a0e780274f587f25a77993e82d795701\",\"name\":\"P0p4r7\",\"image\":{\"@type\":\"ImageObject\",\"inLanguage\":\"en-US\",\"@id\":\"https:\\\/\\\/secure.gravatar.com\\\/avatar\\\/3072a7becae851e6c69fcb1a91018459754a5f928756e72b9d22e7a452300b5e?s=96&d=mm&r=g\",\"url\":\"https:\\\/\\\/secure.gravatar.com\\\/avatar\\\/3072a7becae851e6c69fcb1a91018459754a5f928756e72b9d22e7a452300b5e?s=96&d=mm&r=g\",\"contentUrl\":\"https:\\\/\\\/secure.gravatar.com\\\/avatar\\\/3072a7becae851e6c69fcb1a91018459754a5f928756e72b9d22e7a452300b5e?s=96&d=mm&r=g\",\"caption\":\"P0p4r7\"},\"url\":\"https:\\\/\\\/malopozoriste.smashingpixel.net\\\/en\\\/author\\\/p0p4r7\\\/\"}]}<\/script>\n<!-- \/ Yoast SEO plugin. -->","yoast_head_json":{"title":"IN MEMORIAM Darko Vrbnjak 1962\u20132025 - malopozoriste","robots":{"index":"index","follow":"follow","max-snippet":"max-snippet:-1","max-image-preview":"max-image-preview:large","max-video-preview":"max-video-preview:-1"},"canonical":"https:\/\/malopozoriste.smashingpixel.net\/en\/in-memoriam-darko-vrbnjak-1962-2025\/","og_locale":"en_US","og_type":"article","og_title":"IN MEMORIAM Darko Vrbnjak 1962\u20132025 - malopozoriste","og_description":"With heavy hearts, we inform you that our dear colleague, Darko Vrbnjak, has passed away suddenly.Through his kindness, dedicated work, big heart, warm smile, and gracious nature, he left an indelible mark on our theatre\u2014touching generations of children and adult visitors. He will remain forever in the memory of his colleagues, friends, and audience.A great [&hellip;]","og_url":"https:\/\/malopozoriste.smashingpixel.net\/en\/in-memoriam-darko-vrbnjak-1962-2025\/","og_site_name":"malopozoriste","article_publisher":"https:\/\/www.facebook.com\/malopozoriste1948#","article_published_time":"2025-08-19T10:02:39+00:00","article_modified_time":"2025-08-19T10:40:55+00:00","og_image":[{"width":350,"height":500,"url":"https:\/\/malopozoriste.smashingpixel.net\/wp-content\/uploads\/2025\/08\/Darko-Vrbnjak.jpg","type":"image\/jpeg"}],"author":"P0p4r7","twitter_card":"summary_large_image","twitter_misc":{"Written by":"P0p4r7","Est. reading time":"4 minutes"},"schema":{"@context":"https:\/\/schema.org","@graph":[{"@type":"Article","@id":"https:\/\/malopozoriste.smashingpixel.net\/en\/in-memoriam-darko-vrbnjak-1962-2025\/#article","isPartOf":{"@id":"https:\/\/malopozoriste.smashingpixel.net\/en\/in-memoriam-darko-vrbnjak-1962-2025\/"},"author":{"name":"P0p4r7","@id":"https:\/\/malopozoriste.smashingpixel.net\/#\/schema\/person\/a0e780274f587f25a77993e82d795701"},"headline":"IN MEMORIAM Darko Vrbnjak 1962\u20132025","datePublished":"2025-08-19T10:02:39+00:00","dateModified":"2025-08-19T10:40:55+00:00","mainEntityOfPage":{"@id":"https:\/\/malopozoriste.smashingpixel.net\/en\/in-memoriam-darko-vrbnjak-1962-2025\/"},"wordCount":868,"publisher":{"@id":"https:\/\/malopozoriste.smashingpixel.net\/#organization"},"image":{"@id":"https:\/\/malopozoriste.smashingpixel.net\/en\/in-memoriam-darko-vrbnjak-1962-2025\/#primaryimage"},"thumbnailUrl":"https:\/\/malopozoriste.smashingpixel.net\/wp-content\/uploads\/2025\/08\/Darko-Vrbnjak.jpg","inLanguage":"en-US"},{"@type":"WebPage","@id":"https:\/\/malopozoriste.smashingpixel.net\/en\/in-memoriam-darko-vrbnjak-1962-2025\/","url":"https:\/\/malopozoriste.smashingpixel.net\/en\/in-memoriam-darko-vrbnjak-1962-2025\/","name":"IN MEMORIAM Darko Vrbnjak 1962\u20132025 - malopozoriste","isPartOf":{"@id":"https:\/\/malopozoriste.smashingpixel.net\/#website"},"primaryImageOfPage":{"@id":"https:\/\/malopozoriste.smashingpixel.net\/en\/in-memoriam-darko-vrbnjak-1962-2025\/#primaryimage"},"image":{"@id":"https:\/\/malopozoriste.smashingpixel.net\/en\/in-memoriam-darko-vrbnjak-1962-2025\/#primaryimage"},"thumbnailUrl":"https:\/\/malopozoriste.smashingpixel.net\/wp-content\/uploads\/2025\/08\/Darko-Vrbnjak.jpg","datePublished":"2025-08-19T10:02:39+00:00","dateModified":"2025-08-19T10:40:55+00:00","breadcrumb":{"@id":"https:\/\/malopozoriste.smashingpixel.net\/en\/in-memoriam-darko-vrbnjak-1962-2025\/#breadcrumb"},"inLanguage":"en-US","potentialAction":[{"@type":"ReadAction","target":["https:\/\/malopozoriste.smashingpixel.net\/en\/in-memoriam-darko-vrbnjak-1962-2025\/"]}]},{"@type":"ImageObject","inLanguage":"en-US","@id":"https:\/\/malopozoriste.smashingpixel.net\/en\/in-memoriam-darko-vrbnjak-1962-2025\/#primaryimage","url":"https:\/\/malopozoriste.smashingpixel.net\/wp-content\/uploads\/2025\/08\/Darko-Vrbnjak.jpg","contentUrl":"https:\/\/malopozoriste.smashingpixel.net\/wp-content\/uploads\/2025\/08\/Darko-Vrbnjak.jpg","width":350,"height":500},{"@type":"BreadcrumbList","@id":"https:\/\/malopozoriste.smashingpixel.net\/en\/in-memoriam-darko-vrbnjak-1962-2025\/#breadcrumb","itemListElement":[{"@type":"ListItem","position":1,"name":"\u041f\u043e\u0447\u0435\u0442\u043d\u0430","item":"https:\/\/malopozoriste.smashingpixel.net\/en\/home\/"},{"@type":"ListItem","position":2,"name":"IN MEMORIAM Darko Vrbnjak 1962\u20132025"}]},{"@type":"WebSite","@id":"https:\/\/malopozoriste.smashingpixel.net\/#website","url":"https:\/\/malopozoriste.smashingpixel.net\/","name":"malopozoriste","description":"","publisher":{"@id":"https:\/\/malopozoriste.smashingpixel.net\/#organization"},"potentialAction":[{"@type":"SearchAction","target":{"@type":"EntryPoint","urlTemplate":"https:\/\/malopozoriste.smashingpixel.net\/?s={search_term_string}"},"query-input":{"@type":"PropertyValueSpecification","valueRequired":true,"valueName":"search_term_string"}}],"inLanguage":"en-US"},{"@type":"Organization","@id":"https:\/\/malopozoriste.smashingpixel.net\/#organization","name":"\u041c\u0430\u043b\u043e \u043f\u043e\u0437\u043e\u0440\u0438\u0448\u0442\u0435 \u0414\u0443\u0448\u043a\u043e \u0420\u0430\u0434\u043e\u0432\u0438\u045b","url":"https:\/\/malopozoriste.smashingpixel.net\/","logo":{"@type":"ImageObject","inLanguage":"en-US","@id":"https:\/\/malopozoriste.smashingpixel.net\/#\/schema\/logo\/image\/","url":"https:\/\/malopozoriste.smashingpixel.net\/wp-content\/uploads\/2024\/03\/malo_pozoriste_logo142x140.png","contentUrl":"https:\/\/malopozoriste.smashingpixel.net\/wp-content\/uploads\/2024\/03\/malo_pozoriste_logo142x140.png","width":142,"height":140,"caption":"\u041c\u0430\u043b\u043e \u043f\u043e\u0437\u043e\u0440\u0438\u0448\u0442\u0435 \u0414\u0443\u0448\u043a\u043e \u0420\u0430\u0434\u043e\u0432\u0438\u045b"},"image":{"@id":"https:\/\/malopozoriste.smashingpixel.net\/#\/schema\/logo\/image\/"},"sameAs":["https:\/\/www.facebook.com\/malopozoriste1948#"]},{"@type":"Person","@id":"https:\/\/malopozoriste.smashingpixel.net\/#\/schema\/person\/a0e780274f587f25a77993e82d795701","name":"P0p4r7","image":{"@type":"ImageObject","inLanguage":"en-US","@id":"https:\/\/secure.gravatar.com\/avatar\/3072a7becae851e6c69fcb1a91018459754a5f928756e72b9d22e7a452300b5e?s=96&d=mm&r=g","url":"https:\/\/secure.gravatar.com\/avatar\/3072a7becae851e6c69fcb1a91018459754a5f928756e72b9d22e7a452300b5e?s=96&d=mm&r=g","contentUrl":"https:\/\/secure.gravatar.com\/avatar\/3072a7becae851e6c69fcb1a91018459754a5f928756e72b9d22e7a452300b5e?s=96&d=mm&r=g","caption":"P0p4r7"},"url":"https:\/\/malopozoriste.smashingpixel.net\/en\/author\/p0p4r7\/"}]}},"_links":{"self":[{"href":"https:\/\/malopozoriste.smashingpixel.net\/en\/wp-json\/wp\/v2\/posts\/14747","targetHints":{"allow":["GET"]}}],"collection":[{"href":"https:\/\/malopozoriste.smashingpixel.net\/en\/wp-json\/wp\/v2\/posts"}],"about":[{"href":"https:\/\/malopozoriste.smashingpixel.net\/en\/wp-json\/wp\/v2\/types\/post"}],"author":[{"embeddable":true,"href":"https:\/\/malopozoriste.smashingpixel.net\/en\/wp-json\/wp\/v2\/users\/5"}],"replies":[{"embeddable":true,"href":"https:\/\/malopozoriste.smashingpixel.net\/en\/wp-json\/wp\/v2\/comments?post=14747"}],"version-history":[{"count":0,"href":"https:\/\/malopozoriste.smashingpixel.net\/en\/wp-json\/wp\/v2\/posts\/14747\/revisions"}],"wp:featuredmedia":[{"embeddable":true,"href":"https:\/\/malopozoriste.smashingpixel.net\/en\/wp-json\/wp\/v2\/media\/14734"}],"wp:attachment":[{"href":"https:\/\/malopozoriste.smashingpixel.net\/en\/wp-json\/wp\/v2\/media?parent=14747"}],"wp:term":[{"taxonomy":"category","embeddable":true,"href":"https:\/\/malopozoriste.smashingpixel.net\/en\/wp-json\/wp\/v2\/categories?post=14747"},{"taxonomy":"post_tag","embeddable":true,"href":"https:\/\/malopozoriste.smashingpixel.net\/en\/wp-json\/wp\/v2\/tags?post=14747"}],"curies":[{"name":"wp","href":"https:\/\/api.w.org\/{rel}","templated":true}]}}