{"id":15817,"date":"2025-10-18T11:13:16","date_gmt":"2025-10-18T11:13:16","guid":{"rendered":"https:\/\/malopozoriste.smashingpixel.net\/ana-the-changes-on-the-evening-stage-radovic\/"},"modified":"2025-10-18T11:21:59","modified_gmt":"2025-10-18T11:21:59","slug":"ana-the-changes-on-the-evening-stage-radovic","status":"publish","type":"post","link":"https:\/\/malopozoriste.smashingpixel.net\/en\/ana-the-changes-on-the-evening-stage-radovic\/","title":{"rendered":"Ana &#038; The Changes on the Evening Stage \u201cRadovi\u0107\u201d"},"content":{"rendered":"\t\t<div data-elementor-type=\"wp-post\" data-elementor-id=\"15817\" class=\"elementor elementor-15817 elementor-15809\" data-elementor-post-type=\"post\">\n\t\t\t\t<div class=\"elementor-element elementor-element-00bd439 e-flex e-con-boxed e-con e-parent\" data-id=\"00bd439\" data-element_type=\"container\" data-e-type=\"container\">\n\t\t\t\t\t<div class=\"e-con-inner\">\n\t\t\t\t<div class=\"elementor-element elementor-element-3b430fe elementor-widget elementor-widget-image\" data-id=\"3b430fe\" data-element_type=\"widget\" data-e-type=\"widget\" data-widget_type=\"image.default\">\n\t\t\t\t<div class=\"elementor-widget-container\">\n\t\t\t\t\t\t\t\t\t\t\t\t\t\t\t<img fetchpriority=\"high\" decoding=\"async\" width=\"1024\" height=\"666\" src=\"https:\/\/malopozoriste.smashingpixel.net\/wp-content\/uploads\/2025\/10\/Ana-The-Changes-Aleksandar-Alempijevic-1024x666.jpg\" class=\"attachment-large size-large wp-image-15806\" alt=\"\" srcset=\"https:\/\/malopozoriste.smashingpixel.net\/wp-content\/uploads\/2025\/10\/Ana-The-Changes-Aleksandar-Alempijevic-1024x666.jpg 1024w, https:\/\/malopozoriste.smashingpixel.net\/wp-content\/uploads\/2025\/10\/Ana-The-Changes-Aleksandar-Alempijevic-300x195.jpg 300w, https:\/\/malopozoriste.smashingpixel.net\/wp-content\/uploads\/2025\/10\/Ana-The-Changes-Aleksandar-Alempijevic-768x499.jpg 768w, https:\/\/malopozoriste.smashingpixel.net\/wp-content\/uploads\/2025\/10\/Ana-The-Changes-Aleksandar-Alempijevic.jpg 1280w\" sizes=\"(max-width: 1024px) 100vw, 1024px\" \/>\t\t\t\t\t\t\t\t\t\t\t\t\t\t\t<\/div>\n\t\t\t\t<\/div>\n\t\t\t\t\t<\/div>\n\t\t\t\t<\/div>\n\t\t<div class=\"elementor-element elementor-element-6c81139 e-flex e-con-boxed e-con e-parent\" data-id=\"6c81139\" data-element_type=\"container\" data-e-type=\"container\">\n\t\t\t\t\t<div class=\"e-con-inner\">\n\t\t\t\t<div class=\"elementor-element elementor-element-d98dacc elementor-widget elementor-widget-heading\" data-id=\"d98dacc\" data-element_type=\"widget\" data-e-type=\"widget\" data-widget_type=\"heading.default\">\n\t\t\t\t<div class=\"elementor-widget-container\">\n\t\t\t\t\t<h2 class=\"elementor-heading-title elementor-size-default\">Ana &amp; The Changes on the Evening Stage \u201cRadovi\u0107\u201d <\/h2>\t\t\t\t<\/div>\n\t\t\t\t<\/div>\n\t\t\t\t\t<\/div>\n\t\t\t\t<\/div>\n\t\t<div class=\"elementor-element elementor-element-0503358 e-flex e-con-boxed e-con e-parent\" data-id=\"0503358\" data-element_type=\"container\" data-e-type=\"container\">\n\t\t\t\t\t<div class=\"e-con-inner\">\n\t\t\t\t<div class=\"elementor-element elementor-element-2243089 elementor-widget elementor-widget-spacer\" data-id=\"2243089\" data-element_type=\"widget\" data-e-type=\"widget\" data-widget_type=\"spacer.default\">\n\t\t\t\t<div class=\"elementor-widget-container\">\n\t\t\t\t\t\t\t<div class=\"elementor-spacer\">\n\t\t\t<div class=\"elementor-spacer-inner\"><\/div>\n\t\t<\/div>\n\t\t\t\t\t\t<\/div>\n\t\t\t\t<\/div>\n\t\t\t\t\t<\/div>\n\t\t\t\t<\/div>\n\t\t<div class=\"elementor-element elementor-element-c121d8f e-flex e-con-boxed e-con e-parent\" data-id=\"c121d8f\" data-element_type=\"container\" data-e-type=\"container\">\n\t\t\t\t\t<div class=\"e-con-inner\">\n\t\t\t\t<div class=\"elementor-element elementor-element-e6bfd5c elementor-widget elementor-widget-text-editor\" data-id=\"e6bfd5c\" data-element_type=\"widget\" data-e-type=\"widget\" data-widget_type=\"text-editor.default\">\n\t\t\t\t<div class=\"elementor-widget-container\">\n\t\t\t\t\t\t\t\t\t<p data-start=\"289\" data-end=\"418\">Belgrade band <strong data-start=\"303\" data-end=\"324\">Ana &amp; The Changes<\/strong> invites you to a concert marking the release of the vinyl edition of their album <em data-start=\"406\" data-end=\"417\">Sabiranje<\/em>.<\/p>\n<p data-start=\"420\" data-end=\"592\">The concert will take place on <strong data-start=\"451\" data-end=\"485\">Friday, November 28, at 8 p.m.<\/strong>, as part of the <strong data-start=\"502\" data-end=\"529\">Evening Stage \u201cRadovi\u0107\u201d <\/strong>\u00a0program, at <strong data-start=\"542\" data-end=\"576\">Little Theatre \u201cDu\u0161ko Radovi\u0107\u201d<\/strong> (Aberdareva 1).<\/p>\n<p data-start=\"594\" data-end=\"788\">Tickets are available at the theatre box office, as well as at all <strong data-start=\"661\" data-end=\"678\">Ticket Vision<\/strong> outlets and online, priced at <strong data-start=\"709\" data-end=\"721\">2000 RSD<\/strong>. On the day of the concert, the ticket price will be <strong data-start=\"775\" data-end=\"787\">2500 RSD<\/strong>.<\/p>\n<blockquote data-start=\"790\" data-end=\"1270\">\n<p data-start=\"792\" data-end=\"1270\">\u201cWith the support of the wonderful team at Little Theatre \u2018Du\u0161ko Radovi\u0107\u2019, whose plays I often attend, and in one of the dearest, most tender stages in Belgrade, we invite you to an intimate and warm evening. With the band in its broadest lineup, we\u2019ll perform new songs and old ones in a new light \u2014 revised, perhaps more mature, some rougher, some gentler. Maybe what matters most is that we offer each other a collective refuge as this year comes to an end,\u201d says Ana \u0106ur\u010din.<\/p>\n<\/blockquote>\n<p data-start=\"1272\" data-end=\"1681\">The album <em data-start=\"1282\" data-end=\"1293\">Sabiranje<\/em> was released in late April this year and brings together the song <em data-start=\"1360\" data-end=\"1364\">Tu<\/em> \u2014 for which Ana received the <strong data-start=\"1394\" data-end=\"1436\">Milan Mladenovi\u0107 Foundation Jury Award<\/strong> in 2021 for Best Song of the Year \u2014 the full EP <em data-start=\"1485\" data-end=\"1493\">Susret<\/em>, the single <em data-start=\"1506\" data-end=\"1514\">Brinem<\/em> (premiered at <em data-start=\"1529\" data-end=\"1555\">Pesma za Evroviziju 2025<\/em>), and three brand new songs.<br data-start=\"1584\" data-end=\"1587\" \/>The current single is <em data-start=\"1609\" data-end=\"1623\">Kao slu\u010dajno<\/em>, accompanied by a music video directed by <strong data-start=\"1666\" data-end=\"1680\">Emma Szabo<\/strong>.<\/p>\n<p data-start=\"1683\" data-end=\"2267\">On the stage of Little Theatre \u201cDu\u0161ko Radovi\u0107,\u201d audiences can expect a unique musical and visual journey through three albums, featuring the band\u2019s largest lineup so far: <strong data-start=\"1854\" data-end=\"1868\">Ana \u0106ur\u010din<\/strong> (vocals, guitar), <strong data-start=\"1887\" data-end=\"1904\">Goran Antovi\u0107<\/strong> (keyboards), <strong data-start=\"1918\" data-end=\"1936\">Ana Protulipac<\/strong> (bass, vocals), <strong data-start=\"1953\" data-end=\"1975\">Aleksa Milijanovi\u0107<\/strong> (drums), <strong data-start=\"1985\" data-end=\"2004\">Milena Jan\u010duri\u0107<\/strong> (flute), and <strong data-start=\"2018\" data-end=\"2034\">Jak\u0161a Bekri\u0107<\/strong> (guitar).<br data-start=\"2044\" data-end=\"2047\" \/>Special guests at the concert will be <strong data-start=\"2085\" data-end=\"2103\">Ana Protulipac<\/strong> and <strong data-start=\"2108\" data-end=\"2124\">Jak\u0161a Bekri\u0107<\/strong>, whose joint performances are known for their sensual interplay of voice, bass, and guitar \u2014 creating a true oasis of intimacy and tenderness.<\/p>\n<p data-start=\"2269\" data-end=\"2739\">Ana \u0106ur\u010din has released three studio albums so far \u2014 <em data-start=\"2322\" data-end=\"2345\">Sketches of Belonging<\/em> (2016), <em data-start=\"2354\" data-end=\"2367\">Differences<\/em> (2019), and <em data-start=\"2380\" data-end=\"2391\">Sabiranje<\/em> (the last two as Ana &amp; The Changes) \u2014 as well as the compilation of applied music <em data-start=\"2474\" data-end=\"2481\">Scene<\/em> (2020).<br data-start=\"2489\" data-end=\"2492\" \/>Together with <strong data-start=\"2506\" data-end=\"2522\">Marko Nasti\u0107<\/strong>, under the name <strong data-start=\"2539\" data-end=\"2550\">Amnasti<\/strong>, she released the album <em data-start=\"2575\" data-end=\"2595\">It Took Me So Long<\/em> (2024).<br data-start=\"2603\" data-end=\"2606\" \/>Ana performs solo, with her band, or in the trio <em data-start=\"2655\" data-end=\"2665\">Tri lepe<\/em> (\u201cThree Beauties\u201d), alongside <strong data-start=\"2696\" data-end=\"2714\">Ana Protulipac<\/strong> and <strong data-start=\"2719\" data-end=\"2738\">Milena Jan\u010duri\u0107<\/strong>.<\/p>\n<p data-start=\"2741\" data-end=\"3091\">This concert also marks the promotion of the <em data-start=\"2786\" data-end=\"2797\">Sabiranje<\/em> vinyl \u2014 an artistic creation in both sound and design.<br data-start=\"2852\" data-end=\"2855\" \/>The cover artwork was created by <strong data-start=\"2888\" data-end=\"2912\">Bratislav Milenkovi\u0107<\/strong>, photography by <strong data-start=\"2929\" data-end=\"2946\">Nina \u0110ur\u0111evi\u0107<\/strong>, and the cover painting (oil on canvas) by <strong data-start=\"2990\" data-end=\"3004\">Ena Jevti\u0107<\/strong>.<br data-start=\"3005\" data-end=\"3008\" \/>The album was produced by <strong data-start=\"3034\" data-end=\"3051\">Milan Bjelica<\/strong>, <strong data-start=\"3053\" data-end=\"3070\">Goran Antovi\u0107<\/strong>, and <strong data-start=\"3076\" data-end=\"3090\">Ana \u0106ur\u010din<\/strong>.<\/p>\n<p data-start=\"3093\" data-end=\"3152\"><strong data-start=\"3093\" data-end=\"3152\">Join us for an intimate evening \u2014 see you at \u201cRadovi\u0107\u201d!<\/strong><\/p>\n\t\t\t\t\t\t\t\t<\/div>\n\t\t\t\t<\/div>\n\t\t\t\t\t<\/div>\n\t\t\t\t<\/div>\n\t\t\t\t<\/div>\n\t\t","protected":false},"excerpt":{"rendered":"Ana &#038; The Changes on the Evening Stage \u201cRadovi\u0107\u201d Belgrade band Ana &amp; The Changes invites you to a concert marking the release of the vinyl edition of their album Sabiranje. The concert will take place on Friday, November 28, at 8 p.m., as part of the Evening Stage \u201cRadovi\u0107\u201d \u00a0program, at Little Theatre \u201cDu\u0161ko [&hellip;]","protected":false},"author":5,"featured_media":15806,"comment_status":"closed","ping_status":"open","sticky":false,"template":"elementor_header_footer","format":"standard","meta":{"_acf_changed":false,"ocean_front_end_style_editor":"no","ocean_post_layout":"","ocean_both_sidebars_style":"","ocean_both_sidebars_content_width":0,"ocean_both_sidebars_sidebars_width":0,"ocean_sidebar":"0","ocean_second_sidebar":"0","ocean_disable_margins":"enable","ocean_add_body_class":"","ocean_shortcode_before_top_bar":"","ocean_shortcode_after_top_bar":"","ocean_shortcode_before_header":"","ocean_shortcode_after_header":"","ocean_has_shortcode":"","ocean_shortcode_after_title":"","ocean_shortcode_before_footer_widgets":"","ocean_shortcode_after_footer_widgets":"","ocean_shortcode_before_footer_bottom":"","ocean_shortcode_after_footer_bottom":"","ocean_display_top_bar":"default","ocean_display_header":"default","ocean_header_style":"","ocean_center_header_left_menu":"0","ocean_custom_header_template":"0","ocean_custom_logo":0,"ocean_custom_retina_logo":0,"ocean_custom_logo_max_width":0,"ocean_custom_logo_tablet_max_width":0,"ocean_custom_logo_mobile_max_width":0,"ocean_custom_logo_max_height":0,"ocean_custom_logo_tablet_max_height":0,"ocean_custom_logo_mobile_max_height":0,"ocean_header_custom_menu":"0","ocean_menu_typo_font_family":"0","ocean_menu_typo_font_subset":"","ocean_menu_typo_font_size":0,"ocean_menu_typo_font_size_tablet":0,"ocean_menu_typo_font_size_mobile":0,"ocean_menu_typo_font_size_unit":"px","ocean_menu_typo_font_weight":"","ocean_menu_typo_font_weight_tablet":"","ocean_menu_typo_font_weight_mobile":"","ocean_menu_typo_transform":"","ocean_menu_typo_transform_tablet":"","ocean_menu_typo_transform_mobile":"","ocean_menu_typo_line_height":0,"ocean_menu_typo_line_height_tablet":0,"ocean_menu_typo_line_height_mobile":0,"ocean_menu_typo_line_height_unit":"","ocean_menu_typo_spacing":0,"ocean_menu_typo_spacing_tablet":0,"ocean_menu_typo_spacing_mobile":0,"ocean_menu_typo_spacing_unit":"","ocean_menu_link_color":"","ocean_menu_link_color_hover":"","ocean_menu_link_color_active":"","ocean_menu_link_background":"","ocean_menu_link_hover_background":"","ocean_menu_link_active_background":"","ocean_menu_social_links_bg":"","ocean_menu_social_hover_links_bg":"","ocean_menu_social_links_color":"","ocean_menu_social_hover_links_color":"","ocean_disable_title":"on","ocean_disable_heading":"default","ocean_post_title":"","ocean_post_subheading":"","ocean_post_title_style":"","ocean_post_title_background_color":"","ocean_post_title_background":0,"ocean_post_title_bg_image_position":"","ocean_post_title_bg_image_attachment":"","ocean_post_title_bg_image_repeat":"","ocean_post_title_bg_image_size":"","ocean_post_title_height":0,"ocean_post_title_bg_overlay":0.5,"ocean_post_title_bg_overlay_color":"","ocean_disable_breadcrumbs":"off","ocean_breadcrumbs_color":"","ocean_breadcrumbs_separator_color":"","ocean_breadcrumbs_links_color":"","ocean_breadcrumbs_links_hover_color":"","ocean_display_footer_widgets":"default","ocean_display_footer_bottom":"default","ocean_custom_footer_template":"0","ocean_post_oembed":"","ocean_post_self_hosted_media":"","ocean_post_video_embed":"","ocean_link_format":"","ocean_link_format_target":"self","ocean_quote_format":"","ocean_quote_format_link":"post","ocean_gallery_link_images":"on","ocean_gallery_id":[],"footnotes":""},"categories":[90],"tags":[],"class_list":["post-15817","post","type-post","status-publish","format-standard","has-post-thumbnail","hentry","category-uncategorized","entry","has-media"],"acf":[],"yoast_head":"<!-- This site is optimized with the Yoast SEO plugin v28.3 - https:\/\/yoast.com\/product\/yoast-seo-wordpress\/ -->\n<title>Ana &amp; The Changes on the Evening Stage \u201cRadovi\u0107\u201d - malopozoriste<\/title>\n<meta name=\"robots\" content=\"index, follow, max-snippet:-1, max-image-preview:large, max-video-preview:-1\" \/>\n<link rel=\"canonical\" href=\"https:\/\/malopozoriste.smashingpixel.net\/en\/ana-the-changes-on-the-evening-stage-radovic\/\" \/>\n<meta property=\"og:locale\" content=\"en_US\" \/>\n<meta property=\"og:type\" content=\"article\" \/>\n<meta property=\"og:title\" content=\"Ana &amp; The Changes on the Evening Stage \u201cRadovi\u0107\u201d - malopozoriste\" \/>\n<meta property=\"og:description\" content=\"Ana &#038; The Changes on the Evening Stage \u201cRadovi\u0107\u201d Belgrade band Ana &amp; The Changes invites you to a concert marking the release of the vinyl edition of their album Sabiranje. The concert will take place on Friday, November 28, at 8 p.m., as part of the Evening Stage \u201cRadovi\u0107\u201d \u00a0program, at Little Theatre \u201cDu\u0161ko [&hellip;]\" \/>\n<meta property=\"og:url\" content=\"https:\/\/malopozoriste.smashingpixel.net\/en\/ana-the-changes-on-the-evening-stage-radovic\/\" \/>\n<meta property=\"og:site_name\" content=\"malopozoriste\" \/>\n<meta property=\"article:publisher\" content=\"https:\/\/www.facebook.com\/malopozoriste1948#\" \/>\n<meta property=\"article:published_time\" content=\"2025-10-18T11:13:16+00:00\" \/>\n<meta property=\"article:modified_time\" content=\"2025-10-18T11:21:59+00:00\" \/>\n<meta property=\"og:image\" content=\"https:\/\/malopozoriste.smashingpixel.net\/wp-content\/uploads\/2025\/10\/Ana-The-Changes-Aleksandar-Alempijevic.jpg\" \/>\n\t<meta property=\"og:image:width\" content=\"1280\" \/>\n\t<meta property=\"og:image:height\" content=\"832\" \/>\n\t<meta property=\"og:image:type\" content=\"image\/jpeg\" \/>\n<meta name=\"author\" content=\"P0p4r7\" \/>\n<meta name=\"twitter:card\" content=\"summary_large_image\" \/>\n<meta name=\"twitter:label1\" content=\"Written by\" \/>\n\t<meta name=\"twitter:data1\" content=\"P0p4r7\" \/>\n\t<meta name=\"twitter:label2\" content=\"Est. reading time\" \/>\n\t<meta name=\"twitter:data2\" content=\"2 minutes\" \/>\n<script type=\"application\/ld+json\" class=\"yoast-schema-graph\">{\"@context\":\"https:\\\/\\\/schema.org\",\"@graph\":[{\"@type\":\"Article\",\"@id\":\"https:\\\/\\\/malopozoriste.smashingpixel.net\\\/en\\\/ana-the-changes-on-the-evening-stage-radovic\\\/#article\",\"isPartOf\":{\"@id\":\"https:\\\/\\\/malopozoriste.smashingpixel.net\\\/en\\\/ana-the-changes-on-the-evening-stage-radovic\\\/\"},\"author\":{\"name\":\"P0p4r7\",\"@id\":\"https:\\\/\\\/malopozoriste.smashingpixel.net\\\/#\\\/schema\\\/person\\\/a0e780274f587f25a77993e82d795701\"},\"headline\":\"Ana &#038; The Changes on the Evening Stage \u201cRadovi\u0107\u201d\",\"datePublished\":\"2025-10-18T11:13:16+00:00\",\"dateModified\":\"2025-10-18T11:21:59+00:00\",\"mainEntityOfPage\":{\"@id\":\"https:\\\/\\\/malopozoriste.smashingpixel.net\\\/en\\\/ana-the-changes-on-the-evening-stage-radovic\\\/\"},\"wordCount\":475,\"publisher\":{\"@id\":\"https:\\\/\\\/malopozoriste.smashingpixel.net\\\/#organization\"},\"image\":{\"@id\":\"https:\\\/\\\/malopozoriste.smashingpixel.net\\\/en\\\/ana-the-changes-on-the-evening-stage-radovic\\\/#primaryimage\"},\"thumbnailUrl\":\"https:\\\/\\\/malopozoriste.smashingpixel.net\\\/wp-content\\\/uploads\\\/2025\\\/10\\\/Ana-The-Changes-Aleksandar-Alempijevic.jpg\",\"inLanguage\":\"en-US\"},{\"@type\":\"WebPage\",\"@id\":\"https:\\\/\\\/malopozoriste.smashingpixel.net\\\/en\\\/ana-the-changes-on-the-evening-stage-radovic\\\/\",\"url\":\"https:\\\/\\\/malopozoriste.smashingpixel.net\\\/en\\\/ana-the-changes-on-the-evening-stage-radovic\\\/\",\"name\":\"Ana & The Changes on the Evening Stage \u201cRadovi\u0107\u201d - malopozoriste\",\"isPartOf\":{\"@id\":\"https:\\\/\\\/malopozoriste.smashingpixel.net\\\/#website\"},\"primaryImageOfPage\":{\"@id\":\"https:\\\/\\\/malopozoriste.smashingpixel.net\\\/en\\\/ana-the-changes-on-the-evening-stage-radovic\\\/#primaryimage\"},\"image\":{\"@id\":\"https:\\\/\\\/malopozoriste.smashingpixel.net\\\/en\\\/ana-the-changes-on-the-evening-stage-radovic\\\/#primaryimage\"},\"thumbnailUrl\":\"https:\\\/\\\/malopozoriste.smashingpixel.net\\\/wp-content\\\/uploads\\\/2025\\\/10\\\/Ana-The-Changes-Aleksandar-Alempijevic.jpg\",\"datePublished\":\"2025-10-18T11:13:16+00:00\",\"dateModified\":\"2025-10-18T11:21:59+00:00\",\"breadcrumb\":{\"@id\":\"https:\\\/\\\/malopozoriste.smashingpixel.net\\\/en\\\/ana-the-changes-on-the-evening-stage-radovic\\\/#breadcrumb\"},\"inLanguage\":\"en-US\",\"potentialAction\":[{\"@type\":\"ReadAction\",\"target\":[\"https:\\\/\\\/malopozoriste.smashingpixel.net\\\/en\\\/ana-the-changes-on-the-evening-stage-radovic\\\/\"]}]},{\"@type\":\"ImageObject\",\"inLanguage\":\"en-US\",\"@id\":\"https:\\\/\\\/malopozoriste.smashingpixel.net\\\/en\\\/ana-the-changes-on-the-evening-stage-radovic\\\/#primaryimage\",\"url\":\"https:\\\/\\\/malopozoriste.smashingpixel.net\\\/wp-content\\\/uploads\\\/2025\\\/10\\\/Ana-The-Changes-Aleksandar-Alempijevic.jpg\",\"contentUrl\":\"https:\\\/\\\/malopozoriste.smashingpixel.net\\\/wp-content\\\/uploads\\\/2025\\\/10\\\/Ana-The-Changes-Aleksandar-Alempijevic.jpg\",\"width\":1280,\"height\":832},{\"@type\":\"BreadcrumbList\",\"@id\":\"https:\\\/\\\/malopozoriste.smashingpixel.net\\\/en\\\/ana-the-changes-on-the-evening-stage-radovic\\\/#breadcrumb\",\"itemListElement\":[{\"@type\":\"ListItem\",\"position\":1,\"name\":\"\u041f\u043e\u0447\u0435\u0442\u043d\u0430\",\"item\":\"https:\\\/\\\/malopozoriste.smashingpixel.net\\\/en\\\/home\\\/\"},{\"@type\":\"ListItem\",\"position\":2,\"name\":\"Ana &#038; The Changes on the Evening Stage \u201cRadovi\u0107\u201d\"}]},{\"@type\":\"WebSite\",\"@id\":\"https:\\\/\\\/malopozoriste.smashingpixel.net\\\/#website\",\"url\":\"https:\\\/\\\/malopozoriste.smashingpixel.net\\\/\",\"name\":\"malopozoriste\",\"description\":\"\",\"publisher\":{\"@id\":\"https:\\\/\\\/malopozoriste.smashingpixel.net\\\/#organization\"},\"potentialAction\":[{\"@type\":\"SearchAction\",\"target\":{\"@type\":\"EntryPoint\",\"urlTemplate\":\"https:\\\/\\\/malopozoriste.smashingpixel.net\\\/?s={search_term_string}\"},\"query-input\":{\"@type\":\"PropertyValueSpecification\",\"valueRequired\":true,\"valueName\":\"search_term_string\"}}],\"inLanguage\":\"en-US\"},{\"@type\":\"Organization\",\"@id\":\"https:\\\/\\\/malopozoriste.smashingpixel.net\\\/#organization\",\"name\":\"\u041c\u0430\u043b\u043e \u043f\u043e\u0437\u043e\u0440\u0438\u0448\u0442\u0435 \u0414\u0443\u0448\u043a\u043e \u0420\u0430\u0434\u043e\u0432\u0438\u045b\",\"url\":\"https:\\\/\\\/malopozoriste.smashingpixel.net\\\/\",\"logo\":{\"@type\":\"ImageObject\",\"inLanguage\":\"en-US\",\"@id\":\"https:\\\/\\\/malopozoriste.smashingpixel.net\\\/#\\\/schema\\\/logo\\\/image\\\/\",\"url\":\"https:\\\/\\\/malopozoriste.smashingpixel.net\\\/wp-content\\\/uploads\\\/2024\\\/03\\\/malo_pozoriste_logo142x140.png\",\"contentUrl\":\"https:\\\/\\\/malopozoriste.smashingpixel.net\\\/wp-content\\\/uploads\\\/2024\\\/03\\\/malo_pozoriste_logo142x140.png\",\"width\":142,\"height\":140,\"caption\":\"\u041c\u0430\u043b\u043e \u043f\u043e\u0437\u043e\u0440\u0438\u0448\u0442\u0435 \u0414\u0443\u0448\u043a\u043e \u0420\u0430\u0434\u043e\u0432\u0438\u045b\"},\"image\":{\"@id\":\"https:\\\/\\\/malopozoriste.smashingpixel.net\\\/#\\\/schema\\\/logo\\\/image\\\/\"},\"sameAs\":[\"https:\\\/\\\/www.facebook.com\\\/malopozoriste1948#\"]},{\"@type\":\"Person\",\"@id\":\"https:\\\/\\\/malopozoriste.smashingpixel.net\\\/#\\\/schema\\\/person\\\/a0e780274f587f25a77993e82d795701\",\"name\":\"P0p4r7\",\"image\":{\"@type\":\"ImageObject\",\"inLanguage\":\"en-US\",\"@id\":\"https:\\\/\\\/secure.gravatar.com\\\/avatar\\\/3072a7becae851e6c69fcb1a91018459754a5f928756e72b9d22e7a452300b5e?s=96&d=mm&r=g\",\"url\":\"https:\\\/\\\/secure.gravatar.com\\\/avatar\\\/3072a7becae851e6c69fcb1a91018459754a5f928756e72b9d22e7a452300b5e?s=96&d=mm&r=g\",\"contentUrl\":\"https:\\\/\\\/secure.gravatar.com\\\/avatar\\\/3072a7becae851e6c69fcb1a91018459754a5f928756e72b9d22e7a452300b5e?s=96&d=mm&r=g\",\"caption\":\"P0p4r7\"},\"url\":\"https:\\\/\\\/malopozoriste.smashingpixel.net\\\/en\\\/author\\\/p0p4r7\\\/\"}]}<\/script>\n<!-- \/ Yoast SEO plugin. -->","yoast_head_json":{"title":"Ana & The Changes on the Evening Stage \u201cRadovi\u0107\u201d - malopozoriste","robots":{"index":"index","follow":"follow","max-snippet":"max-snippet:-1","max-image-preview":"max-image-preview:large","max-video-preview":"max-video-preview:-1"},"canonical":"https:\/\/malopozoriste.smashingpixel.net\/en\/ana-the-changes-on-the-evening-stage-radovic\/","og_locale":"en_US","og_type":"article","og_title":"Ana & The Changes on the Evening Stage \u201cRadovi\u0107\u201d - malopozoriste","og_description":"Ana &#038; The Changes on the Evening Stage \u201cRadovi\u0107\u201d Belgrade band Ana &amp; The Changes invites you to a concert marking the release of the vinyl edition of their album Sabiranje. The concert will take place on Friday, November 28, at 8 p.m., as part of the Evening Stage \u201cRadovi\u0107\u201d \u00a0program, at Little Theatre \u201cDu\u0161ko [&hellip;]","og_url":"https:\/\/malopozoriste.smashingpixel.net\/en\/ana-the-changes-on-the-evening-stage-radovic\/","og_site_name":"malopozoriste","article_publisher":"https:\/\/www.facebook.com\/malopozoriste1948#","article_published_time":"2025-10-18T11:13:16+00:00","article_modified_time":"2025-10-18T11:21:59+00:00","og_image":[{"width":1280,"height":832,"url":"https:\/\/malopozoriste.smashingpixel.net\/wp-content\/uploads\/2025\/10\/Ana-The-Changes-Aleksandar-Alempijevic.jpg","type":"image\/jpeg"}],"author":"P0p4r7","twitter_card":"summary_large_image","twitter_misc":{"Written by":"P0p4r7","Est. reading time":"2 minutes"},"schema":{"@context":"https:\/\/schema.org","@graph":[{"@type":"Article","@id":"https:\/\/malopozoriste.smashingpixel.net\/en\/ana-the-changes-on-the-evening-stage-radovic\/#article","isPartOf":{"@id":"https:\/\/malopozoriste.smashingpixel.net\/en\/ana-the-changes-on-the-evening-stage-radovic\/"},"author":{"name":"P0p4r7","@id":"https:\/\/malopozoriste.smashingpixel.net\/#\/schema\/person\/a0e780274f587f25a77993e82d795701"},"headline":"Ana &#038; The Changes on the Evening Stage \u201cRadovi\u0107\u201d","datePublished":"2025-10-18T11:13:16+00:00","dateModified":"2025-10-18T11:21:59+00:00","mainEntityOfPage":{"@id":"https:\/\/malopozoriste.smashingpixel.net\/en\/ana-the-changes-on-the-evening-stage-radovic\/"},"wordCount":475,"publisher":{"@id":"https:\/\/malopozoriste.smashingpixel.net\/#organization"},"image":{"@id":"https:\/\/malopozoriste.smashingpixel.net\/en\/ana-the-changes-on-the-evening-stage-radovic\/#primaryimage"},"thumbnailUrl":"https:\/\/malopozoriste.smashingpixel.net\/wp-content\/uploads\/2025\/10\/Ana-The-Changes-Aleksandar-Alempijevic.jpg","inLanguage":"en-US"},{"@type":"WebPage","@id":"https:\/\/malopozoriste.smashingpixel.net\/en\/ana-the-changes-on-the-evening-stage-radovic\/","url":"https:\/\/malopozoriste.smashingpixel.net\/en\/ana-the-changes-on-the-evening-stage-radovic\/","name":"Ana & The Changes on the Evening Stage \u201cRadovi\u0107\u201d - malopozoriste","isPartOf":{"@id":"https:\/\/malopozoriste.smashingpixel.net\/#website"},"primaryImageOfPage":{"@id":"https:\/\/malopozoriste.smashingpixel.net\/en\/ana-the-changes-on-the-evening-stage-radovic\/#primaryimage"},"image":{"@id":"https:\/\/malopozoriste.smashingpixel.net\/en\/ana-the-changes-on-the-evening-stage-radovic\/#primaryimage"},"thumbnailUrl":"https:\/\/malopozoriste.smashingpixel.net\/wp-content\/uploads\/2025\/10\/Ana-The-Changes-Aleksandar-Alempijevic.jpg","datePublished":"2025-10-18T11:13:16+00:00","dateModified":"2025-10-18T11:21:59+00:00","breadcrumb":{"@id":"https:\/\/malopozoriste.smashingpixel.net\/en\/ana-the-changes-on-the-evening-stage-radovic\/#breadcrumb"},"inLanguage":"en-US","potentialAction":[{"@type":"ReadAction","target":["https:\/\/malopozoriste.smashingpixel.net\/en\/ana-the-changes-on-the-evening-stage-radovic\/"]}]},{"@type":"ImageObject","inLanguage":"en-US","@id":"https:\/\/malopozoriste.smashingpixel.net\/en\/ana-the-changes-on-the-evening-stage-radovic\/#primaryimage","url":"https:\/\/malopozoriste.smashingpixel.net\/wp-content\/uploads\/2025\/10\/Ana-The-Changes-Aleksandar-Alempijevic.jpg","contentUrl":"https:\/\/malopozoriste.smashingpixel.net\/wp-content\/uploads\/2025\/10\/Ana-The-Changes-Aleksandar-Alempijevic.jpg","width":1280,"height":832},{"@type":"BreadcrumbList","@id":"https:\/\/malopozoriste.smashingpixel.net\/en\/ana-the-changes-on-the-evening-stage-radovic\/#breadcrumb","itemListElement":[{"@type":"ListItem","position":1,"name":"\u041f\u043e\u0447\u0435\u0442\u043d\u0430","item":"https:\/\/malopozoriste.smashingpixel.net\/en\/home\/"},{"@type":"ListItem","position":2,"name":"Ana &#038; The Changes on the Evening Stage \u201cRadovi\u0107\u201d"}]},{"@type":"WebSite","@id":"https:\/\/malopozoriste.smashingpixel.net\/#website","url":"https:\/\/malopozoriste.smashingpixel.net\/","name":"malopozoriste","description":"","publisher":{"@id":"https:\/\/malopozoriste.smashingpixel.net\/#organization"},"potentialAction":[{"@type":"SearchAction","target":{"@type":"EntryPoint","urlTemplate":"https:\/\/malopozoriste.smashingpixel.net\/?s={search_term_string}"},"query-input":{"@type":"PropertyValueSpecification","valueRequired":true,"valueName":"search_term_string"}}],"inLanguage":"en-US"},{"@type":"Organization","@id":"https:\/\/malopozoriste.smashingpixel.net\/#organization","name":"\u041c\u0430\u043b\u043e \u043f\u043e\u0437\u043e\u0440\u0438\u0448\u0442\u0435 \u0414\u0443\u0448\u043a\u043e \u0420\u0430\u0434\u043e\u0432\u0438\u045b","url":"https:\/\/malopozoriste.smashingpixel.net\/","logo":{"@type":"ImageObject","inLanguage":"en-US","@id":"https:\/\/malopozoriste.smashingpixel.net\/#\/schema\/logo\/image\/","url":"https:\/\/malopozoriste.smashingpixel.net\/wp-content\/uploads\/2024\/03\/malo_pozoriste_logo142x140.png","contentUrl":"https:\/\/malopozoriste.smashingpixel.net\/wp-content\/uploads\/2024\/03\/malo_pozoriste_logo142x140.png","width":142,"height":140,"caption":"\u041c\u0430\u043b\u043e \u043f\u043e\u0437\u043e\u0440\u0438\u0448\u0442\u0435 \u0414\u0443\u0448\u043a\u043e \u0420\u0430\u0434\u043e\u0432\u0438\u045b"},"image":{"@id":"https:\/\/malopozoriste.smashingpixel.net\/#\/schema\/logo\/image\/"},"sameAs":["https:\/\/www.facebook.com\/malopozoriste1948#"]},{"@type":"Person","@id":"https:\/\/malopozoriste.smashingpixel.net\/#\/schema\/person\/a0e780274f587f25a77993e82d795701","name":"P0p4r7","image":{"@type":"ImageObject","inLanguage":"en-US","@id":"https:\/\/secure.gravatar.com\/avatar\/3072a7becae851e6c69fcb1a91018459754a5f928756e72b9d22e7a452300b5e?s=96&d=mm&r=g","url":"https:\/\/secure.gravatar.com\/avatar\/3072a7becae851e6c69fcb1a91018459754a5f928756e72b9d22e7a452300b5e?s=96&d=mm&r=g","contentUrl":"https:\/\/secure.gravatar.com\/avatar\/3072a7becae851e6c69fcb1a91018459754a5f928756e72b9d22e7a452300b5e?s=96&d=mm&r=g","caption":"P0p4r7"},"url":"https:\/\/malopozoriste.smashingpixel.net\/en\/author\/p0p4r7\/"}]}},"_links":{"self":[{"href":"https:\/\/malopozoriste.smashingpixel.net\/en\/wp-json\/wp\/v2\/posts\/15817","targetHints":{"allow":["GET"]}}],"collection":[{"href":"https:\/\/malopozoriste.smashingpixel.net\/en\/wp-json\/wp\/v2\/posts"}],"about":[{"href":"https:\/\/malopozoriste.smashingpixel.net\/en\/wp-json\/wp\/v2\/types\/post"}],"author":[{"embeddable":true,"href":"https:\/\/malopozoriste.smashingpixel.net\/en\/wp-json\/wp\/v2\/users\/5"}],"replies":[{"embeddable":true,"href":"https:\/\/malopozoriste.smashingpixel.net\/en\/wp-json\/wp\/v2\/comments?post=15817"}],"version-history":[{"count":0,"href":"https:\/\/malopozoriste.smashingpixel.net\/en\/wp-json\/wp\/v2\/posts\/15817\/revisions"}],"wp:featuredmedia":[{"embeddable":true,"href":"https:\/\/malopozoriste.smashingpixel.net\/en\/wp-json\/wp\/v2\/media\/15806"}],"wp:attachment":[{"href":"https:\/\/malopozoriste.smashingpixel.net\/en\/wp-json\/wp\/v2\/media?parent=15817"}],"wp:term":[{"taxonomy":"category","embeddable":true,"href":"https:\/\/malopozoriste.smashingpixel.net\/en\/wp-json\/wp\/v2\/categories?post=15817"},{"taxonomy":"post_tag","embeddable":true,"href":"https:\/\/malopozoriste.smashingpixel.net\/en\/wp-json\/wp\/v2\/tags?post=15817"}],"curies":[{"name":"wp","href":"https:\/\/api.w.org\/{rel}","templated":true}]}}