{"id":10224,"date":"2024-12-19T18:03:29","date_gmt":"2024-12-19T18:03:29","guid":{"rendered":"https:\/\/malopozoriste.smashingpixel.net\/audicija-za-mlade-glumce-za-novu-produkciju-malog-pozorista-dusko-radovic-25-decembar-u-12-sati\/"},"modified":"2024-12-19T18:23:13","modified_gmt":"2024-12-19T18:23:13","slug":"audicija-za-mlade-glumce-za-novu-produkciju-malog-pozorista-dusko-radovic-25-decembar-u-12-sati","status":"publish","type":"post","link":"https:\/\/malopozoriste.smashingpixel.net\/sr-latn\/audicija-za-mlade-glumce-za-novu-produkciju-malog-pozorista-dusko-radovic-25-decembar-u-12-sati\/","title":{"rendered":"AUDICIJA ZA MLADE GLUMCE ZA NOVU PRODUKCIJU MALOG POZORI\u0160TA \u201eDU\u0160KO RADOVI\u0106\u201c \/ 25. decembar u 12 sati"},"content":{"rendered":"\t\t<div data-elementor-type=\"wp-post\" data-elementor-id=\"10224\" class=\"elementor elementor-10224 elementor-10186\" data-elementor-post-type=\"post\">\n\t\t\t\t<div class=\"elementor-element elementor-element-3c6d351 e-flex e-con-boxed e-con e-parent\" data-id=\"3c6d351\" data-element_type=\"container\" data-e-type=\"container\">\n\t\t\t\t\t<div class=\"e-con-inner\">\n\t\t\t\t<div class=\"elementor-element elementor-element-2692bfd elementor-widget elementor-widget-spacer\" data-id=\"2692bfd\" data-element_type=\"widget\" data-e-type=\"widget\" data-widget_type=\"spacer.default\">\n\t\t\t\t<div class=\"elementor-widget-container\">\n\t\t\t\t\t\t\t<div class=\"elementor-spacer\">\n\t\t\t<div class=\"elementor-spacer-inner\"><\/div>\n\t\t<\/div>\n\t\t\t\t\t\t<\/div>\n\t\t\t\t<\/div>\n\t\t\t\t\t<\/div>\n\t\t\t\t<\/div>\n\t\t<div class=\"elementor-element elementor-element-0936b22 e-flex e-con-boxed e-con e-parent\" data-id=\"0936b22\" data-element_type=\"container\" data-e-type=\"container\">\n\t\t\t\t\t<div class=\"e-con-inner\">\n\t\t\t\t<div class=\"elementor-element elementor-element-1b0116f elementor-widget elementor-widget-image\" data-id=\"1b0116f\" data-element_type=\"widget\" data-e-type=\"widget\" data-widget_type=\"image.default\">\n\t\t\t\t<div class=\"elementor-widget-container\">\n\t\t\t\t\t\t\t\t\t\t\t\t\t\t\t<img fetchpriority=\"high\" decoding=\"async\" width=\"1024\" height=\"442\" src=\"https:\/\/malopozoriste.smashingpixel.net\/wp-content\/uploads\/2024\/12\/Tesla-2-1024x442.jpg\" class=\"attachment-large size-large wp-image-10220\" alt=\"\" srcset=\"https:\/\/malopozoriste.smashingpixel.net\/wp-content\/uploads\/2024\/12\/Tesla-2-1024x442.jpg 1024w, https:\/\/malopozoriste.smashingpixel.net\/wp-content\/uploads\/2024\/12\/Tesla-2-300x129.jpg 300w, https:\/\/malopozoriste.smashingpixel.net\/wp-content\/uploads\/2024\/12\/Tesla-2-768x331.jpg 768w, https:\/\/malopozoriste.smashingpixel.net\/wp-content\/uploads\/2024\/12\/Tesla-2.jpg 1280w\" sizes=\"(max-width: 1024px) 100vw, 1024px\" \/>\t\t\t\t\t\t\t\t\t\t\t\t\t\t\t<\/div>\n\t\t\t\t<\/div>\n\t\t\t\t\t<\/div>\n\t\t\t\t<\/div>\n\t\t<div class=\"elementor-element elementor-element-ae3e8a2 e-flex e-con-boxed e-con e-parent\" data-id=\"ae3e8a2\" data-element_type=\"container\" data-e-type=\"container\">\n\t\t\t\t\t<div class=\"e-con-inner\">\n\t\t\t\t<div class=\"elementor-element elementor-element-b7abfbb elementor-widget elementor-widget-text-editor\" data-id=\"b7abfbb\" data-element_type=\"widget\" data-e-type=\"widget\" data-widget_type=\"text-editor.default\">\n\t\t\t\t<div class=\"elementor-widget-container\">\n\t\t\t\t\t\t\t\t\t<p>U sredu 25. decembra u 12 sati u Malom pozori\u0161tu \u201eDu\u0161ko Radovi\u0107\u201c, odr\u017ea\u0107e se audicija za mlade glumce i studente glume do 24 godina starosti, za ulogu mladog Tesle u novoj produkciji \u201eTesla\u201c. Po\u010detak rada na projektu je 15. januar, a premijera je planirana za 4. april.<\/p>\n<p>Svi zainteresovani kandidati mogu se prijaviti za u\u010de\u0161\u0107e na audiciji slanjem svoje biografije sa fotografijom i kontakt podacima na jelena@malopozoriste.smashingpixel.net. Za u\u010de\u0161\u0107e na audiciji potrebno je pripremiti jedan monolog po sopstvenom izboru iz savremene literature.<\/p>\n<p><strong>O projektu<\/strong><\/p>\n<p>Autorski projekat reditelja Ivana Baleti\u0107a i dramati\u010darke Mine Milo\u0161evi\u0107, namenjen deci predadolescentskog uzrasta kao i starijim tinejd\u017eerima 10-15 godina starosti. Ova predstava bavi\u0107e se likom i delom Nikole Tesle, jednog od najve\u0107ih simbola srpske nauke i velikih postignu\u0107a, ali i jednog od najve\u0107ih simbola srpskog obrazovanja.<\/p>\n<p>Polazna tema ti\u010de se autenti\u010dnosti njegove li\u010dnosti, koja se pokazuje i kao osnova za originalnost njegovih nau\u010dnih dela \u2013 Tesline \u010dudne navike, de\u010dji nesta\u0161luci, odricanja, avanture, rana bolna iskustva, putovanja, kopnena, prekomorska i moralna, odnos prema porodici, \u017eivotu, hrani, ljubavi, prijateljstvu&#8230;<\/p>\n<p>Poznata je \u010dinjenica da je Tesla u toku dana kratko spavao, ali manje je poznato o \u010demu je sanjao. Ova predstava namerava da posebno osvetli njegov unutra\u0161nji \u017eivot, njegova ma\u0161tanja, snove, vizije i privi\u0111enja. Predstavljen kao \u010dovek, kakav je i bio, sa svojim vrlinama, manama, strahovima, istra\u017eiva\u010dkim i de\u010djim duhom, posta\u0107e ne\u0161to vi\u0161e od mistifikovanog, nedosti\u017enog uzora iz ud\u017ebenika za fiziku i istoriju \u2013 posta\u0107e nam blizak.<\/p>\n<p>Ova predstava kao svoju strukturu uzima jedan od najve\u0107ih izuma Nikole Tesle \u2013 trofaznu struju, sistem triju naizmeni\u010dnih, sinusoidno promenljivih elektri\u010dnih struja koje su vremenski jedna prema drugoj fazno pomaknute. U ovoj predstavi prenosimo metaforu trofazne struje na razumevanje Teslinog \u017eivota. Tako se ova drama sastoji od tri faze Teslinog \u017eivota. Prvu fazu donosi Tesla Dete \u2013 de\u010dak i tinejd\u017eer koji znati\u017eeljno prou\u010dava svet oko sebe, pravi gre\u0161ke, eksperimente, \u0161koluje se i odlazi putevima nauke i Atlantskog okeana. Druga faza oli\u010dena je u Tesli Odraslom \u2013 starijem \u010diki sa brkovima i savetima za \u017eivot i nauku koji su proizi\u0161li iz njegovog u\u010denja u svojim de\u010da\u010dkim avanturama i gre\u0161kama. Tre\u0107a Teslina faza upravo je ona koja povezuje njegove druge dve, a to je Tesla Sanjar \u2013 on je bezvremen, on ne stari, on je neuhvatljiv, on je zrelost i pronicljivost u detetu i razigranost i otvorenost duha u odraslome \u2013 on je Tesla kada sanja, kada misli, kada ma\u0161ta, kada kreira. On je Teslin duh.<\/p>\n<p><strong>O autorima<\/strong><\/p>\n<p><strong>Ivan Baleti\u0107<\/strong>, profesionalan razvoj usmerio je na rad sa decom i mladima, kao i postavci pozori\u0161nih predstava u kojima se prevashodno koristi sredstva savremene tehnologije. Re\u017eirao predstave u pozori\u0161tima u Beogradu (Malo pozori\u0161te \u201eDu\u0161ko Radovi\u0107\u201c, Beogradsko dramsko pozori\u0161te, Pozori\u0161te Bo\u0161ko Buha, Pan teatar, nezavisne produkcije na otvorenom i u Domu omladine Beograda) i Nema\u010dkoj (Hildeshajm). Bavi se 2d i 3d animacijom, videom i multimedijalnim instalacijama koje su bile izlo\u017eene u okviru manifestacija \u201eNo\u0107 muzeja\u201c i \u201eSalon arhitekture\u201c. Autor je radionica za mlade u okviru vi\u0161egodi\u0161njih me\u0111unarodnih projekata (IETM mre\u017ea, projekat Shadow Pandemic). Autor dokumentarne predstave \u201eUtopija\u201c koja okuplja 15 mladih starosti od 12 do 16 godina.<\/p>\n<p>Reditelj predstave, Ivan Baleti\u0107, doktorand Vi\u0161emedijske umetnosti na Univerzitetu umetnosti i u svojim delima, me\u0111u kojima je i zajedni\u010dki projekat sa Minom Milo\u0161evi\u0107 \u2013 \u201eIbzenove aveti\u201c (Beogradsko dramsko pozori\u0161te, avgust 2023) usavr\u0161io je izra\u017eavanje pozori\u0161ta kroz kombinaciju izvo\u0111a\u010dkih umetnosti i digitalnih medija. Ova predstava tako\u0111e je predstavljala proces istra\u017eivanja lika i dela jednog velikog stvaraoca \u2013 Henrika Ibzena, kroz kriti\u010dku prizmu, ali i kroz poetiku njegovog rada. Istra\u017eivanje Tesle prirodan je nastavak ovog rediteljsko-dramatur\u0161kog tandema na temu mistifikacije i demistifikacije stvaralaca koji su kroz istoriju dobili status genija.<\/p>\n<p><strong>Mina Milo\u0161evi\u0107<\/strong> (1998, Po\u017earevac) je dramatur\u0161kinja, dramska spisateljica i teoreti\u010darka dramskih umetnosti. Diplomirala je dramaturgiju, a masterirala teoriju dramskih umetnosti i medija na Fakultetu dramskih umetnosti u Beogradu, gde je trenutno i na doktorskim studijama.<\/p>\n<p>Dramatur\u0161kinja je predstava Dr Auslander (Made for Germany) (BITEF festival, Jugoslovensko dramsko pozori\u0161te), Obra\u0107anje naciji (Atelje 212), Orlando (Narodno pozori\u0161te u Beogradu), Ibzenove aveti (Beogradsko dramsko pozori\u0161te), Negotiating Peace (Qendra Multimedia, Oda Theatre), Fedrina ljubav (Fakult dramskih umetnosti).<\/p>\n<p>Autorka je drama: Lizistrata (BITEF polifonija), Ibzenove aveti (Beogradsko dramsko pozori\u0161te), Sati (Fakultet umetnosti, Kosovska Mitrovica\/Zve\u010dan).<\/p>\n<p>Autorka je scenarija za grafi\u010dku novelu Feministi\u010dka utopija (Centar za \u017eenske studije), scenarija za dugometra\u017eni dokumentarni film Kako se kuvala studentska borba (DKSG), i za kratki film D\u017eimi plovi daleko (r. Tamara Bro\u0107i\u0107).<\/p>\n<p>Pi\u0161e pozori\u0161ne kritike za \u010dasopis Si Stejd\u017e (See Stage) i teorijske tekstove o pozori\u0161tu za \u010dasopise Scena i Teatron. Dobitnica je nagrade Profesor Bo\u0161ko Milin za svoj master rad o motivu \u017eenskog prijateljstva u savremenoj srpskoj drami.<\/p>\n<p>&nbsp;<\/p>\n<p>&nbsp;<\/p>\n\t\t\t\t\t\t\t\t<\/div>\n\t\t\t\t<\/div>\n\t\t\t\t\t<\/div>\n\t\t\t\t<\/div>\n\t\t<div class=\"elementor-element elementor-element-b54dd89 e-flex e-con-boxed e-con e-parent\" data-id=\"b54dd89\" data-element_type=\"container\" data-e-type=\"container\">\n\t\t\t\t\t<div class=\"e-con-inner\">\n\t\t\t\t\t<\/div>\n\t\t\t\t<\/div>\n\t\t\t\t<\/div>\n\t\t","protected":false},"excerpt":{"rendered":"U sredu 25. decembra u 12 sati u Malom pozori\u0161tu \u201eDu\u0161ko Radovi\u0107\u201c, odr\u017ea\u0107e se audicija za mlade glumce i studente glume do 24 godina starosti, za ulogu mladog Tesle u novoj produkciji \u201eTesla\u201c. Po\u010detak rada na projektu je 15. januar, a premijera je planirana za 4. april. Svi zainteresovani kandidati mogu se prijaviti za u\u010de\u0161\u0107e [&hellip;]","protected":false},"author":5,"featured_media":10200,"comment_status":"closed","ping_status":"open","sticky":false,"template":"elementor_header_footer","format":"standard","meta":{"_acf_changed":false,"ocean_front_end_style_editor":"no","ocean_post_layout":"","ocean_both_sidebars_style":"","ocean_both_sidebars_content_width":0,"ocean_both_sidebars_sidebars_width":0,"ocean_sidebar":"0","ocean_second_sidebar":"0","ocean_disable_margins":"enable","ocean_add_body_class":"","ocean_shortcode_before_top_bar":"","ocean_shortcode_after_top_bar":"","ocean_shortcode_before_header":"","ocean_shortcode_after_header":"","ocean_has_shortcode":"","ocean_shortcode_after_title":"","ocean_shortcode_before_footer_widgets":"","ocean_shortcode_after_footer_widgets":"","ocean_shortcode_before_footer_bottom":"","ocean_shortcode_after_footer_bottom":"","ocean_display_top_bar":"default","ocean_display_header":"default","ocean_header_style":"","ocean_center_header_left_menu":"0","ocean_custom_header_template":"0","ocean_custom_logo":0,"ocean_custom_retina_logo":0,"ocean_custom_logo_max_width":0,"ocean_custom_logo_tablet_max_width":0,"ocean_custom_logo_mobile_max_width":0,"ocean_custom_logo_max_height":0,"ocean_custom_logo_tablet_max_height":0,"ocean_custom_logo_mobile_max_height":0,"ocean_header_custom_menu":"0","ocean_menu_typo_font_family":"0","ocean_menu_typo_font_subset":"","ocean_menu_typo_font_size":0,"ocean_menu_typo_font_size_tablet":0,"ocean_menu_typo_font_size_mobile":0,"ocean_menu_typo_font_size_unit":"px","ocean_menu_typo_font_weight":"","ocean_menu_typo_font_weight_tablet":"","ocean_menu_typo_font_weight_mobile":"","ocean_menu_typo_transform":"","ocean_menu_typo_transform_tablet":"","ocean_menu_typo_transform_mobile":"","ocean_menu_typo_line_height":0,"ocean_menu_typo_line_height_tablet":0,"ocean_menu_typo_line_height_mobile":0,"ocean_menu_typo_line_height_unit":"","ocean_menu_typo_spacing":0,"ocean_menu_typo_spacing_tablet":0,"ocean_menu_typo_spacing_mobile":0,"ocean_menu_typo_spacing_unit":"","ocean_menu_link_color":"","ocean_menu_link_color_hover":"","ocean_menu_link_color_active":"","ocean_menu_link_background":"","ocean_menu_link_hover_background":"","ocean_menu_link_active_background":"","ocean_menu_social_links_bg":"","ocean_menu_social_hover_links_bg":"","ocean_menu_social_links_color":"","ocean_menu_social_hover_links_color":"","ocean_disable_title":"on","ocean_disable_heading":"default","ocean_post_title":"","ocean_post_subheading":"","ocean_post_title_style":"","ocean_post_title_background_color":"","ocean_post_title_background":0,"ocean_post_title_bg_image_position":"","ocean_post_title_bg_image_attachment":"","ocean_post_title_bg_image_repeat":"","ocean_post_title_bg_image_size":"","ocean_post_title_height":0,"ocean_post_title_bg_overlay":0.5,"ocean_post_title_bg_overlay_color":"","ocean_disable_breadcrumbs":"off","ocean_breadcrumbs_color":"","ocean_breadcrumbs_separator_color":"","ocean_breadcrumbs_links_color":"","ocean_breadcrumbs_links_hover_color":"","ocean_display_footer_widgets":"default","ocean_display_footer_bottom":"default","ocean_custom_footer_template":"0","ocean_post_oembed":"","ocean_post_self_hosted_media":"","ocean_post_video_embed":"","ocean_link_format":"","ocean_link_format_target":"self","ocean_quote_format":"","ocean_quote_format_link":"post","ocean_gallery_link_images":"on","ocean_gallery_id":[],"footnotes":""},"categories":[89],"tags":[],"class_list":["post-10224","post","type-post","status-publish","format-standard","has-post-thumbnail","hentry","category-uncategorized-sr-latn","entry","has-media"],"acf":[],"yoast_head":"<!-- This site is optimized with the Yoast SEO plugin v28.3 - https:\/\/yoast.com\/product\/yoast-seo-wordpress\/ -->\n<title>AUDICIJA ZA MLADE GLUMCE ZA NOVU PRODUKCIJU MALOG POZORI\u0160TA \u201eDU\u0160KO RADOVI\u0106\u201c \/ 25. decembar u 12 sati - malopozoriste<\/title>\n<meta name=\"robots\" content=\"index, follow, max-snippet:-1, max-image-preview:large, max-video-preview:-1\" \/>\n<link rel=\"canonical\" href=\"https:\/\/malopozoriste.smashingpixel.net\/sr-latn\/audicija-za-mlade-glumce-za-novu-produkciju-malog-pozorista-dusko-radovic-25-decembar-u-12-sati\/\" \/>\n<meta property=\"og:locale\" content=\"en_US\" \/>\n<meta property=\"og:type\" content=\"article\" \/>\n<meta property=\"og:title\" content=\"AUDICIJA ZA MLADE GLUMCE ZA NOVU PRODUKCIJU MALOG POZORI\u0160TA \u201eDU\u0160KO RADOVI\u0106\u201c \/ 25. decembar u 12 sati - malopozoriste\" \/>\n<meta property=\"og:description\" content=\"U sredu 25. decembra u 12 sati u Malom pozori\u0161tu \u201eDu\u0161ko Radovi\u0107\u201c, odr\u017ea\u0107e se audicija za mlade glumce i studente glume do 24 godina starosti, za ulogu mladog Tesle u novoj produkciji \u201eTesla\u201c. Po\u010detak rada na projektu je 15. januar, a premijera je planirana za 4. april. Svi zainteresovani kandidati mogu se prijaviti za u\u010de\u0161\u0107e [&hellip;]\" \/>\n<meta property=\"og:url\" content=\"https:\/\/malopozoriste.smashingpixel.net\/sr-latn\/audicija-za-mlade-glumce-za-novu-produkciju-malog-pozorista-dusko-radovic-25-decembar-u-12-sati\/\" \/>\n<meta property=\"og:site_name\" content=\"malopozoriste\" \/>\n<meta property=\"article:publisher\" content=\"https:\/\/www.facebook.com\/malopozoriste1948#\" \/>\n<meta property=\"article:published_time\" content=\"2024-12-19T18:03:29+00:00\" \/>\n<meta property=\"article:modified_time\" content=\"2024-12-19T18:23:13+00:00\" \/>\n<meta property=\"og:image\" content=\"https:\/\/malopozoriste.smashingpixel.net\/wp-content\/uploads\/2024\/12\/Tesla.jpg\" \/>\n\t<meta property=\"og:image:width\" content=\"600\" \/>\n\t<meta property=\"og:image:height\" content=\"600\" \/>\n\t<meta property=\"og:image:type\" content=\"image\/jpeg\" \/>\n<meta name=\"author\" content=\"P0p4r7\" \/>\n<meta name=\"twitter:card\" content=\"summary_large_image\" \/>\n<meta name=\"twitter:label1\" content=\"Written by\" \/>\n\t<meta name=\"twitter:data1\" content=\"P0p4r7\" \/>\n\t<meta name=\"twitter:label2\" content=\"Est. reading time\" \/>\n\t<meta name=\"twitter:data2\" content=\"4 minutes\" \/>\n<script type=\"application\/ld+json\" class=\"yoast-schema-graph\">{\"@context\":\"https:\\\/\\\/schema.org\",\"@graph\":[{\"@type\":\"Article\",\"@id\":\"https:\\\/\\\/malopozoriste.smashingpixel.net\\\/sr-latn\\\/audicija-za-mlade-glumce-za-novu-produkciju-malog-pozorista-dusko-radovic-25-decembar-u-12-sati\\\/#article\",\"isPartOf\":{\"@id\":\"https:\\\/\\\/malopozoriste.smashingpixel.net\\\/sr-latn\\\/audicija-za-mlade-glumce-za-novu-produkciju-malog-pozorista-dusko-radovic-25-decembar-u-12-sati\\\/\"},\"author\":{\"name\":\"P0p4r7\",\"@id\":\"https:\\\/\\\/malopozoriste.smashingpixel.net\\\/#\\\/schema\\\/person\\\/a0e780274f587f25a77993e82d795701\"},\"headline\":\"AUDICIJA ZA MLADE GLUMCE ZA NOVU PRODUKCIJU MALOG POZORI\u0160TA \u201eDU\u0160KO RADOVI\u0106\u201c \\\/ 25. decembar u 12 sati\",\"datePublished\":\"2024-12-19T18:03:29+00:00\",\"dateModified\":\"2024-12-19T18:23:13+00:00\",\"mainEntityOfPage\":{\"@id\":\"https:\\\/\\\/malopozoriste.smashingpixel.net\\\/sr-latn\\\/audicija-za-mlade-glumce-za-novu-produkciju-malog-pozorista-dusko-radovic-25-decembar-u-12-sati\\\/\"},\"wordCount\":859,\"publisher\":{\"@id\":\"https:\\\/\\\/malopozoriste.smashingpixel.net\\\/#organization\"},\"image\":{\"@id\":\"https:\\\/\\\/malopozoriste.smashingpixel.net\\\/sr-latn\\\/audicija-za-mlade-glumce-za-novu-produkciju-malog-pozorista-dusko-radovic-25-decembar-u-12-sati\\\/#primaryimage\"},\"thumbnailUrl\":\"https:\\\/\\\/malopozoriste.smashingpixel.net\\\/wp-content\\\/uploads\\\/2024\\\/12\\\/Tesla.jpg\",\"articleSection\":[\"Uncategorized @sr-latn\"],\"inLanguage\":\"sr-latn\"},{\"@type\":\"WebPage\",\"@id\":\"https:\\\/\\\/malopozoriste.smashingpixel.net\\\/sr-latn\\\/audicija-za-mlade-glumce-za-novu-produkciju-malog-pozorista-dusko-radovic-25-decembar-u-12-sati\\\/\",\"url\":\"https:\\\/\\\/malopozoriste.smashingpixel.net\\\/sr-latn\\\/audicija-za-mlade-glumce-za-novu-produkciju-malog-pozorista-dusko-radovic-25-decembar-u-12-sati\\\/\",\"name\":\"AUDICIJA ZA MLADE GLUMCE ZA NOVU PRODUKCIJU MALOG POZORI\u0160TA \u201eDU\u0160KO RADOVI\u0106\u201c \\\/ 25. decembar u 12 sati - malopozoriste\",\"isPartOf\":{\"@id\":\"https:\\\/\\\/malopozoriste.smashingpixel.net\\\/#website\"},\"primaryImageOfPage\":{\"@id\":\"https:\\\/\\\/malopozoriste.smashingpixel.net\\\/sr-latn\\\/audicija-za-mlade-glumce-za-novu-produkciju-malog-pozorista-dusko-radovic-25-decembar-u-12-sati\\\/#primaryimage\"},\"image\":{\"@id\":\"https:\\\/\\\/malopozoriste.smashingpixel.net\\\/sr-latn\\\/audicija-za-mlade-glumce-za-novu-produkciju-malog-pozorista-dusko-radovic-25-decembar-u-12-sati\\\/#primaryimage\"},\"thumbnailUrl\":\"https:\\\/\\\/malopozoriste.smashingpixel.net\\\/wp-content\\\/uploads\\\/2024\\\/12\\\/Tesla.jpg\",\"datePublished\":\"2024-12-19T18:03:29+00:00\",\"dateModified\":\"2024-12-19T18:23:13+00:00\",\"breadcrumb\":{\"@id\":\"https:\\\/\\\/malopozoriste.smashingpixel.net\\\/sr-latn\\\/audicija-za-mlade-glumce-za-novu-produkciju-malog-pozorista-dusko-radovic-25-decembar-u-12-sati\\\/#breadcrumb\"},\"inLanguage\":\"sr-latn\",\"potentialAction\":[{\"@type\":\"ReadAction\",\"target\":[\"https:\\\/\\\/malopozoriste.smashingpixel.net\\\/sr-latn\\\/audicija-za-mlade-glumce-za-novu-produkciju-malog-pozorista-dusko-radovic-25-decembar-u-12-sati\\\/\"]}]},{\"@type\":\"ImageObject\",\"inLanguage\":\"sr-latn\",\"@id\":\"https:\\\/\\\/malopozoriste.smashingpixel.net\\\/sr-latn\\\/audicija-za-mlade-glumce-za-novu-produkciju-malog-pozorista-dusko-radovic-25-decembar-u-12-sati\\\/#primaryimage\",\"url\":\"https:\\\/\\\/malopozoriste.smashingpixel.net\\\/wp-content\\\/uploads\\\/2024\\\/12\\\/Tesla.jpg\",\"contentUrl\":\"https:\\\/\\\/malopozoriste.smashingpixel.net\\\/wp-content\\\/uploads\\\/2024\\\/12\\\/Tesla.jpg\",\"width\":600,\"height\":600},{\"@type\":\"BreadcrumbList\",\"@id\":\"https:\\\/\\\/malopozoriste.smashingpixel.net\\\/sr-latn\\\/audicija-za-mlade-glumce-za-novu-produkciju-malog-pozorista-dusko-radovic-25-decembar-u-12-sati\\\/#breadcrumb\",\"itemListElement\":[{\"@type\":\"ListItem\",\"position\":1,\"name\":\"\u041f\u043e\u0447\u0435\u0442\u043d\u0430\",\"item\":\"https:\\\/\\\/malopozoriste.smashingpixel.net\\\/sr-latn\\\/home\\\/\"},{\"@type\":\"ListItem\",\"position\":2,\"name\":\"AUDICIJA ZA MLADE GLUMCE ZA NOVU PRODUKCIJU MALOG POZORI\u0160TA \u201eDU\u0160KO RADOVI\u0106\u201c \\\/ 25. decembar u 12 sati\"}]},{\"@type\":\"WebSite\",\"@id\":\"https:\\\/\\\/malopozoriste.smashingpixel.net\\\/#website\",\"url\":\"https:\\\/\\\/malopozoriste.smashingpixel.net\\\/\",\"name\":\"malopozoriste\",\"description\":\"\",\"publisher\":{\"@id\":\"https:\\\/\\\/malopozoriste.smashingpixel.net\\\/#organization\"},\"potentialAction\":[{\"@type\":\"SearchAction\",\"target\":{\"@type\":\"EntryPoint\",\"urlTemplate\":\"https:\\\/\\\/malopozoriste.smashingpixel.net\\\/?s={search_term_string}\"},\"query-input\":{\"@type\":\"PropertyValueSpecification\",\"valueRequired\":true,\"valueName\":\"search_term_string\"}}],\"inLanguage\":\"sr-latn\"},{\"@type\":\"Organization\",\"@id\":\"https:\\\/\\\/malopozoriste.smashingpixel.net\\\/#organization\",\"name\":\"\u041c\u0430\u043b\u043e \u043f\u043e\u0437\u043e\u0440\u0438\u0448\u0442\u0435 \u0414\u0443\u0448\u043a\u043e \u0420\u0430\u0434\u043e\u0432\u0438\u045b\",\"url\":\"https:\\\/\\\/malopozoriste.smashingpixel.net\\\/\",\"logo\":{\"@type\":\"ImageObject\",\"inLanguage\":\"sr-latn\",\"@id\":\"https:\\\/\\\/malopozoriste.smashingpixel.net\\\/#\\\/schema\\\/logo\\\/image\\\/\",\"url\":\"https:\\\/\\\/malopozoriste.smashingpixel.net\\\/wp-content\\\/uploads\\\/2024\\\/03\\\/malo_pozoriste_logo142x140.png\",\"contentUrl\":\"https:\\\/\\\/malopozoriste.smashingpixel.net\\\/wp-content\\\/uploads\\\/2024\\\/03\\\/malo_pozoriste_logo142x140.png\",\"width\":142,\"height\":140,\"caption\":\"\u041c\u0430\u043b\u043e \u043f\u043e\u0437\u043e\u0440\u0438\u0448\u0442\u0435 \u0414\u0443\u0448\u043a\u043e \u0420\u0430\u0434\u043e\u0432\u0438\u045b\"},\"image\":{\"@id\":\"https:\\\/\\\/malopozoriste.smashingpixel.net\\\/#\\\/schema\\\/logo\\\/image\\\/\"},\"sameAs\":[\"https:\\\/\\\/www.facebook.com\\\/malopozoriste1948#\"]},{\"@type\":\"Person\",\"@id\":\"https:\\\/\\\/malopozoriste.smashingpixel.net\\\/#\\\/schema\\\/person\\\/a0e780274f587f25a77993e82d795701\",\"name\":\"P0p4r7\",\"image\":{\"@type\":\"ImageObject\",\"inLanguage\":\"sr-latn\",\"@id\":\"https:\\\/\\\/secure.gravatar.com\\\/avatar\\\/3072a7becae851e6c69fcb1a91018459754a5f928756e72b9d22e7a452300b5e?s=96&d=mm&r=g\",\"url\":\"https:\\\/\\\/secure.gravatar.com\\\/avatar\\\/3072a7becae851e6c69fcb1a91018459754a5f928756e72b9d22e7a452300b5e?s=96&d=mm&r=g\",\"contentUrl\":\"https:\\\/\\\/secure.gravatar.com\\\/avatar\\\/3072a7becae851e6c69fcb1a91018459754a5f928756e72b9d22e7a452300b5e?s=96&d=mm&r=g\",\"caption\":\"P0p4r7\"},\"url\":\"https:\\\/\\\/malopozoriste.smashingpixel.net\\\/sr-latn\\\/author\\\/p0p4r7\\\/\"}]}<\/script>\n<!-- \/ Yoast SEO plugin. -->","yoast_head_json":{"title":"AUDICIJA ZA MLADE GLUMCE ZA NOVU PRODUKCIJU MALOG POZORI\u0160TA \u201eDU\u0160KO RADOVI\u0106\u201c \/ 25. decembar u 12 sati - malopozoriste","robots":{"index":"index","follow":"follow","max-snippet":"max-snippet:-1","max-image-preview":"max-image-preview:large","max-video-preview":"max-video-preview:-1"},"canonical":"https:\/\/malopozoriste.smashingpixel.net\/sr-latn\/audicija-za-mlade-glumce-za-novu-produkciju-malog-pozorista-dusko-radovic-25-decembar-u-12-sati\/","og_locale":"en_US","og_type":"article","og_title":"AUDICIJA ZA MLADE GLUMCE ZA NOVU PRODUKCIJU MALOG POZORI\u0160TA \u201eDU\u0160KO RADOVI\u0106\u201c \/ 25. decembar u 12 sati - malopozoriste","og_description":"U sredu 25. decembra u 12 sati u Malom pozori\u0161tu \u201eDu\u0161ko Radovi\u0107\u201c, odr\u017ea\u0107e se audicija za mlade glumce i studente glume do 24 godina starosti, za ulogu mladog Tesle u novoj produkciji \u201eTesla\u201c. Po\u010detak rada na projektu je 15. januar, a premijera je planirana za 4. april. Svi zainteresovani kandidati mogu se prijaviti za u\u010de\u0161\u0107e [&hellip;]","og_url":"https:\/\/malopozoriste.smashingpixel.net\/sr-latn\/audicija-za-mlade-glumce-za-novu-produkciju-malog-pozorista-dusko-radovic-25-decembar-u-12-sati\/","og_site_name":"malopozoriste","article_publisher":"https:\/\/www.facebook.com\/malopozoriste1948#","article_published_time":"2024-12-19T18:03:29+00:00","article_modified_time":"2024-12-19T18:23:13+00:00","og_image":[{"width":600,"height":600,"url":"https:\/\/malopozoriste.smashingpixel.net\/wp-content\/uploads\/2024\/12\/Tesla.jpg","type":"image\/jpeg"}],"author":"P0p4r7","twitter_card":"summary_large_image","twitter_misc":{"Written by":"P0p4r7","Est. reading time":"4 minutes"},"schema":{"@context":"https:\/\/schema.org","@graph":[{"@type":"Article","@id":"https:\/\/malopozoriste.smashingpixel.net\/sr-latn\/audicija-za-mlade-glumce-za-novu-produkciju-malog-pozorista-dusko-radovic-25-decembar-u-12-sati\/#article","isPartOf":{"@id":"https:\/\/malopozoriste.smashingpixel.net\/sr-latn\/audicija-za-mlade-glumce-za-novu-produkciju-malog-pozorista-dusko-radovic-25-decembar-u-12-sati\/"},"author":{"name":"P0p4r7","@id":"https:\/\/malopozoriste.smashingpixel.net\/#\/schema\/person\/a0e780274f587f25a77993e82d795701"},"headline":"AUDICIJA ZA MLADE GLUMCE ZA NOVU PRODUKCIJU MALOG POZORI\u0160TA \u201eDU\u0160KO RADOVI\u0106\u201c \/ 25. decembar u 12 sati","datePublished":"2024-12-19T18:03:29+00:00","dateModified":"2024-12-19T18:23:13+00:00","mainEntityOfPage":{"@id":"https:\/\/malopozoriste.smashingpixel.net\/sr-latn\/audicija-za-mlade-glumce-za-novu-produkciju-malog-pozorista-dusko-radovic-25-decembar-u-12-sati\/"},"wordCount":859,"publisher":{"@id":"https:\/\/malopozoriste.smashingpixel.net\/#organization"},"image":{"@id":"https:\/\/malopozoriste.smashingpixel.net\/sr-latn\/audicija-za-mlade-glumce-za-novu-produkciju-malog-pozorista-dusko-radovic-25-decembar-u-12-sati\/#primaryimage"},"thumbnailUrl":"https:\/\/malopozoriste.smashingpixel.net\/wp-content\/uploads\/2024\/12\/Tesla.jpg","articleSection":["Uncategorized @sr-latn"],"inLanguage":"sr-latn"},{"@type":"WebPage","@id":"https:\/\/malopozoriste.smashingpixel.net\/sr-latn\/audicija-za-mlade-glumce-za-novu-produkciju-malog-pozorista-dusko-radovic-25-decembar-u-12-sati\/","url":"https:\/\/malopozoriste.smashingpixel.net\/sr-latn\/audicija-za-mlade-glumce-za-novu-produkciju-malog-pozorista-dusko-radovic-25-decembar-u-12-sati\/","name":"AUDICIJA ZA MLADE GLUMCE ZA NOVU PRODUKCIJU MALOG POZORI\u0160TA \u201eDU\u0160KO RADOVI\u0106\u201c \/ 25. decembar u 12 sati - malopozoriste","isPartOf":{"@id":"https:\/\/malopozoriste.smashingpixel.net\/#website"},"primaryImageOfPage":{"@id":"https:\/\/malopozoriste.smashingpixel.net\/sr-latn\/audicija-za-mlade-glumce-za-novu-produkciju-malog-pozorista-dusko-radovic-25-decembar-u-12-sati\/#primaryimage"},"image":{"@id":"https:\/\/malopozoriste.smashingpixel.net\/sr-latn\/audicija-za-mlade-glumce-za-novu-produkciju-malog-pozorista-dusko-radovic-25-decembar-u-12-sati\/#primaryimage"},"thumbnailUrl":"https:\/\/malopozoriste.smashingpixel.net\/wp-content\/uploads\/2024\/12\/Tesla.jpg","datePublished":"2024-12-19T18:03:29+00:00","dateModified":"2024-12-19T18:23:13+00:00","breadcrumb":{"@id":"https:\/\/malopozoriste.smashingpixel.net\/sr-latn\/audicija-za-mlade-glumce-za-novu-produkciju-malog-pozorista-dusko-radovic-25-decembar-u-12-sati\/#breadcrumb"},"inLanguage":"sr-latn","potentialAction":[{"@type":"ReadAction","target":["https:\/\/malopozoriste.smashingpixel.net\/sr-latn\/audicija-za-mlade-glumce-za-novu-produkciju-malog-pozorista-dusko-radovic-25-decembar-u-12-sati\/"]}]},{"@type":"ImageObject","inLanguage":"sr-latn","@id":"https:\/\/malopozoriste.smashingpixel.net\/sr-latn\/audicija-za-mlade-glumce-za-novu-produkciju-malog-pozorista-dusko-radovic-25-decembar-u-12-sati\/#primaryimage","url":"https:\/\/malopozoriste.smashingpixel.net\/wp-content\/uploads\/2024\/12\/Tesla.jpg","contentUrl":"https:\/\/malopozoriste.smashingpixel.net\/wp-content\/uploads\/2024\/12\/Tesla.jpg","width":600,"height":600},{"@type":"BreadcrumbList","@id":"https:\/\/malopozoriste.smashingpixel.net\/sr-latn\/audicija-za-mlade-glumce-za-novu-produkciju-malog-pozorista-dusko-radovic-25-decembar-u-12-sati\/#breadcrumb","itemListElement":[{"@type":"ListItem","position":1,"name":"\u041f\u043e\u0447\u0435\u0442\u043d\u0430","item":"https:\/\/malopozoriste.smashingpixel.net\/sr-latn\/home\/"},{"@type":"ListItem","position":2,"name":"AUDICIJA ZA MLADE GLUMCE ZA NOVU PRODUKCIJU MALOG POZORI\u0160TA \u201eDU\u0160KO RADOVI\u0106\u201c \/ 25. decembar u 12 sati"}]},{"@type":"WebSite","@id":"https:\/\/malopozoriste.smashingpixel.net\/#website","url":"https:\/\/malopozoriste.smashingpixel.net\/","name":"malopozoriste","description":"","publisher":{"@id":"https:\/\/malopozoriste.smashingpixel.net\/#organization"},"potentialAction":[{"@type":"SearchAction","target":{"@type":"EntryPoint","urlTemplate":"https:\/\/malopozoriste.smashingpixel.net\/?s={search_term_string}"},"query-input":{"@type":"PropertyValueSpecification","valueRequired":true,"valueName":"search_term_string"}}],"inLanguage":"sr-latn"},{"@type":"Organization","@id":"https:\/\/malopozoriste.smashingpixel.net\/#organization","name":"\u041c\u0430\u043b\u043e \u043f\u043e\u0437\u043e\u0440\u0438\u0448\u0442\u0435 \u0414\u0443\u0448\u043a\u043e \u0420\u0430\u0434\u043e\u0432\u0438\u045b","url":"https:\/\/malopozoriste.smashingpixel.net\/","logo":{"@type":"ImageObject","inLanguage":"sr-latn","@id":"https:\/\/malopozoriste.smashingpixel.net\/#\/schema\/logo\/image\/","url":"https:\/\/malopozoriste.smashingpixel.net\/wp-content\/uploads\/2024\/03\/malo_pozoriste_logo142x140.png","contentUrl":"https:\/\/malopozoriste.smashingpixel.net\/wp-content\/uploads\/2024\/03\/malo_pozoriste_logo142x140.png","width":142,"height":140,"caption":"\u041c\u0430\u043b\u043e \u043f\u043e\u0437\u043e\u0440\u0438\u0448\u0442\u0435 \u0414\u0443\u0448\u043a\u043e \u0420\u0430\u0434\u043e\u0432\u0438\u045b"},"image":{"@id":"https:\/\/malopozoriste.smashingpixel.net\/#\/schema\/logo\/image\/"},"sameAs":["https:\/\/www.facebook.com\/malopozoriste1948#"]},{"@type":"Person","@id":"https:\/\/malopozoriste.smashingpixel.net\/#\/schema\/person\/a0e780274f587f25a77993e82d795701","name":"P0p4r7","image":{"@type":"ImageObject","inLanguage":"sr-latn","@id":"https:\/\/secure.gravatar.com\/avatar\/3072a7becae851e6c69fcb1a91018459754a5f928756e72b9d22e7a452300b5e?s=96&d=mm&r=g","url":"https:\/\/secure.gravatar.com\/avatar\/3072a7becae851e6c69fcb1a91018459754a5f928756e72b9d22e7a452300b5e?s=96&d=mm&r=g","contentUrl":"https:\/\/secure.gravatar.com\/avatar\/3072a7becae851e6c69fcb1a91018459754a5f928756e72b9d22e7a452300b5e?s=96&d=mm&r=g","caption":"P0p4r7"},"url":"https:\/\/malopozoriste.smashingpixel.net\/sr-latn\/author\/p0p4r7\/"}]}},"_links":{"self":[{"href":"https:\/\/malopozoriste.smashingpixel.net\/sr-latn\/wp-json\/wp\/v2\/posts\/10224","targetHints":{"allow":["GET"]}}],"collection":[{"href":"https:\/\/malopozoriste.smashingpixel.net\/sr-latn\/wp-json\/wp\/v2\/posts"}],"about":[{"href":"https:\/\/malopozoriste.smashingpixel.net\/sr-latn\/wp-json\/wp\/v2\/types\/post"}],"author":[{"embeddable":true,"href":"https:\/\/malopozoriste.smashingpixel.net\/sr-latn\/wp-json\/wp\/v2\/users\/5"}],"replies":[{"embeddable":true,"href":"https:\/\/malopozoriste.smashingpixel.net\/sr-latn\/wp-json\/wp\/v2\/comments?post=10224"}],"version-history":[{"count":0,"href":"https:\/\/malopozoriste.smashingpixel.net\/sr-latn\/wp-json\/wp\/v2\/posts\/10224\/revisions"}],"wp:featuredmedia":[{"embeddable":true,"href":"https:\/\/malopozoriste.smashingpixel.net\/sr-latn\/wp-json\/wp\/v2\/media\/10200"}],"wp:attachment":[{"href":"https:\/\/malopozoriste.smashingpixel.net\/sr-latn\/wp-json\/wp\/v2\/media?parent=10224"}],"wp:term":[{"taxonomy":"category","embeddable":true,"href":"https:\/\/malopozoriste.smashingpixel.net\/sr-latn\/wp-json\/wp\/v2\/categories?post=10224"},{"taxonomy":"post_tag","embeddable":true,"href":"https:\/\/malopozoriste.smashingpixel.net\/sr-latn\/wp-json\/wp\/v2\/tags?post=10224"}],"curies":[{"name":"wp","href":"https:\/\/api.w.org\/{rel}","templated":true}]}}