{"id":10952,"date":"2025-02-05T12:02:53","date_gmt":"2025-02-05T12:02:53","guid":{"rendered":"https:\/\/malopozoriste.smashingpixel.net\/in-memoriam-dejan-matic-mata-1963-2025\/"},"modified":"2025-02-05T12:30:55","modified_gmt":"2025-02-05T12:30:55","slug":"in-memoriam-dejan-matic-mata-1963-2025","status":"publish","type":"post","link":"https:\/\/malopozoriste.smashingpixel.net\/sr-latn\/in-memoriam-dejan-matic-mata-1963-2025\/","title":{"rendered":"IN MEMORIAM Dejan Mati\u0107 Mata 1963-2025"},"content":{"rendered":"\t\t<div data-elementor-type=\"wp-post\" data-elementor-id=\"10952\" class=\"elementor elementor-10952 elementor-10920\" data-elementor-post-type=\"post\">\n\t\t\t\t<div class=\"elementor-element elementor-element-f67f5f0 e-flex e-con-boxed e-con e-parent\" data-id=\"f67f5f0\" data-element_type=\"container\" data-e-type=\"container\">\n\t\t\t\t\t<div class=\"e-con-inner\">\n\t\t\t\t<div class=\"elementor-element elementor-element-7383b4c elementor-widget elementor-widget-image\" data-id=\"7383b4c\" data-element_type=\"widget\" data-e-type=\"widget\" data-widget_type=\"image.default\">\n\t\t\t\t<div class=\"elementor-widget-container\">\n\t\t\t\t\t\t\t\t\t\t\t\t\t\t\t<img fetchpriority=\"high\" decoding=\"async\" width=\"671\" height=\"758\" src=\"https:\/\/malopozoriste.smashingpixel.net\/wp-content\/uploads\/2025\/02\/Snimak-ekrana-2025-02-05-130429.png\" class=\"attachment-large size-large wp-image-10929\" alt=\"\" srcset=\"https:\/\/malopozoriste.smashingpixel.net\/wp-content\/uploads\/2025\/02\/Snimak-ekrana-2025-02-05-130429.png 671w, https:\/\/malopozoriste.smashingpixel.net\/wp-content\/uploads\/2025\/02\/Snimak-ekrana-2025-02-05-130429-266x300.png 266w\" sizes=\"(max-width: 671px) 100vw, 671px\" \/>\t\t\t\t\t\t\t\t\t\t\t\t\t\t\t<\/div>\n\t\t\t\t<\/div>\n\t\t\t\t\t<\/div>\n\t\t\t\t<\/div>\n\t\t<div class=\"elementor-element elementor-element-ff63237 e-flex e-con-boxed e-con e-parent\" data-id=\"ff63237\" data-element_type=\"container\" data-e-type=\"container\">\n\t\t\t\t\t<div class=\"e-con-inner\">\n\t\t\t\t<div class=\"elementor-element elementor-element-ca1819e elementor-widget elementor-widget-text-editor\" data-id=\"ca1819e\" data-element_type=\"widget\" data-e-type=\"widget\" data-widget_type=\"text-editor.default\">\n\t\t\t\t<div class=\"elementor-widget-container\">\n\t\t\t\t\t\t\t\t\t<p>Diplomirao glumu na Fakultetu dramskih umetnosti u Beogradu 1990. godine u klasi prof. Milenka Mari\u010di\u0107a. Gluma\u010dku karijeru po\u010deo je u pozori\u0161tu Atelje 212, igrao je u Jugoslovenskom dramskom pozori\u0161tu, Pozori\u0161tu \u201ePu\u017e\u201c, kao i u Malom pozori\u0161tu \u201eDu\u0161ko Radovi\u0107\u201c gde je bio stalni \u010dlan od 1993. do 1997. godine. Sa Draganom Jovanovi\u0107em i Radetom Markovi\u0107em 1991. godine osniva pozori\u0161nu trupu T. Kuguar, a 1996. godine i rok sastav Vis The Kuguars sa kojim nastupa u Zvezdara teatru, kao i po zemlji i inostranstvu, sve do 2006. godine kada se sastav raspao. Stalni \u010dlan Beogradskog dramskog pozori\u0161ta postaje 1997. godine.<\/p>\n<p>Autorski projekti ove trupe \u2013 \u201eSme\u0161na strana istorije\u201c i \u201eSme\u0161na strana muzike\u201c kultni su naslovi za mnoge generacije, a predstave su igrane na kartu vi\u0161e i u zemlji i inostranstvu sve do 2006. godine.<\/p>\n<p>Predstave u Malom pozori\u0161tu \u201eDu\u0161ko Radovi\u0107\u201c:<br \/>\n\u2022 E\u017een Jonesko: \u0106elava Peva\u010dica, 1990.<br \/>\n\u2022 T. Kuguar: Sme\u0161na strana istorije, 1992.<br \/>\n\u2022 Igor Bojovi\u0107: Ba\u0161 \u010celik, 1993.<br \/>\n\u2022 T. Kuguar: Sme\u0161na strana sporta, 1993.<br \/>\n\u2022 T. Kuguar (po motivima drame Vladimira \u0110uri\u0107a-\u0110ure): D\u017eet set, 1994.<br \/>\n\u2022 Stevan Koprivica (po motivima stripa Go\u0161inija i Morisa): Tali\u010dni Tom i Daltoni, 1994.<br \/>\n\u2022 Aleksandar Popovi\u0107: Ljubav na prvi pogled, 1995.<br \/>\n\u2022 Stevan Koprivica: Mi \u010dekamo bebu, 1996.<\/p>\n<p>Vrstan komi\u010dar basterkitonovskog tipa, podjednako izra\u017eajan i u dramskim ulogama, Dejan Mati\u0107 odigrao je preko pedeset uloga u teatrima, a epizode koje je ostvario na filmu i televiziji obele\u017eio je nezaboravni \u0161arm.<\/p>\n\t\t\t\t\t\t\t\t<\/div>\n\t\t\t\t<\/div>\n\t\t\t\t\t<\/div>\n\t\t\t\t<\/div>\n\t\t\t\t<\/div>\n\t\t","protected":false},"excerpt":{"rendered":"Diplomirao glumu na Fakultetu dramskih umetnosti u Beogradu 1990. godine u klasi prof. Milenka Mari\u010di\u0107a. Gluma\u010dku karijeru po\u010deo je u pozori\u0161tu Atelje 212, igrao je u Jugoslovenskom dramskom pozori\u0161tu, Pozori\u0161tu \u201ePu\u017e\u201c, kao i u Malom pozori\u0161tu \u201eDu\u0161ko Radovi\u0107\u201c gde je bio stalni \u010dlan od 1993. do 1997. godine. Sa Draganom Jovanovi\u0107em i Radetom Markovi\u0107em 1991. [&hellip;]","protected":false},"author":5,"featured_media":10929,"comment_status":"closed","ping_status":"open","sticky":false,"template":"elementor_header_footer","format":"standard","meta":{"_acf_changed":false,"ocean_front_end_style_editor":"no","ocean_post_layout":"","ocean_both_sidebars_style":"","ocean_both_sidebars_content_width":0,"ocean_both_sidebars_sidebars_width":0,"ocean_sidebar":"0","ocean_second_sidebar":"0","ocean_disable_margins":"enable","ocean_add_body_class":"","ocean_shortcode_before_top_bar":"","ocean_shortcode_after_top_bar":"","ocean_shortcode_before_header":"","ocean_shortcode_after_header":"","ocean_has_shortcode":"","ocean_shortcode_after_title":"","ocean_shortcode_before_footer_widgets":"","ocean_shortcode_after_footer_widgets":"","ocean_shortcode_before_footer_bottom":"","ocean_shortcode_after_footer_bottom":"","ocean_display_top_bar":"default","ocean_display_header":"default","ocean_header_style":"","ocean_center_header_left_menu":"0","ocean_custom_header_template":"0","ocean_custom_logo":0,"ocean_custom_retina_logo":0,"ocean_custom_logo_max_width":0,"ocean_custom_logo_tablet_max_width":0,"ocean_custom_logo_mobile_max_width":0,"ocean_custom_logo_max_height":0,"ocean_custom_logo_tablet_max_height":0,"ocean_custom_logo_mobile_max_height":0,"ocean_header_custom_menu":"0","ocean_menu_typo_font_family":"0","ocean_menu_typo_font_subset":"","ocean_menu_typo_font_size":0,"ocean_menu_typo_font_size_tablet":0,"ocean_menu_typo_font_size_mobile":0,"ocean_menu_typo_font_size_unit":"px","ocean_menu_typo_font_weight":"","ocean_menu_typo_font_weight_tablet":"","ocean_menu_typo_font_weight_mobile":"","ocean_menu_typo_transform":"","ocean_menu_typo_transform_tablet":"","ocean_menu_typo_transform_mobile":"","ocean_menu_typo_line_height":0,"ocean_menu_typo_line_height_tablet":0,"ocean_menu_typo_line_height_mobile":0,"ocean_menu_typo_line_height_unit":"","ocean_menu_typo_spacing":0,"ocean_menu_typo_spacing_tablet":0,"ocean_menu_typo_spacing_mobile":0,"ocean_menu_typo_spacing_unit":"","ocean_menu_link_color":"","ocean_menu_link_color_hover":"","ocean_menu_link_color_active":"","ocean_menu_link_background":"","ocean_menu_link_hover_background":"","ocean_menu_link_active_background":"","ocean_menu_social_links_bg":"","ocean_menu_social_hover_links_bg":"","ocean_menu_social_links_color":"","ocean_menu_social_hover_links_color":"","ocean_disable_title":"on","ocean_disable_heading":"default","ocean_post_title":"","ocean_post_subheading":"","ocean_post_title_style":"","ocean_post_title_background_color":"","ocean_post_title_background":0,"ocean_post_title_bg_image_position":"","ocean_post_title_bg_image_attachment":"","ocean_post_title_bg_image_repeat":"","ocean_post_title_bg_image_size":"","ocean_post_title_height":0,"ocean_post_title_bg_overlay":0.5,"ocean_post_title_bg_overlay_color":"","ocean_disable_breadcrumbs":"off","ocean_breadcrumbs_color":"","ocean_breadcrumbs_separator_color":"","ocean_breadcrumbs_links_color":"","ocean_breadcrumbs_links_hover_color":"","ocean_display_footer_widgets":"default","ocean_display_footer_bottom":"default","ocean_custom_footer_template":"0","ocean_post_oembed":"","ocean_post_self_hosted_media":"","ocean_post_video_embed":"","ocean_link_format":"","ocean_link_format_target":"self","ocean_quote_format":"","ocean_quote_format_link":"post","ocean_gallery_link_images":"on","ocean_gallery_id":[],"footnotes":""},"categories":[89],"tags":[],"class_list":["post-10952","post","type-post","status-publish","format-standard","has-post-thumbnail","hentry","category-uncategorized-sr-latn","entry","has-media"],"acf":[],"yoast_head":"<!-- This site is optimized with the Yoast SEO plugin v28.3 - https:\/\/yoast.com\/product\/yoast-seo-wordpress\/ -->\n<title>IN MEMORIAM Dejan Mati\u0107 Mata 1963-2025 - malopozoriste<\/title>\n<meta name=\"robots\" content=\"index, follow, max-snippet:-1, max-image-preview:large, max-video-preview:-1\" \/>\n<link rel=\"canonical\" href=\"https:\/\/malopozoriste.smashingpixel.net\/sr-latn\/in-memoriam-dejan-matic-mata-1963-2025\/\" \/>\n<meta property=\"og:locale\" content=\"en_US\" \/>\n<meta property=\"og:type\" content=\"article\" \/>\n<meta property=\"og:title\" content=\"IN MEMORIAM Dejan Mati\u0107 Mata 1963-2025 - malopozoriste\" \/>\n<meta property=\"og:description\" content=\"Diplomirao glumu na Fakultetu dramskih umetnosti u Beogradu 1990. godine u klasi prof. Milenka Mari\u010di\u0107a. Gluma\u010dku karijeru po\u010deo je u pozori\u0161tu Atelje 212, igrao je u Jugoslovenskom dramskom pozori\u0161tu, Pozori\u0161tu \u201ePu\u017e\u201c, kao i u Malom pozori\u0161tu \u201eDu\u0161ko Radovi\u0107\u201c gde je bio stalni \u010dlan od 1993. do 1997. godine. Sa Draganom Jovanovi\u0107em i Radetom Markovi\u0107em 1991. [&hellip;]\" \/>\n<meta property=\"og:url\" content=\"https:\/\/malopozoriste.smashingpixel.net\/sr-latn\/in-memoriam-dejan-matic-mata-1963-2025\/\" \/>\n<meta property=\"og:site_name\" content=\"malopozoriste\" \/>\n<meta property=\"article:publisher\" content=\"https:\/\/www.facebook.com\/malopozoriste1948#\" \/>\n<meta property=\"article:published_time\" content=\"2025-02-05T12:02:53+00:00\" \/>\n<meta property=\"article:modified_time\" content=\"2025-02-05T12:30:55+00:00\" \/>\n<meta property=\"og:image\" content=\"https:\/\/malopozoriste.smashingpixel.net\/wp-content\/uploads\/2025\/02\/Snimak-ekrana-2025-02-05-130429.png\" \/>\n\t<meta property=\"og:image:width\" content=\"671\" \/>\n\t<meta property=\"og:image:height\" content=\"758\" \/>\n\t<meta property=\"og:image:type\" content=\"image\/png\" \/>\n<meta name=\"author\" content=\"P0p4r7\" \/>\n<meta name=\"twitter:card\" content=\"summary_large_image\" \/>\n<meta name=\"twitter:label1\" content=\"Written by\" \/>\n\t<meta name=\"twitter:data1\" content=\"P0p4r7\" \/>\n\t<meta name=\"twitter:label2\" content=\"Est. reading time\" \/>\n\t<meta name=\"twitter:data2\" content=\"1 minute\" \/>\n<script type=\"application\/ld+json\" class=\"yoast-schema-graph\">{\"@context\":\"https:\\\/\\\/schema.org\",\"@graph\":[{\"@type\":\"Article\",\"@id\":\"https:\\\/\\\/malopozoriste.smashingpixel.net\\\/sr-latn\\\/in-memoriam-dejan-matic-mata-1963-2025\\\/#article\",\"isPartOf\":{\"@id\":\"https:\\\/\\\/malopozoriste.smashingpixel.net\\\/sr-latn\\\/in-memoriam-dejan-matic-mata-1963-2025\\\/\"},\"author\":{\"name\":\"P0p4r7\",\"@id\":\"https:\\\/\\\/malopozoriste.smashingpixel.net\\\/#\\\/schema\\\/person\\\/a0e780274f587f25a77993e82d795701\"},\"headline\":\"IN MEMORIAM Dejan Mati\u0107 Mata 1963-2025\",\"datePublished\":\"2025-02-05T12:02:53+00:00\",\"dateModified\":\"2025-02-05T12:30:55+00:00\",\"mainEntityOfPage\":{\"@id\":\"https:\\\/\\\/malopozoriste.smashingpixel.net\\\/sr-latn\\\/in-memoriam-dejan-matic-mata-1963-2025\\\/\"},\"wordCount\":246,\"publisher\":{\"@id\":\"https:\\\/\\\/malopozoriste.smashingpixel.net\\\/#organization\"},\"image\":{\"@id\":\"https:\\\/\\\/malopozoriste.smashingpixel.net\\\/sr-latn\\\/in-memoriam-dejan-matic-mata-1963-2025\\\/#primaryimage\"},\"thumbnailUrl\":\"https:\\\/\\\/malopozoriste.smashingpixel.net\\\/wp-content\\\/uploads\\\/2025\\\/02\\\/Snimak-ekrana-2025-02-05-130429.png\",\"articleSection\":[\"Uncategorized @sr-latn\"],\"inLanguage\":\"sr-latn\"},{\"@type\":\"WebPage\",\"@id\":\"https:\\\/\\\/malopozoriste.smashingpixel.net\\\/sr-latn\\\/in-memoriam-dejan-matic-mata-1963-2025\\\/\",\"url\":\"https:\\\/\\\/malopozoriste.smashingpixel.net\\\/sr-latn\\\/in-memoriam-dejan-matic-mata-1963-2025\\\/\",\"name\":\"IN MEMORIAM Dejan Mati\u0107 Mata 1963-2025 - malopozoriste\",\"isPartOf\":{\"@id\":\"https:\\\/\\\/malopozoriste.smashingpixel.net\\\/#website\"},\"primaryImageOfPage\":{\"@id\":\"https:\\\/\\\/malopozoriste.smashingpixel.net\\\/sr-latn\\\/in-memoriam-dejan-matic-mata-1963-2025\\\/#primaryimage\"},\"image\":{\"@id\":\"https:\\\/\\\/malopozoriste.smashingpixel.net\\\/sr-latn\\\/in-memoriam-dejan-matic-mata-1963-2025\\\/#primaryimage\"},\"thumbnailUrl\":\"https:\\\/\\\/malopozoriste.smashingpixel.net\\\/wp-content\\\/uploads\\\/2025\\\/02\\\/Snimak-ekrana-2025-02-05-130429.png\",\"datePublished\":\"2025-02-05T12:02:53+00:00\",\"dateModified\":\"2025-02-05T12:30:55+00:00\",\"breadcrumb\":{\"@id\":\"https:\\\/\\\/malopozoriste.smashingpixel.net\\\/sr-latn\\\/in-memoriam-dejan-matic-mata-1963-2025\\\/#breadcrumb\"},\"inLanguage\":\"sr-latn\",\"potentialAction\":[{\"@type\":\"ReadAction\",\"target\":[\"https:\\\/\\\/malopozoriste.smashingpixel.net\\\/sr-latn\\\/in-memoriam-dejan-matic-mata-1963-2025\\\/\"]}]},{\"@type\":\"ImageObject\",\"inLanguage\":\"sr-latn\",\"@id\":\"https:\\\/\\\/malopozoriste.smashingpixel.net\\\/sr-latn\\\/in-memoriam-dejan-matic-mata-1963-2025\\\/#primaryimage\",\"url\":\"https:\\\/\\\/malopozoriste.smashingpixel.net\\\/wp-content\\\/uploads\\\/2025\\\/02\\\/Snimak-ekrana-2025-02-05-130429.png\",\"contentUrl\":\"https:\\\/\\\/malopozoriste.smashingpixel.net\\\/wp-content\\\/uploads\\\/2025\\\/02\\\/Snimak-ekrana-2025-02-05-130429.png\",\"width\":671,\"height\":758},{\"@type\":\"BreadcrumbList\",\"@id\":\"https:\\\/\\\/malopozoriste.smashingpixel.net\\\/sr-latn\\\/in-memoriam-dejan-matic-mata-1963-2025\\\/#breadcrumb\",\"itemListElement\":[{\"@type\":\"ListItem\",\"position\":1,\"name\":\"\u041f\u043e\u0447\u0435\u0442\u043d\u0430\",\"item\":\"https:\\\/\\\/malopozoriste.smashingpixel.net\\\/sr-latn\\\/home\\\/\"},{\"@type\":\"ListItem\",\"position\":2,\"name\":\"IN MEMORIAM Dejan Mati\u0107 Mata 1963-2025\"}]},{\"@type\":\"WebSite\",\"@id\":\"https:\\\/\\\/malopozoriste.smashingpixel.net\\\/#website\",\"url\":\"https:\\\/\\\/malopozoriste.smashingpixel.net\\\/\",\"name\":\"malopozoriste\",\"description\":\"\",\"publisher\":{\"@id\":\"https:\\\/\\\/malopozoriste.smashingpixel.net\\\/#organization\"},\"potentialAction\":[{\"@type\":\"SearchAction\",\"target\":{\"@type\":\"EntryPoint\",\"urlTemplate\":\"https:\\\/\\\/malopozoriste.smashingpixel.net\\\/?s={search_term_string}\"},\"query-input\":{\"@type\":\"PropertyValueSpecification\",\"valueRequired\":true,\"valueName\":\"search_term_string\"}}],\"inLanguage\":\"sr-latn\"},{\"@type\":\"Organization\",\"@id\":\"https:\\\/\\\/malopozoriste.smashingpixel.net\\\/#organization\",\"name\":\"\u041c\u0430\u043b\u043e \u043f\u043e\u0437\u043e\u0440\u0438\u0448\u0442\u0435 \u0414\u0443\u0448\u043a\u043e \u0420\u0430\u0434\u043e\u0432\u0438\u045b\",\"url\":\"https:\\\/\\\/malopozoriste.smashingpixel.net\\\/\",\"logo\":{\"@type\":\"ImageObject\",\"inLanguage\":\"sr-latn\",\"@id\":\"https:\\\/\\\/malopozoriste.smashingpixel.net\\\/#\\\/schema\\\/logo\\\/image\\\/\",\"url\":\"https:\\\/\\\/malopozoriste.smashingpixel.net\\\/wp-content\\\/uploads\\\/2024\\\/03\\\/malo_pozoriste_logo142x140.png\",\"contentUrl\":\"https:\\\/\\\/malopozoriste.smashingpixel.net\\\/wp-content\\\/uploads\\\/2024\\\/03\\\/malo_pozoriste_logo142x140.png\",\"width\":142,\"height\":140,\"caption\":\"\u041c\u0430\u043b\u043e \u043f\u043e\u0437\u043e\u0440\u0438\u0448\u0442\u0435 \u0414\u0443\u0448\u043a\u043e \u0420\u0430\u0434\u043e\u0432\u0438\u045b\"},\"image\":{\"@id\":\"https:\\\/\\\/malopozoriste.smashingpixel.net\\\/#\\\/schema\\\/logo\\\/image\\\/\"},\"sameAs\":[\"https:\\\/\\\/www.facebook.com\\\/malopozoriste1948#\"]},{\"@type\":\"Person\",\"@id\":\"https:\\\/\\\/malopozoriste.smashingpixel.net\\\/#\\\/schema\\\/person\\\/a0e780274f587f25a77993e82d795701\",\"name\":\"P0p4r7\",\"image\":{\"@type\":\"ImageObject\",\"inLanguage\":\"sr-latn\",\"@id\":\"https:\\\/\\\/secure.gravatar.com\\\/avatar\\\/3072a7becae851e6c69fcb1a91018459754a5f928756e72b9d22e7a452300b5e?s=96&d=mm&r=g\",\"url\":\"https:\\\/\\\/secure.gravatar.com\\\/avatar\\\/3072a7becae851e6c69fcb1a91018459754a5f928756e72b9d22e7a452300b5e?s=96&d=mm&r=g\",\"contentUrl\":\"https:\\\/\\\/secure.gravatar.com\\\/avatar\\\/3072a7becae851e6c69fcb1a91018459754a5f928756e72b9d22e7a452300b5e?s=96&d=mm&r=g\",\"caption\":\"P0p4r7\"},\"url\":\"https:\\\/\\\/malopozoriste.smashingpixel.net\\\/sr-latn\\\/author\\\/p0p4r7\\\/\"}]}<\/script>\n<!-- \/ Yoast SEO plugin. -->","yoast_head_json":{"title":"IN MEMORIAM Dejan Mati\u0107 Mata 1963-2025 - malopozoriste","robots":{"index":"index","follow":"follow","max-snippet":"max-snippet:-1","max-image-preview":"max-image-preview:large","max-video-preview":"max-video-preview:-1"},"canonical":"https:\/\/malopozoriste.smashingpixel.net\/sr-latn\/in-memoriam-dejan-matic-mata-1963-2025\/","og_locale":"en_US","og_type":"article","og_title":"IN MEMORIAM Dejan Mati\u0107 Mata 1963-2025 - malopozoriste","og_description":"Diplomirao glumu na Fakultetu dramskih umetnosti u Beogradu 1990. godine u klasi prof. Milenka Mari\u010di\u0107a. Gluma\u010dku karijeru po\u010deo je u pozori\u0161tu Atelje 212, igrao je u Jugoslovenskom dramskom pozori\u0161tu, Pozori\u0161tu \u201ePu\u017e\u201c, kao i u Malom pozori\u0161tu \u201eDu\u0161ko Radovi\u0107\u201c gde je bio stalni \u010dlan od 1993. do 1997. godine. Sa Draganom Jovanovi\u0107em i Radetom Markovi\u0107em 1991. [&hellip;]","og_url":"https:\/\/malopozoriste.smashingpixel.net\/sr-latn\/in-memoriam-dejan-matic-mata-1963-2025\/","og_site_name":"malopozoriste","article_publisher":"https:\/\/www.facebook.com\/malopozoriste1948#","article_published_time":"2025-02-05T12:02:53+00:00","article_modified_time":"2025-02-05T12:30:55+00:00","og_image":[{"width":671,"height":758,"url":"https:\/\/malopozoriste.smashingpixel.net\/wp-content\/uploads\/2025\/02\/Snimak-ekrana-2025-02-05-130429.png","type":"image\/png"}],"author":"P0p4r7","twitter_card":"summary_large_image","twitter_misc":{"Written by":"P0p4r7","Est. reading time":"1 minute"},"schema":{"@context":"https:\/\/schema.org","@graph":[{"@type":"Article","@id":"https:\/\/malopozoriste.smashingpixel.net\/sr-latn\/in-memoriam-dejan-matic-mata-1963-2025\/#article","isPartOf":{"@id":"https:\/\/malopozoriste.smashingpixel.net\/sr-latn\/in-memoriam-dejan-matic-mata-1963-2025\/"},"author":{"name":"P0p4r7","@id":"https:\/\/malopozoriste.smashingpixel.net\/#\/schema\/person\/a0e780274f587f25a77993e82d795701"},"headline":"IN MEMORIAM Dejan Mati\u0107 Mata 1963-2025","datePublished":"2025-02-05T12:02:53+00:00","dateModified":"2025-02-05T12:30:55+00:00","mainEntityOfPage":{"@id":"https:\/\/malopozoriste.smashingpixel.net\/sr-latn\/in-memoriam-dejan-matic-mata-1963-2025\/"},"wordCount":246,"publisher":{"@id":"https:\/\/malopozoriste.smashingpixel.net\/#organization"},"image":{"@id":"https:\/\/malopozoriste.smashingpixel.net\/sr-latn\/in-memoriam-dejan-matic-mata-1963-2025\/#primaryimage"},"thumbnailUrl":"https:\/\/malopozoriste.smashingpixel.net\/wp-content\/uploads\/2025\/02\/Snimak-ekrana-2025-02-05-130429.png","articleSection":["Uncategorized @sr-latn"],"inLanguage":"sr-latn"},{"@type":"WebPage","@id":"https:\/\/malopozoriste.smashingpixel.net\/sr-latn\/in-memoriam-dejan-matic-mata-1963-2025\/","url":"https:\/\/malopozoriste.smashingpixel.net\/sr-latn\/in-memoriam-dejan-matic-mata-1963-2025\/","name":"IN MEMORIAM Dejan Mati\u0107 Mata 1963-2025 - malopozoriste","isPartOf":{"@id":"https:\/\/malopozoriste.smashingpixel.net\/#website"},"primaryImageOfPage":{"@id":"https:\/\/malopozoriste.smashingpixel.net\/sr-latn\/in-memoriam-dejan-matic-mata-1963-2025\/#primaryimage"},"image":{"@id":"https:\/\/malopozoriste.smashingpixel.net\/sr-latn\/in-memoriam-dejan-matic-mata-1963-2025\/#primaryimage"},"thumbnailUrl":"https:\/\/malopozoriste.smashingpixel.net\/wp-content\/uploads\/2025\/02\/Snimak-ekrana-2025-02-05-130429.png","datePublished":"2025-02-05T12:02:53+00:00","dateModified":"2025-02-05T12:30:55+00:00","breadcrumb":{"@id":"https:\/\/malopozoriste.smashingpixel.net\/sr-latn\/in-memoriam-dejan-matic-mata-1963-2025\/#breadcrumb"},"inLanguage":"sr-latn","potentialAction":[{"@type":"ReadAction","target":["https:\/\/malopozoriste.smashingpixel.net\/sr-latn\/in-memoriam-dejan-matic-mata-1963-2025\/"]}]},{"@type":"ImageObject","inLanguage":"sr-latn","@id":"https:\/\/malopozoriste.smashingpixel.net\/sr-latn\/in-memoriam-dejan-matic-mata-1963-2025\/#primaryimage","url":"https:\/\/malopozoriste.smashingpixel.net\/wp-content\/uploads\/2025\/02\/Snimak-ekrana-2025-02-05-130429.png","contentUrl":"https:\/\/malopozoriste.smashingpixel.net\/wp-content\/uploads\/2025\/02\/Snimak-ekrana-2025-02-05-130429.png","width":671,"height":758},{"@type":"BreadcrumbList","@id":"https:\/\/malopozoriste.smashingpixel.net\/sr-latn\/in-memoriam-dejan-matic-mata-1963-2025\/#breadcrumb","itemListElement":[{"@type":"ListItem","position":1,"name":"\u041f\u043e\u0447\u0435\u0442\u043d\u0430","item":"https:\/\/malopozoriste.smashingpixel.net\/sr-latn\/home\/"},{"@type":"ListItem","position":2,"name":"IN MEMORIAM Dejan Mati\u0107 Mata 1963-2025"}]},{"@type":"WebSite","@id":"https:\/\/malopozoriste.smashingpixel.net\/#website","url":"https:\/\/malopozoriste.smashingpixel.net\/","name":"malopozoriste","description":"","publisher":{"@id":"https:\/\/malopozoriste.smashingpixel.net\/#organization"},"potentialAction":[{"@type":"SearchAction","target":{"@type":"EntryPoint","urlTemplate":"https:\/\/malopozoriste.smashingpixel.net\/?s={search_term_string}"},"query-input":{"@type":"PropertyValueSpecification","valueRequired":true,"valueName":"search_term_string"}}],"inLanguage":"sr-latn"},{"@type":"Organization","@id":"https:\/\/malopozoriste.smashingpixel.net\/#organization","name":"\u041c\u0430\u043b\u043e \u043f\u043e\u0437\u043e\u0440\u0438\u0448\u0442\u0435 \u0414\u0443\u0448\u043a\u043e \u0420\u0430\u0434\u043e\u0432\u0438\u045b","url":"https:\/\/malopozoriste.smashingpixel.net\/","logo":{"@type":"ImageObject","inLanguage":"sr-latn","@id":"https:\/\/malopozoriste.smashingpixel.net\/#\/schema\/logo\/image\/","url":"https:\/\/malopozoriste.smashingpixel.net\/wp-content\/uploads\/2024\/03\/malo_pozoriste_logo142x140.png","contentUrl":"https:\/\/malopozoriste.smashingpixel.net\/wp-content\/uploads\/2024\/03\/malo_pozoriste_logo142x140.png","width":142,"height":140,"caption":"\u041c\u0430\u043b\u043e \u043f\u043e\u0437\u043e\u0440\u0438\u0448\u0442\u0435 \u0414\u0443\u0448\u043a\u043e \u0420\u0430\u0434\u043e\u0432\u0438\u045b"},"image":{"@id":"https:\/\/malopozoriste.smashingpixel.net\/#\/schema\/logo\/image\/"},"sameAs":["https:\/\/www.facebook.com\/malopozoriste1948#"]},{"@type":"Person","@id":"https:\/\/malopozoriste.smashingpixel.net\/#\/schema\/person\/a0e780274f587f25a77993e82d795701","name":"P0p4r7","image":{"@type":"ImageObject","inLanguage":"sr-latn","@id":"https:\/\/secure.gravatar.com\/avatar\/3072a7becae851e6c69fcb1a91018459754a5f928756e72b9d22e7a452300b5e?s=96&d=mm&r=g","url":"https:\/\/secure.gravatar.com\/avatar\/3072a7becae851e6c69fcb1a91018459754a5f928756e72b9d22e7a452300b5e?s=96&d=mm&r=g","contentUrl":"https:\/\/secure.gravatar.com\/avatar\/3072a7becae851e6c69fcb1a91018459754a5f928756e72b9d22e7a452300b5e?s=96&d=mm&r=g","caption":"P0p4r7"},"url":"https:\/\/malopozoriste.smashingpixel.net\/sr-latn\/author\/p0p4r7\/"}]}},"_links":{"self":[{"href":"https:\/\/malopozoriste.smashingpixel.net\/sr-latn\/wp-json\/wp\/v2\/posts\/10952","targetHints":{"allow":["GET"]}}],"collection":[{"href":"https:\/\/malopozoriste.smashingpixel.net\/sr-latn\/wp-json\/wp\/v2\/posts"}],"about":[{"href":"https:\/\/malopozoriste.smashingpixel.net\/sr-latn\/wp-json\/wp\/v2\/types\/post"}],"author":[{"embeddable":true,"href":"https:\/\/malopozoriste.smashingpixel.net\/sr-latn\/wp-json\/wp\/v2\/users\/5"}],"replies":[{"embeddable":true,"href":"https:\/\/malopozoriste.smashingpixel.net\/sr-latn\/wp-json\/wp\/v2\/comments?post=10952"}],"version-history":[{"count":0,"href":"https:\/\/malopozoriste.smashingpixel.net\/sr-latn\/wp-json\/wp\/v2\/posts\/10952\/revisions"}],"wp:featuredmedia":[{"embeddable":true,"href":"https:\/\/malopozoriste.smashingpixel.net\/sr-latn\/wp-json\/wp\/v2\/media\/10929"}],"wp:attachment":[{"href":"https:\/\/malopozoriste.smashingpixel.net\/sr-latn\/wp-json\/wp\/v2\/media?parent=10952"}],"wp:term":[{"taxonomy":"category","embeddable":true,"href":"https:\/\/malopozoriste.smashingpixel.net\/sr-latn\/wp-json\/wp\/v2\/categories?post=10952"},{"taxonomy":"post_tag","embeddable":true,"href":"https:\/\/malopozoriste.smashingpixel.net\/sr-latn\/wp-json\/wp\/v2\/tags?post=10952"}],"curies":[{"name":"wp","href":"https:\/\/api.w.org\/{rel}","templated":true}]}}