{"id":11842,"date":"2025-03-20T08:28:01","date_gmt":"2025-03-20T08:28:01","guid":{"rendered":"https:\/\/malopozoriste.smashingpixel.net\/?p=11842"},"modified":"2025-03-20T08:46:40","modified_gmt":"2025-03-20T08:46:40","slug":"20-%d0%bc%d0%b0%d1%80%d1%82-i-%d1%81%d0%b2%d0%b5%d1%82%d1%81%d0%ba%d0%b8-%d0%b4%d0%b0%d0%bd-%d0%bf%d0%be%d0%b7%d0%be%d1%80%d0%b8%d1%88%d1%82%d0%b0-%d0%b7%d0%b0-%d0%b4%d0%b5%d1%86%d1%83-%d0%b8-%d0%bc","status":"publish","type":"post","link":"https:\/\/malopozoriste.smashingpixel.net\/sr-latn\/20-%d0%bc%d0%b0%d1%80%d1%82-i-%d1%81%d0%b2%d0%b5%d1%82%d1%81%d0%ba%d0%b8-%d0%b4%d0%b0%d0%bd-%d0%bf%d0%be%d0%b7%d0%be%d1%80%d0%b8%d1%88%d1%82%d0%b0-%d0%b7%d0%b0-%d0%b4%d0%b5%d1%86%d1%83-%d0%b8-%d0%bc\/","title":{"rendered":"20. mart I Svetski dan pozori\u0161ta za decu i mlade"},"content":{"rendered":"\t\t<div data-elementor-type=\"wp-post\" data-elementor-id=\"11842\" class=\"elementor elementor-11842\" data-elementor-post-type=\"post\">\n\t\t\t\t<div class=\"elementor-element elementor-element-8df95c7 e-flex e-con-boxed e-con e-parent\" data-id=\"8df95c7\" data-element_type=\"container\" data-e-type=\"container\">\n\t\t\t\t\t<div class=\"e-con-inner\">\n\t\t\t\t<div class=\"elementor-element elementor-element-9778a2e elementor-widget elementor-widget-image\" data-id=\"9778a2e\" data-element_type=\"widget\" data-e-type=\"widget\" data-widget_type=\"image.default\">\n\t\t\t\t<div class=\"elementor-widget-container\">\n\t\t\t\t\t\t\t\t\t\t\t\t\t\t\t<img fetchpriority=\"high\" decoding=\"async\" width=\"1024\" height=\"678\" src=\"https:\/\/malopozoriste.smashingpixel.net\/wp-content\/uploads\/2025\/03\/Diana-K-Tepavac-1024x678.jpg\" class=\"attachment-large size-large wp-image-11843\" alt=\"\" srcset=\"https:\/\/malopozoriste.smashingpixel.net\/wp-content\/uploads\/2025\/03\/Diana-K-Tepavac-1024x678.jpg 1024w, https:\/\/malopozoriste.smashingpixel.net\/wp-content\/uploads\/2025\/03\/Diana-K-Tepavac-300x199.jpg 300w, https:\/\/malopozoriste.smashingpixel.net\/wp-content\/uploads\/2025\/03\/Diana-K-Tepavac-768x508.jpg 768w, https:\/\/malopozoriste.smashingpixel.net\/wp-content\/uploads\/2025\/03\/Diana-K-Tepavac.jpg 1280w\" sizes=\"(max-width: 1024px) 100vw, 1024px\" \/>\t\t\t\t\t\t\t\t\t\t\t\t\t\t\t<\/div>\n\t\t\t\t<\/div>\n\t\t\t\t\t<\/div>\n\t\t\t\t<\/div>\n\t\t<div class=\"elementor-element elementor-element-edb9232 e-flex e-con-boxed e-con e-parent\" data-id=\"edb9232\" data-element_type=\"container\" data-e-type=\"container\">\n\t\t\t\t\t<div class=\"e-con-inner\">\n\t\t\t\t<div class=\"elementor-element elementor-element-0398946 elementor-widget elementor-widget-text-editor\" data-id=\"0398946\" data-element_type=\"widget\" data-e-type=\"widget\" data-widget_type=\"text-editor.default\">\n\t\t\t\t<div class=\"elementor-widget-container\">\n\t\t\t\t\t\t\t\t\t<p>Ove godine je poruku povodom Svetskog dana pozori\u0161ta za decu i mlade ispred Assitej-a Srbija napisala Diana Kr\u017eani\u0107 Tepavac, po\u010dasna \u010dlanica Udru\u017eenja i doskora\u0161nja predsednica Izvr\u0161nog odbora.<\/p><p><strong>Svetlo koje nosimo: pozori\u0161te kao prostor odgovornosti, istine i dobrote<\/strong><\/p><p>Kada sam prihvatila da napi\u0161em ovogodi\u0161nju poruku povodom\u00a0 Me\u0111unarodnog dana pozori\u0161ta za decu i mlade, znala sam da ona mora biti \u010destitka, podr\u0161ka i ohrabrenje. Pre svega, \u010destitka svim kolegama i prijateljima koji, uprkos izazovima dana\u0161njice i preprekama koje proizvode konstatan nemir i previranja u svetu, nastavljaju da stvaraju umetnost, brane\u0107i njene temeljne vrednosti. U vremenu kada se humanost neprestano stavlja na isku\u0161enja, umetnost ostaje bastion kreativnosti, slobode i empatije.<\/p><p>Ovo je i poruka ohrabrenja mladim stvaraocima da istra\u017euju, propituju i oblikuju svet kroz umetni\u010dke do\u017eivljaje namenjene svojim vr\u0161njacima, mla\u0111ima, ali i starijim generacijama. Svaki de\u010dak i devoj\u010dica u gledali\u0161tu zaslu\u017euju po\u0161tovanje. Njihov glas, reakcije i snovi treba da budu deo umetni\u010dkog dijaloga. Svaka iskrena pri\u010da i svaki trenutak na sceni mogu postati iskustvo koje \u0107e pamtiti zauvek. A koliko je va\u017eno da nas neko saslu\u0161a i \u010duje, znamo svi.<\/p><p>Istovremeno, ovo je poziv svim mladim profesionalcima da prepoznaju pozori\u0161te za decu i mlade kao prostor nepreglednih mogu\u0107nosti. Tu se stvaraju i utemeljuju vrednosti koje oblikuju dru\u0161tvo u kakvom \u017eelimo da \u017eivimo. Svako dete ima pravo na umetnost i kulturu, jer su one sastavni deo njegovog duhovnog i intelektualnog rasta. Umetnost nam daje prostor i slobodu da zami\u0161ljamo svet kakav bismo voleli da stvaramo, u kakvom \u017eelimo da rastu budu\u0107e generacije, i da u njemu zajedno u\u017eivamo.<\/p><p>Na\u0161 alat su upravo pri\u010de kojima oblikujemo humanost, solidarnost, pravdu i empatiju. One su na\u0161e sredstvo da otvorimo srca, podstaknemo radoznalost i podu\u010dimo vrednostima koje traju. Pomo\u0107 i podr\u0161ka odraslih su klju\u010dne, na\u0161a du\u017enost kao umetnika i stvaralaca u kulturi je da deci i mladima ponudimo dobrodo\u0161licu, podr\u0161ku ali i da otvorimo prostor za nadu, i onda kada govorimo o najte\u017eim temama.<\/p><p>Decenijama unazad mi odgajamo generacije bore\u0107i se sa atmosferom nesigurnosti, straha, izobli\u010denog i nakaradnog sistema vrednosti, pohlepe, nemo\u0107i i uvreda, na koje se na\u017ealost \u010desto ne \u010duje glasan odgovor u odbranu \u010destitosti. Ja koja sam uvek verovala i ulagala u mlade, upoznala i radila sa generacijama predivnih, pametnih mladih snaga, ostala sam zate\u010dena i zadivljena koli\u010dinom i snagom mladog sveta koji je ovde u zemlji u kojoj \u017eivim, kona\u010dno zasjao u punom sjaju.<\/p><p>Danas, vi\u0161e nego ikad, svesni smo da mladost donosi svetlost i promene &#8211; to \u017eivimo i tome svedo\u010dimo kod nas u Srbiji ve\u0107 mesecima. Od 1. novembra i nesre\u0107e u Novom Sadu kada su nastradali na\u0161i sugra\u0111ani, do dana\u0161njeg dana,\u00a0 mladi su nam pokazali neverovatnu snagu i mo\u0107 zajedni\u0161tva, ljubavi i radosti. Mladi su nas podsetili na vrednosti istine, pravde i solidarnosti. Njihova odlu\u010dnost i vera u bolje sutra probudili su i nas. I zato, na ovaj 20. mart 2025. godine,\u00a0 na prvi dan prole\u0107a, otvaram prozore i vrata \u0161irom, i pozivam i vas da pustite novu energiju u svoje prostore i srca, da nesebi\u010dno delite svoje znanje, ljubav, ume\u0107e i iskustvo. Bi\u0107ete iznena\u0111eni koliko \u0107e vas prepoznati, koliko \u0107e vam svet izgledati bogatije i smislenije.<\/p><p>Mi stvaramo pri\u010de u kojima dobrota i integritet uvek pobe\u0111uju. Verujem u svetlost i snagu dobra. Verujem u mladost koja nosi promene i budi nadu. I zato, neka ovaj Dan pozori\u0161ta za decu i mlade bude jo\u0161 jedan podsticaj da se osvrnemo oko sebe, prihvatimo i prigrlimo ono \u0161to je istinski va\u017eno \u2013 poverenje, solidarnost i ljubav.<\/p><p>Klju\u010d je u me\u0111usobnom poverenju, nadi i zajedni\u0161tvu.<\/p><p>Diana Kr\u017eani\u0107 Tepavac<\/p><p>Beograd, 20. mart 2025.<\/p>\t\t\t\t\t\t\t\t<\/div>\n\t\t\t\t<\/div>\n\t\t\t\t\t<\/div>\n\t\t\t\t<\/div>\n\t\t\t\t<\/div>\n\t\t","protected":false},"excerpt":{"rendered":"Ove godine je poruku povodom Svetskog dana pozori\u0161ta za decu i mlade ispred Assitej-a Srbija napisala Diana Kr\u017eani\u0107 Tepavac, po\u010dasna \u010dlanica Udru\u017eenja i doskora\u0161nja predsednica Izvr\u0161nog odbora.Svetlo koje nosimo: pozori\u0161te kao prostor odgovornosti, istine i dobroteKada sam prihvatila da napi\u0161em ovogodi\u0161nju poruku povodom\u00a0 Me\u0111unarodnog dana pozori\u0161ta za decu i mlade, znala sam da ona mora [&hellip;]","protected":false},"author":5,"featured_media":11843,"comment_status":"open","ping_status":"open","sticky":false,"template":"elementor_header_footer","format":"standard","meta":{"_acf_changed":false,"ocean_front_end_style_editor":"no","ocean_post_layout":"","ocean_both_sidebars_style":"","ocean_both_sidebars_content_width":0,"ocean_both_sidebars_sidebars_width":0,"ocean_sidebar":"0","ocean_second_sidebar":"0","ocean_disable_margins":"enable","ocean_add_body_class":"","ocean_shortcode_before_top_bar":"","ocean_shortcode_after_top_bar":"","ocean_shortcode_before_header":"","ocean_shortcode_after_header":"","ocean_has_shortcode":"","ocean_shortcode_after_title":"","ocean_shortcode_before_footer_widgets":"","ocean_shortcode_after_footer_widgets":"","ocean_shortcode_before_footer_bottom":"","ocean_shortcode_after_footer_bottom":"","ocean_display_top_bar":"default","ocean_display_header":"default","ocean_header_style":"","ocean_center_header_left_menu":"0","ocean_custom_header_template":"0","ocean_custom_logo":0,"ocean_custom_retina_logo":0,"ocean_custom_logo_max_width":0,"ocean_custom_logo_tablet_max_width":0,"ocean_custom_logo_mobile_max_width":0,"ocean_custom_logo_max_height":0,"ocean_custom_logo_tablet_max_height":0,"ocean_custom_logo_mobile_max_height":0,"ocean_header_custom_menu":"0","ocean_menu_typo_font_family":"0","ocean_menu_typo_font_subset":"","ocean_menu_typo_font_size":0,"ocean_menu_typo_font_size_tablet":0,"ocean_menu_typo_font_size_mobile":0,"ocean_menu_typo_font_size_unit":"px","ocean_menu_typo_font_weight":"","ocean_menu_typo_font_weight_tablet":"","ocean_menu_typo_font_weight_mobile":"","ocean_menu_typo_transform":"","ocean_menu_typo_transform_tablet":"","ocean_menu_typo_transform_mobile":"","ocean_menu_typo_line_height":0,"ocean_menu_typo_line_height_tablet":0,"ocean_menu_typo_line_height_mobile":0,"ocean_menu_typo_line_height_unit":"","ocean_menu_typo_spacing":0,"ocean_menu_typo_spacing_tablet":0,"ocean_menu_typo_spacing_mobile":0,"ocean_menu_typo_spacing_unit":"","ocean_menu_link_color":"","ocean_menu_link_color_hover":"","ocean_menu_link_color_active":"","ocean_menu_link_background":"","ocean_menu_link_hover_background":"","ocean_menu_link_active_background":"","ocean_menu_social_links_bg":"","ocean_menu_social_hover_links_bg":"","ocean_menu_social_links_color":"","ocean_menu_social_hover_links_color":"","ocean_disable_title":"on","ocean_disable_heading":"default","ocean_post_title":"","ocean_post_subheading":"","ocean_post_title_style":"","ocean_post_title_background_color":"","ocean_post_title_background":0,"ocean_post_title_bg_image_position":"","ocean_post_title_bg_image_attachment":"","ocean_post_title_bg_image_repeat":"","ocean_post_title_bg_image_size":"","ocean_post_title_height":0,"ocean_post_title_bg_overlay":0.5,"ocean_post_title_bg_overlay_color":"","ocean_disable_breadcrumbs":"off","ocean_breadcrumbs_color":"","ocean_breadcrumbs_separator_color":"","ocean_breadcrumbs_links_color":"","ocean_breadcrumbs_links_hover_color":"","ocean_display_footer_widgets":"default","ocean_display_footer_bottom":"default","ocean_custom_footer_template":"0","ocean_post_oembed":"","ocean_post_self_hosted_media":"","ocean_post_video_embed":"","ocean_link_format":"","ocean_link_format_target":"self","ocean_quote_format":"","ocean_quote_format_link":"post","ocean_gallery_link_images":"on","ocean_gallery_id":[],"footnotes":""},"categories":[89],"tags":[],"class_list":["post-11842","post","type-post","status-publish","format-standard","has-post-thumbnail","hentry","category-uncategorized-sr-latn","entry","has-media"],"acf":[],"yoast_head":"<!-- This site is optimized with the Yoast SEO plugin v28.3 - https:\/\/yoast.com\/product\/yoast-seo-wordpress\/ -->\n<title>20. mart I Svetski dan pozori\u0161ta za decu i mlade - malopozoriste<\/title>\n<meta name=\"robots\" content=\"index, follow, max-snippet:-1, max-image-preview:large, max-video-preview:-1\" \/>\n<link rel=\"canonical\" href=\"https:\/\/malopozoriste.smashingpixel.net\/sr-latn\/20-\u043c\u0430\u0440\u0442-i-\u0441\u0432\u0435\u0442\u0441\u043a\u0438-\u0434\u0430\u043d-\u043f\u043e\u0437\u043e\u0440\u0438\u0448\u0442\u0430-\u0437\u0430-\u0434\u0435\u0446\u0443-\u0438-\u043c\/\" \/>\n<meta property=\"og:locale\" content=\"en_US\" \/>\n<meta property=\"og:type\" content=\"article\" \/>\n<meta property=\"og:title\" content=\"20. mart I Svetski dan pozori\u0161ta za decu i mlade - malopozoriste\" \/>\n<meta property=\"og:description\" content=\"Ove godine je poruku povodom Svetskog dana pozori\u0161ta za decu i mlade ispred Assitej-a Srbija napisala Diana Kr\u017eani\u0107 Tepavac, po\u010dasna \u010dlanica Udru\u017eenja i doskora\u0161nja predsednica Izvr\u0161nog odbora.Svetlo koje nosimo: pozori\u0161te kao prostor odgovornosti, istine i dobroteKada sam prihvatila da napi\u0161em ovogodi\u0161nju poruku povodom\u00a0 Me\u0111unarodnog dana pozori\u0161ta za decu i mlade, znala sam da ona mora [&hellip;]\" \/>\n<meta property=\"og:url\" content=\"https:\/\/malopozoriste.smashingpixel.net\/sr-latn\/20-\u043c\u0430\u0440\u0442-i-\u0441\u0432\u0435\u0442\u0441\u043a\u0438-\u0434\u0430\u043d-\u043f\u043e\u0437\u043e\u0440\u0438\u0448\u0442\u0430-\u0437\u0430-\u0434\u0435\u0446\u0443-\u0438-\u043c\/\" \/>\n<meta property=\"og:site_name\" content=\"malopozoriste\" \/>\n<meta property=\"article:publisher\" content=\"https:\/\/www.facebook.com\/malopozoriste1948#\" \/>\n<meta property=\"article:published_time\" content=\"2025-03-20T08:28:01+00:00\" \/>\n<meta property=\"article:modified_time\" content=\"2025-03-20T08:46:40+00:00\" \/>\n<meta property=\"og:image\" content=\"https:\/\/malopozoriste.smashingpixel.net\/wp-content\/uploads\/2025\/03\/Diana-K-Tepavac.jpg\" \/>\n\t<meta property=\"og:image:width\" content=\"1280\" \/>\n\t<meta property=\"og:image:height\" content=\"847\" \/>\n\t<meta property=\"og:image:type\" content=\"image\/jpeg\" \/>\n<meta name=\"author\" content=\"P0p4r7\" \/>\n<meta name=\"twitter:card\" content=\"summary_large_image\" \/>\n<meta name=\"twitter:label1\" content=\"Written by\" \/>\n\t<meta name=\"twitter:data1\" content=\"P0p4r7\" \/>\n\t<meta name=\"twitter:label2\" content=\"Est. reading time\" \/>\n\t<meta name=\"twitter:data2\" content=\"3 minutes\" \/>\n<script type=\"application\/ld+json\" class=\"yoast-schema-graph\">{\"@context\":\"https:\\\/\\\/schema.org\",\"@graph\":[{\"@type\":\"Article\",\"@id\":\"https:\\\/\\\/malopozoriste.smashingpixel.net\\\/sr-latn\\\/20-%d0%bc%d0%b0%d1%80%d1%82-i-%d1%81%d0%b2%d0%b5%d1%82%d1%81%d0%ba%d0%b8-%d0%b4%d0%b0%d0%bd-%d0%bf%d0%be%d0%b7%d0%be%d1%80%d0%b8%d1%88%d1%82%d0%b0-%d0%b7%d0%b0-%d0%b4%d0%b5%d1%86%d1%83-%d0%b8-%d0%bc\\\/#article\",\"isPartOf\":{\"@id\":\"https:\\\/\\\/malopozoriste.smashingpixel.net\\\/sr-latn\\\/20-%d0%bc%d0%b0%d1%80%d1%82-i-%d1%81%d0%b2%d0%b5%d1%82%d1%81%d0%ba%d0%b8-%d0%b4%d0%b0%d0%bd-%d0%bf%d0%be%d0%b7%d0%be%d1%80%d0%b8%d1%88%d1%82%d0%b0-%d0%b7%d0%b0-%d0%b4%d0%b5%d1%86%d1%83-%d0%b8-%d0%bc\\\/\"},\"author\":{\"name\":\"P0p4r7\",\"@id\":\"https:\\\/\\\/malopozoriste.smashingpixel.net\\\/#\\\/schema\\\/person\\\/a0e780274f587f25a77993e82d795701\"},\"headline\":\"20. mart I Svetski dan pozori\u0161ta za decu i mlade\",\"datePublished\":\"2025-03-20T08:28:01+00:00\",\"dateModified\":\"2025-03-20T08:46:40+00:00\",\"mainEntityOfPage\":{\"@id\":\"https:\\\/\\\/malopozoriste.smashingpixel.net\\\/sr-latn\\\/20-%d0%bc%d0%b0%d1%80%d1%82-i-%d1%81%d0%b2%d0%b5%d1%82%d1%81%d0%ba%d0%b8-%d0%b4%d0%b0%d0%bd-%d0%bf%d0%be%d0%b7%d0%be%d1%80%d0%b8%d1%88%d1%82%d0%b0-%d0%b7%d0%b0-%d0%b4%d0%b5%d1%86%d1%83-%d0%b8-%d0%bc\\\/\"},\"wordCount\":663,\"commentCount\":0,\"publisher\":{\"@id\":\"https:\\\/\\\/malopozoriste.smashingpixel.net\\\/#organization\"},\"image\":{\"@id\":\"https:\\\/\\\/malopozoriste.smashingpixel.net\\\/sr-latn\\\/20-%d0%bc%d0%b0%d1%80%d1%82-i-%d1%81%d0%b2%d0%b5%d1%82%d1%81%d0%ba%d0%b8-%d0%b4%d0%b0%d0%bd-%d0%bf%d0%be%d0%b7%d0%be%d1%80%d0%b8%d1%88%d1%82%d0%b0-%d0%b7%d0%b0-%d0%b4%d0%b5%d1%86%d1%83-%d0%b8-%d0%bc\\\/#primaryimage\"},\"thumbnailUrl\":\"https:\\\/\\\/malopozoriste.smashingpixel.net\\\/wp-content\\\/uploads\\\/2025\\\/03\\\/Diana-K-Tepavac.jpg\",\"articleSection\":[\"Uncategorized @sr-latn\"],\"inLanguage\":\"sr-latn\",\"potentialAction\":[{\"@type\":\"CommentAction\",\"name\":\"Comment\",\"target\":[\"https:\\\/\\\/malopozoriste.smashingpixel.net\\\/sr-latn\\\/20-%d0%bc%d0%b0%d1%80%d1%82-i-%d1%81%d0%b2%d0%b5%d1%82%d1%81%d0%ba%d0%b8-%d0%b4%d0%b0%d0%bd-%d0%bf%d0%be%d0%b7%d0%be%d1%80%d0%b8%d1%88%d1%82%d0%b0-%d0%b7%d0%b0-%d0%b4%d0%b5%d1%86%d1%83-%d0%b8-%d0%bc\\\/#respond\"]}]},{\"@type\":\"WebPage\",\"@id\":\"https:\\\/\\\/malopozoriste.smashingpixel.net\\\/sr-latn\\\/20-%d0%bc%d0%b0%d1%80%d1%82-i-%d1%81%d0%b2%d0%b5%d1%82%d1%81%d0%ba%d0%b8-%d0%b4%d0%b0%d0%bd-%d0%bf%d0%be%d0%b7%d0%be%d1%80%d0%b8%d1%88%d1%82%d0%b0-%d0%b7%d0%b0-%d0%b4%d0%b5%d1%86%d1%83-%d0%b8-%d0%bc\\\/\",\"url\":\"https:\\\/\\\/malopozoriste.smashingpixel.net\\\/sr-latn\\\/20-%d0%bc%d0%b0%d1%80%d1%82-i-%d1%81%d0%b2%d0%b5%d1%82%d1%81%d0%ba%d0%b8-%d0%b4%d0%b0%d0%bd-%d0%bf%d0%be%d0%b7%d0%be%d1%80%d0%b8%d1%88%d1%82%d0%b0-%d0%b7%d0%b0-%d0%b4%d0%b5%d1%86%d1%83-%d0%b8-%d0%bc\\\/\",\"name\":\"20. mart I Svetski dan pozori\u0161ta za decu i mlade - malopozoriste\",\"isPartOf\":{\"@id\":\"https:\\\/\\\/malopozoriste.smashingpixel.net\\\/#website\"},\"primaryImageOfPage\":{\"@id\":\"https:\\\/\\\/malopozoriste.smashingpixel.net\\\/sr-latn\\\/20-%d0%bc%d0%b0%d1%80%d1%82-i-%d1%81%d0%b2%d0%b5%d1%82%d1%81%d0%ba%d0%b8-%d0%b4%d0%b0%d0%bd-%d0%bf%d0%be%d0%b7%d0%be%d1%80%d0%b8%d1%88%d1%82%d0%b0-%d0%b7%d0%b0-%d0%b4%d0%b5%d1%86%d1%83-%d0%b8-%d0%bc\\\/#primaryimage\"},\"image\":{\"@id\":\"https:\\\/\\\/malopozoriste.smashingpixel.net\\\/sr-latn\\\/20-%d0%bc%d0%b0%d1%80%d1%82-i-%d1%81%d0%b2%d0%b5%d1%82%d1%81%d0%ba%d0%b8-%d0%b4%d0%b0%d0%bd-%d0%bf%d0%be%d0%b7%d0%be%d1%80%d0%b8%d1%88%d1%82%d0%b0-%d0%b7%d0%b0-%d0%b4%d0%b5%d1%86%d1%83-%d0%b8-%d0%bc\\\/#primaryimage\"},\"thumbnailUrl\":\"https:\\\/\\\/malopozoriste.smashingpixel.net\\\/wp-content\\\/uploads\\\/2025\\\/03\\\/Diana-K-Tepavac.jpg\",\"datePublished\":\"2025-03-20T08:28:01+00:00\",\"dateModified\":\"2025-03-20T08:46:40+00:00\",\"breadcrumb\":{\"@id\":\"https:\\\/\\\/malopozoriste.smashingpixel.net\\\/sr-latn\\\/20-%d0%bc%d0%b0%d1%80%d1%82-i-%d1%81%d0%b2%d0%b5%d1%82%d1%81%d0%ba%d0%b8-%d0%b4%d0%b0%d0%bd-%d0%bf%d0%be%d0%b7%d0%be%d1%80%d0%b8%d1%88%d1%82%d0%b0-%d0%b7%d0%b0-%d0%b4%d0%b5%d1%86%d1%83-%d0%b8-%d0%bc\\\/#breadcrumb\"},\"inLanguage\":\"sr-latn\",\"potentialAction\":[{\"@type\":\"ReadAction\",\"target\":[\"https:\\\/\\\/malopozoriste.smashingpixel.net\\\/sr-latn\\\/20-%d0%bc%d0%b0%d1%80%d1%82-i-%d1%81%d0%b2%d0%b5%d1%82%d1%81%d0%ba%d0%b8-%d0%b4%d0%b0%d0%bd-%d0%bf%d0%be%d0%b7%d0%be%d1%80%d0%b8%d1%88%d1%82%d0%b0-%d0%b7%d0%b0-%d0%b4%d0%b5%d1%86%d1%83-%d0%b8-%d0%bc\\\/\"]}]},{\"@type\":\"ImageObject\",\"inLanguage\":\"sr-latn\",\"@id\":\"https:\\\/\\\/malopozoriste.smashingpixel.net\\\/sr-latn\\\/20-%d0%bc%d0%b0%d1%80%d1%82-i-%d1%81%d0%b2%d0%b5%d1%82%d1%81%d0%ba%d0%b8-%d0%b4%d0%b0%d0%bd-%d0%bf%d0%be%d0%b7%d0%be%d1%80%d0%b8%d1%88%d1%82%d0%b0-%d0%b7%d0%b0-%d0%b4%d0%b5%d1%86%d1%83-%d0%b8-%d0%bc\\\/#primaryimage\",\"url\":\"https:\\\/\\\/malopozoriste.smashingpixel.net\\\/wp-content\\\/uploads\\\/2025\\\/03\\\/Diana-K-Tepavac.jpg\",\"contentUrl\":\"https:\\\/\\\/malopozoriste.smashingpixel.net\\\/wp-content\\\/uploads\\\/2025\\\/03\\\/Diana-K-Tepavac.jpg\",\"width\":1280,\"height\":847},{\"@type\":\"BreadcrumbList\",\"@id\":\"https:\\\/\\\/malopozoriste.smashingpixel.net\\\/sr-latn\\\/20-%d0%bc%d0%b0%d1%80%d1%82-i-%d1%81%d0%b2%d0%b5%d1%82%d1%81%d0%ba%d0%b8-%d0%b4%d0%b0%d0%bd-%d0%bf%d0%be%d0%b7%d0%be%d1%80%d0%b8%d1%88%d1%82%d0%b0-%d0%b7%d0%b0-%d0%b4%d0%b5%d1%86%d1%83-%d0%b8-%d0%bc\\\/#breadcrumb\",\"itemListElement\":[{\"@type\":\"ListItem\",\"position\":1,\"name\":\"\u041f\u043e\u0447\u0435\u0442\u043d\u0430\",\"item\":\"https:\\\/\\\/malopozoriste.smashingpixel.net\\\/sr-latn\\\/home\\\/\"},{\"@type\":\"ListItem\",\"position\":2,\"name\":\"20. mart I Svetski dan pozori\u0161ta za decu i mlade\"}]},{\"@type\":\"WebSite\",\"@id\":\"https:\\\/\\\/malopozoriste.smashingpixel.net\\\/#website\",\"url\":\"https:\\\/\\\/malopozoriste.smashingpixel.net\\\/\",\"name\":\"malopozoriste\",\"description\":\"\",\"publisher\":{\"@id\":\"https:\\\/\\\/malopozoriste.smashingpixel.net\\\/#organization\"},\"potentialAction\":[{\"@type\":\"SearchAction\",\"target\":{\"@type\":\"EntryPoint\",\"urlTemplate\":\"https:\\\/\\\/malopozoriste.smashingpixel.net\\\/?s={search_term_string}\"},\"query-input\":{\"@type\":\"PropertyValueSpecification\",\"valueRequired\":true,\"valueName\":\"search_term_string\"}}],\"inLanguage\":\"sr-latn\"},{\"@type\":\"Organization\",\"@id\":\"https:\\\/\\\/malopozoriste.smashingpixel.net\\\/#organization\",\"name\":\"\u041c\u0430\u043b\u043e \u043f\u043e\u0437\u043e\u0440\u0438\u0448\u0442\u0435 \u0414\u0443\u0448\u043a\u043e \u0420\u0430\u0434\u043e\u0432\u0438\u045b\",\"url\":\"https:\\\/\\\/malopozoriste.smashingpixel.net\\\/\",\"logo\":{\"@type\":\"ImageObject\",\"inLanguage\":\"sr-latn\",\"@id\":\"https:\\\/\\\/malopozoriste.smashingpixel.net\\\/#\\\/schema\\\/logo\\\/image\\\/\",\"url\":\"https:\\\/\\\/malopozoriste.smashingpixel.net\\\/wp-content\\\/uploads\\\/2024\\\/03\\\/malo_pozoriste_logo142x140.png\",\"contentUrl\":\"https:\\\/\\\/malopozoriste.smashingpixel.net\\\/wp-content\\\/uploads\\\/2024\\\/03\\\/malo_pozoriste_logo142x140.png\",\"width\":142,\"height\":140,\"caption\":\"\u041c\u0430\u043b\u043e \u043f\u043e\u0437\u043e\u0440\u0438\u0448\u0442\u0435 \u0414\u0443\u0448\u043a\u043e \u0420\u0430\u0434\u043e\u0432\u0438\u045b\"},\"image\":{\"@id\":\"https:\\\/\\\/malopozoriste.smashingpixel.net\\\/#\\\/schema\\\/logo\\\/image\\\/\"},\"sameAs\":[\"https:\\\/\\\/www.facebook.com\\\/malopozoriste1948#\"]},{\"@type\":\"Person\",\"@id\":\"https:\\\/\\\/malopozoriste.smashingpixel.net\\\/#\\\/schema\\\/person\\\/a0e780274f587f25a77993e82d795701\",\"name\":\"P0p4r7\",\"image\":{\"@type\":\"ImageObject\",\"inLanguage\":\"sr-latn\",\"@id\":\"https:\\\/\\\/secure.gravatar.com\\\/avatar\\\/3072a7becae851e6c69fcb1a91018459754a5f928756e72b9d22e7a452300b5e?s=96&d=mm&r=g\",\"url\":\"https:\\\/\\\/secure.gravatar.com\\\/avatar\\\/3072a7becae851e6c69fcb1a91018459754a5f928756e72b9d22e7a452300b5e?s=96&d=mm&r=g\",\"contentUrl\":\"https:\\\/\\\/secure.gravatar.com\\\/avatar\\\/3072a7becae851e6c69fcb1a91018459754a5f928756e72b9d22e7a452300b5e?s=96&d=mm&r=g\",\"caption\":\"P0p4r7\"},\"url\":\"https:\\\/\\\/malopozoriste.smashingpixel.net\\\/sr-latn\\\/author\\\/p0p4r7\\\/\"}]}<\/script>\n<!-- \/ Yoast SEO plugin. -->","yoast_head_json":{"title":"20. mart I Svetski dan pozori\u0161ta za decu i mlade - malopozoriste","robots":{"index":"index","follow":"follow","max-snippet":"max-snippet:-1","max-image-preview":"max-image-preview:large","max-video-preview":"max-video-preview:-1"},"canonical":"https:\/\/malopozoriste.smashingpixel.net\/sr-latn\/20-\u043c\u0430\u0440\u0442-i-\u0441\u0432\u0435\u0442\u0441\u043a\u0438-\u0434\u0430\u043d-\u043f\u043e\u0437\u043e\u0440\u0438\u0448\u0442\u0430-\u0437\u0430-\u0434\u0435\u0446\u0443-\u0438-\u043c\/","og_locale":"en_US","og_type":"article","og_title":"20. mart I Svetski dan pozori\u0161ta za decu i mlade - malopozoriste","og_description":"Ove godine je poruku povodom Svetskog dana pozori\u0161ta za decu i mlade ispred Assitej-a Srbija napisala Diana Kr\u017eani\u0107 Tepavac, po\u010dasna \u010dlanica Udru\u017eenja i doskora\u0161nja predsednica Izvr\u0161nog odbora.Svetlo koje nosimo: pozori\u0161te kao prostor odgovornosti, istine i dobroteKada sam prihvatila da napi\u0161em ovogodi\u0161nju poruku povodom\u00a0 Me\u0111unarodnog dana pozori\u0161ta za decu i mlade, znala sam da ona mora [&hellip;]","og_url":"https:\/\/malopozoriste.smashingpixel.net\/sr-latn\/20-\u043c\u0430\u0440\u0442-i-\u0441\u0432\u0435\u0442\u0441\u043a\u0438-\u0434\u0430\u043d-\u043f\u043e\u0437\u043e\u0440\u0438\u0448\u0442\u0430-\u0437\u0430-\u0434\u0435\u0446\u0443-\u0438-\u043c\/","og_site_name":"malopozoriste","article_publisher":"https:\/\/www.facebook.com\/malopozoriste1948#","article_published_time":"2025-03-20T08:28:01+00:00","article_modified_time":"2025-03-20T08:46:40+00:00","og_image":[{"width":1280,"height":847,"url":"https:\/\/malopozoriste.smashingpixel.net\/wp-content\/uploads\/2025\/03\/Diana-K-Tepavac.jpg","type":"image\/jpeg"}],"author":"P0p4r7","twitter_card":"summary_large_image","twitter_misc":{"Written by":"P0p4r7","Est. reading time":"3 minutes"},"schema":{"@context":"https:\/\/schema.org","@graph":[{"@type":"Article","@id":"https:\/\/malopozoriste.smashingpixel.net\/sr-latn\/20-%d0%bc%d0%b0%d1%80%d1%82-i-%d1%81%d0%b2%d0%b5%d1%82%d1%81%d0%ba%d0%b8-%d0%b4%d0%b0%d0%bd-%d0%bf%d0%be%d0%b7%d0%be%d1%80%d0%b8%d1%88%d1%82%d0%b0-%d0%b7%d0%b0-%d0%b4%d0%b5%d1%86%d1%83-%d0%b8-%d0%bc\/#article","isPartOf":{"@id":"https:\/\/malopozoriste.smashingpixel.net\/sr-latn\/20-%d0%bc%d0%b0%d1%80%d1%82-i-%d1%81%d0%b2%d0%b5%d1%82%d1%81%d0%ba%d0%b8-%d0%b4%d0%b0%d0%bd-%d0%bf%d0%be%d0%b7%d0%be%d1%80%d0%b8%d1%88%d1%82%d0%b0-%d0%b7%d0%b0-%d0%b4%d0%b5%d1%86%d1%83-%d0%b8-%d0%bc\/"},"author":{"name":"P0p4r7","@id":"https:\/\/malopozoriste.smashingpixel.net\/#\/schema\/person\/a0e780274f587f25a77993e82d795701"},"headline":"20. mart I Svetski dan pozori\u0161ta za decu i mlade","datePublished":"2025-03-20T08:28:01+00:00","dateModified":"2025-03-20T08:46:40+00:00","mainEntityOfPage":{"@id":"https:\/\/malopozoriste.smashingpixel.net\/sr-latn\/20-%d0%bc%d0%b0%d1%80%d1%82-i-%d1%81%d0%b2%d0%b5%d1%82%d1%81%d0%ba%d0%b8-%d0%b4%d0%b0%d0%bd-%d0%bf%d0%be%d0%b7%d0%be%d1%80%d0%b8%d1%88%d1%82%d0%b0-%d0%b7%d0%b0-%d0%b4%d0%b5%d1%86%d1%83-%d0%b8-%d0%bc\/"},"wordCount":663,"commentCount":0,"publisher":{"@id":"https:\/\/malopozoriste.smashingpixel.net\/#organization"},"image":{"@id":"https:\/\/malopozoriste.smashingpixel.net\/sr-latn\/20-%d0%bc%d0%b0%d1%80%d1%82-i-%d1%81%d0%b2%d0%b5%d1%82%d1%81%d0%ba%d0%b8-%d0%b4%d0%b0%d0%bd-%d0%bf%d0%be%d0%b7%d0%be%d1%80%d0%b8%d1%88%d1%82%d0%b0-%d0%b7%d0%b0-%d0%b4%d0%b5%d1%86%d1%83-%d0%b8-%d0%bc\/#primaryimage"},"thumbnailUrl":"https:\/\/malopozoriste.smashingpixel.net\/wp-content\/uploads\/2025\/03\/Diana-K-Tepavac.jpg","articleSection":["Uncategorized @sr-latn"],"inLanguage":"sr-latn","potentialAction":[{"@type":"CommentAction","name":"Comment","target":["https:\/\/malopozoriste.smashingpixel.net\/sr-latn\/20-%d0%bc%d0%b0%d1%80%d1%82-i-%d1%81%d0%b2%d0%b5%d1%82%d1%81%d0%ba%d0%b8-%d0%b4%d0%b0%d0%bd-%d0%bf%d0%be%d0%b7%d0%be%d1%80%d0%b8%d1%88%d1%82%d0%b0-%d0%b7%d0%b0-%d0%b4%d0%b5%d1%86%d1%83-%d0%b8-%d0%bc\/#respond"]}]},{"@type":"WebPage","@id":"https:\/\/malopozoriste.smashingpixel.net\/sr-latn\/20-%d0%bc%d0%b0%d1%80%d1%82-i-%d1%81%d0%b2%d0%b5%d1%82%d1%81%d0%ba%d0%b8-%d0%b4%d0%b0%d0%bd-%d0%bf%d0%be%d0%b7%d0%be%d1%80%d0%b8%d1%88%d1%82%d0%b0-%d0%b7%d0%b0-%d0%b4%d0%b5%d1%86%d1%83-%d0%b8-%d0%bc\/","url":"https:\/\/malopozoriste.smashingpixel.net\/sr-latn\/20-%d0%bc%d0%b0%d1%80%d1%82-i-%d1%81%d0%b2%d0%b5%d1%82%d1%81%d0%ba%d0%b8-%d0%b4%d0%b0%d0%bd-%d0%bf%d0%be%d0%b7%d0%be%d1%80%d0%b8%d1%88%d1%82%d0%b0-%d0%b7%d0%b0-%d0%b4%d0%b5%d1%86%d1%83-%d0%b8-%d0%bc\/","name":"20. mart I Svetski dan pozori\u0161ta za decu i mlade - malopozoriste","isPartOf":{"@id":"https:\/\/malopozoriste.smashingpixel.net\/#website"},"primaryImageOfPage":{"@id":"https:\/\/malopozoriste.smashingpixel.net\/sr-latn\/20-%d0%bc%d0%b0%d1%80%d1%82-i-%d1%81%d0%b2%d0%b5%d1%82%d1%81%d0%ba%d0%b8-%d0%b4%d0%b0%d0%bd-%d0%bf%d0%be%d0%b7%d0%be%d1%80%d0%b8%d1%88%d1%82%d0%b0-%d0%b7%d0%b0-%d0%b4%d0%b5%d1%86%d1%83-%d0%b8-%d0%bc\/#primaryimage"},"image":{"@id":"https:\/\/malopozoriste.smashingpixel.net\/sr-latn\/20-%d0%bc%d0%b0%d1%80%d1%82-i-%d1%81%d0%b2%d0%b5%d1%82%d1%81%d0%ba%d0%b8-%d0%b4%d0%b0%d0%bd-%d0%bf%d0%be%d0%b7%d0%be%d1%80%d0%b8%d1%88%d1%82%d0%b0-%d0%b7%d0%b0-%d0%b4%d0%b5%d1%86%d1%83-%d0%b8-%d0%bc\/#primaryimage"},"thumbnailUrl":"https:\/\/malopozoriste.smashingpixel.net\/wp-content\/uploads\/2025\/03\/Diana-K-Tepavac.jpg","datePublished":"2025-03-20T08:28:01+00:00","dateModified":"2025-03-20T08:46:40+00:00","breadcrumb":{"@id":"https:\/\/malopozoriste.smashingpixel.net\/sr-latn\/20-%d0%bc%d0%b0%d1%80%d1%82-i-%d1%81%d0%b2%d0%b5%d1%82%d1%81%d0%ba%d0%b8-%d0%b4%d0%b0%d0%bd-%d0%bf%d0%be%d0%b7%d0%be%d1%80%d0%b8%d1%88%d1%82%d0%b0-%d0%b7%d0%b0-%d0%b4%d0%b5%d1%86%d1%83-%d0%b8-%d0%bc\/#breadcrumb"},"inLanguage":"sr-latn","potentialAction":[{"@type":"ReadAction","target":["https:\/\/malopozoriste.smashingpixel.net\/sr-latn\/20-%d0%bc%d0%b0%d1%80%d1%82-i-%d1%81%d0%b2%d0%b5%d1%82%d1%81%d0%ba%d0%b8-%d0%b4%d0%b0%d0%bd-%d0%bf%d0%be%d0%b7%d0%be%d1%80%d0%b8%d1%88%d1%82%d0%b0-%d0%b7%d0%b0-%d0%b4%d0%b5%d1%86%d1%83-%d0%b8-%d0%bc\/"]}]},{"@type":"ImageObject","inLanguage":"sr-latn","@id":"https:\/\/malopozoriste.smashingpixel.net\/sr-latn\/20-%d0%bc%d0%b0%d1%80%d1%82-i-%d1%81%d0%b2%d0%b5%d1%82%d1%81%d0%ba%d0%b8-%d0%b4%d0%b0%d0%bd-%d0%bf%d0%be%d0%b7%d0%be%d1%80%d0%b8%d1%88%d1%82%d0%b0-%d0%b7%d0%b0-%d0%b4%d0%b5%d1%86%d1%83-%d0%b8-%d0%bc\/#primaryimage","url":"https:\/\/malopozoriste.smashingpixel.net\/wp-content\/uploads\/2025\/03\/Diana-K-Tepavac.jpg","contentUrl":"https:\/\/malopozoriste.smashingpixel.net\/wp-content\/uploads\/2025\/03\/Diana-K-Tepavac.jpg","width":1280,"height":847},{"@type":"BreadcrumbList","@id":"https:\/\/malopozoriste.smashingpixel.net\/sr-latn\/20-%d0%bc%d0%b0%d1%80%d1%82-i-%d1%81%d0%b2%d0%b5%d1%82%d1%81%d0%ba%d0%b8-%d0%b4%d0%b0%d0%bd-%d0%bf%d0%be%d0%b7%d0%be%d1%80%d0%b8%d1%88%d1%82%d0%b0-%d0%b7%d0%b0-%d0%b4%d0%b5%d1%86%d1%83-%d0%b8-%d0%bc\/#breadcrumb","itemListElement":[{"@type":"ListItem","position":1,"name":"\u041f\u043e\u0447\u0435\u0442\u043d\u0430","item":"https:\/\/malopozoriste.smashingpixel.net\/sr-latn\/home\/"},{"@type":"ListItem","position":2,"name":"20. mart I Svetski dan pozori\u0161ta za decu i mlade"}]},{"@type":"WebSite","@id":"https:\/\/malopozoriste.smashingpixel.net\/#website","url":"https:\/\/malopozoriste.smashingpixel.net\/","name":"malopozoriste","description":"","publisher":{"@id":"https:\/\/malopozoriste.smashingpixel.net\/#organization"},"potentialAction":[{"@type":"SearchAction","target":{"@type":"EntryPoint","urlTemplate":"https:\/\/malopozoriste.smashingpixel.net\/?s={search_term_string}"},"query-input":{"@type":"PropertyValueSpecification","valueRequired":true,"valueName":"search_term_string"}}],"inLanguage":"sr-latn"},{"@type":"Organization","@id":"https:\/\/malopozoriste.smashingpixel.net\/#organization","name":"\u041c\u0430\u043b\u043e \u043f\u043e\u0437\u043e\u0440\u0438\u0448\u0442\u0435 \u0414\u0443\u0448\u043a\u043e \u0420\u0430\u0434\u043e\u0432\u0438\u045b","url":"https:\/\/malopozoriste.smashingpixel.net\/","logo":{"@type":"ImageObject","inLanguage":"sr-latn","@id":"https:\/\/malopozoriste.smashingpixel.net\/#\/schema\/logo\/image\/","url":"https:\/\/malopozoriste.smashingpixel.net\/wp-content\/uploads\/2024\/03\/malo_pozoriste_logo142x140.png","contentUrl":"https:\/\/malopozoriste.smashingpixel.net\/wp-content\/uploads\/2024\/03\/malo_pozoriste_logo142x140.png","width":142,"height":140,"caption":"\u041c\u0430\u043b\u043e \u043f\u043e\u0437\u043e\u0440\u0438\u0448\u0442\u0435 \u0414\u0443\u0448\u043a\u043e \u0420\u0430\u0434\u043e\u0432\u0438\u045b"},"image":{"@id":"https:\/\/malopozoriste.smashingpixel.net\/#\/schema\/logo\/image\/"},"sameAs":["https:\/\/www.facebook.com\/malopozoriste1948#"]},{"@type":"Person","@id":"https:\/\/malopozoriste.smashingpixel.net\/#\/schema\/person\/a0e780274f587f25a77993e82d795701","name":"P0p4r7","image":{"@type":"ImageObject","inLanguage":"sr-latn","@id":"https:\/\/secure.gravatar.com\/avatar\/3072a7becae851e6c69fcb1a91018459754a5f928756e72b9d22e7a452300b5e?s=96&d=mm&r=g","url":"https:\/\/secure.gravatar.com\/avatar\/3072a7becae851e6c69fcb1a91018459754a5f928756e72b9d22e7a452300b5e?s=96&d=mm&r=g","contentUrl":"https:\/\/secure.gravatar.com\/avatar\/3072a7becae851e6c69fcb1a91018459754a5f928756e72b9d22e7a452300b5e?s=96&d=mm&r=g","caption":"P0p4r7"},"url":"https:\/\/malopozoriste.smashingpixel.net\/sr-latn\/author\/p0p4r7\/"}]}},"_links":{"self":[{"href":"https:\/\/malopozoriste.smashingpixel.net\/sr-latn\/wp-json\/wp\/v2\/posts\/11842","targetHints":{"allow":["GET"]}}],"collection":[{"href":"https:\/\/malopozoriste.smashingpixel.net\/sr-latn\/wp-json\/wp\/v2\/posts"}],"about":[{"href":"https:\/\/malopozoriste.smashingpixel.net\/sr-latn\/wp-json\/wp\/v2\/types\/post"}],"author":[{"embeddable":true,"href":"https:\/\/malopozoriste.smashingpixel.net\/sr-latn\/wp-json\/wp\/v2\/users\/5"}],"replies":[{"embeddable":true,"href":"https:\/\/malopozoriste.smashingpixel.net\/sr-latn\/wp-json\/wp\/v2\/comments?post=11842"}],"version-history":[{"count":0,"href":"https:\/\/malopozoriste.smashingpixel.net\/sr-latn\/wp-json\/wp\/v2\/posts\/11842\/revisions"}],"wp:featuredmedia":[{"embeddable":true,"href":"https:\/\/malopozoriste.smashingpixel.net\/sr-latn\/wp-json\/wp\/v2\/media\/11843"}],"wp:attachment":[{"href":"https:\/\/malopozoriste.smashingpixel.net\/sr-latn\/wp-json\/wp\/v2\/media?parent=11842"}],"wp:term":[{"taxonomy":"category","embeddable":true,"href":"https:\/\/malopozoriste.smashingpixel.net\/sr-latn\/wp-json\/wp\/v2\/categories?post=11842"},{"taxonomy":"post_tag","embeddable":true,"href":"https:\/\/malopozoriste.smashingpixel.net\/sr-latn\/wp-json\/wp\/v2\/tags?post=11842"}],"curies":[{"name":"wp","href":"https:\/\/api.w.org\/{rel}","templated":true}]}}