{"id":14711,"date":"2025-07-24T16:20:30","date_gmt":"2025-07-24T16:20:30","guid":{"rendered":"https:\/\/malopozoriste.smashingpixel.net\/sezona-2024-25-jedna-posebna-godina-u-pozoristu\/"},"modified":"2025-07-24T16:35:02","modified_gmt":"2025-07-24T16:35:02","slug":"sezona-2024-25-jedna-posebna-godina-u-pozoristu","status":"publish","type":"post","link":"https:\/\/malopozoriste.smashingpixel.net\/sr-latn\/sezona-2024-25-jedna-posebna-godina-u-pozoristu\/","title":{"rendered":"Sezona 2024\/25 \u2013 jedna posebna godina u pozori\u0161tu!"},"content":{"rendered":"\t\t<div data-elementor-type=\"wp-post\" data-elementor-id=\"14711\" class=\"elementor elementor-14711 elementor-14694\" data-elementor-post-type=\"post\">\n\t\t\t\t<div class=\"elementor-element elementor-element-329320e e-flex e-con-boxed e-con e-parent\" data-id=\"329320e\" data-element_type=\"container\" data-e-type=\"container\">\n\t\t\t\t\t<div class=\"e-con-inner\">\n\t\t\t\t<div class=\"elementor-element elementor-element-7562070 elementor-widget elementor-widget-heading\" data-id=\"7562070\" data-element_type=\"widget\" data-e-type=\"widget\" data-widget_type=\"heading.default\">\n\t\t\t\t<div class=\"elementor-widget-container\">\n\t\t\t\t\t<h2 class=\"elementor-heading-title elementor-size-default\">Sezona 2024\/25 \u2013 jedna posebna godina u pozori\u0161tu!<\/h2>\t\t\t\t<\/div>\n\t\t\t\t<\/div>\n\t\t\t\t\t<\/div>\n\t\t\t\t<\/div>\n\t\t<div class=\"elementor-element elementor-element-bcdc20f e-flex e-con-boxed e-con e-parent\" data-id=\"bcdc20f\" data-element_type=\"container\" data-e-type=\"container\">\n\t\t\t\t\t<div class=\"e-con-inner\">\n\t\t\t\t<div class=\"elementor-element elementor-element-1b70d86 elementor-widget elementor-widget-spacer\" data-id=\"1b70d86\" data-element_type=\"widget\" data-e-type=\"widget\" data-widget_type=\"spacer.default\">\n\t\t\t\t<div class=\"elementor-widget-container\">\n\t\t\t\t\t\t\t<div class=\"elementor-spacer\">\n\t\t\t<div class=\"elementor-spacer-inner\"><\/div>\n\t\t<\/div>\n\t\t\t\t\t\t<\/div>\n\t\t\t\t<\/div>\n\t\t\t\t\t<\/div>\n\t\t\t\t<\/div>\n\t\t<div class=\"elementor-element elementor-element-0815435 e-flex e-con-boxed e-con e-parent\" data-id=\"0815435\" data-element_type=\"container\" data-e-type=\"container\">\n\t\t\t\t\t<div class=\"e-con-inner\">\n\t\t\t\t\t<\/div>\n\t\t\t\t<\/div>\n\t\t<div class=\"elementor-element elementor-element-94a5b63 e-flex e-con-boxed e-con e-parent\" data-id=\"94a5b63\" data-element_type=\"container\" data-e-type=\"container\">\n\t\t\t\t\t<div class=\"e-con-inner\">\n\t\t\t\t<div class=\"elementor-element elementor-element-f72f20d elementor-widget elementor-widget-text-editor\" data-id=\"f72f20d\" data-element_type=\"widget\" data-e-type=\"widget\" data-widget_type=\"text-editor.default\">\n\t\t\t\t<div class=\"elementor-widget-container\">\n\t\t\t\t\t\t\t\t\t<h2><strong>Po\u0161tovana deco i odrasli,<\/strong><\/h2><p data-start=\"379\" data-end=\"547\">Upravo je zavr\u0161ena sezona 2024\/2025, i dok sklanjamo poslednju scenografiju, bri\u0161emo ogledala u garderobama i gasimo reflektore \u2013 \u017eelimo da vam se obratimo i zahvalimo.<\/p><p data-start=\"549\" data-end=\"699\">Iza nas je sezona puna izazova, uzbu\u0111enja, nagrada i, pre svega, dragocenih susreta. Odigrali smo <strong data-start=\"647\" data-end=\"664\">241 predstavu<\/strong> pred ukupno <strong data-start=\"677\" data-end=\"698\">43.598 posetilaca<\/strong>.<\/p><p data-start=\"701\" data-end=\"889\">Na\u0161a de\u010dja i ve\u010dernja scena zajedno pokrivaju uzraste od beba, dece i mladih \u2013 pa sve do odraslih, jer verujemo da <strong data-start=\"816\" data-end=\"843\">pozori\u0161te pripada svima<\/strong> i da <strong data-start=\"849\" data-end=\"888\">dobre pri\u010de nemaju starosnu granicu<\/strong>.<\/p><p data-start=\"891\" data-end=\"938\">Ove sezone premijerno smo izveli pet predstava:<\/p><ul><li data-start=\"941\" data-end=\"964\"><em data-start=\"941\" data-end=\"962\">Ne\u017ene sile kosmi\u010dke<\/em><\/li><li data-start=\"967\" data-end=\"993\"><em data-start=\"967\" data-end=\"991\">Sjaj zvezda na plafonu<\/em><\/li><li data-start=\"996\" data-end=\"1020\"><em data-start=\"996\" data-end=\"1018\">Avanture Singi Lumbe<\/em><\/li><li data-start=\"1023\" data-end=\"1032\"><em data-start=\"1023\" data-end=\"1030\">Tesla<\/em><\/li><li data-start=\"1035\" data-end=\"1172\"><em data-start=\"1035\" data-end=\"1053\">Ostrvo sa blagom<\/em> \u2013 \u010dija je premijera odr\u017eana u okviru festivala <strong data-start=\"1101\" data-end=\"1124\">Grad teatar u Budvi<\/strong>, dok nas beogradska premijera o\u010dekuje na jesen.<\/li><\/ul><p data-start=\"1174\" data-end=\"1408\">Na\u0161e predstave gostovale su \u0161irom Srbije i regiona \u2013 u Sarajevu, Kraljevu, Banjaluci, Subotici, Herceg Novom, Tivtu, Be\u010deju, Pan\u010devu, Somboru, Novom Sadu, Po\u017earevcu, Kotoru\u2026 Svuda smo do\u010dekani sa toplinom i aplauzima koji nas pokre\u0107u.<\/p><p data-start=\"1410\" data-end=\"1444\">Ponosni smo i na brojna priznanja:<\/p><ul><li data-start=\"1447\" data-end=\"1519\">Nagrade za <strong data-start=\"1458\" data-end=\"1489\">najbolju predstavu u celini<\/strong> za <em data-start=\"1493\" data-end=\"1517\">Sjaj zvezda na plafonu<\/em><em> i Kako je ozdravio Cvr\u010dak<\/em><\/li><li data-start=\"1522\" data-end=\"1564\">Nagrada za <strong data-start=\"1533\" data-end=\"1543\">re\u017eiju<\/strong> Damjanu Kecojevi\u0107u<\/li><li data-start=\"1567\" data-end=\"1675\"><strong data-start=\"1567\" data-end=\"1587\">Gluma\u010dke nagrade<\/strong> Mini Nenadovi\u0107, Dubravki Kovjani\u0107, Mladenu Vukovi\u0107u, Nikoli Kerkezu i Relji Jankovi\u0107u<\/li><li data-start=\"1678\" data-end=\"1719\"><strong data-start=\"1678\" data-end=\"1708\">Nagrada za kolektivnu igru<\/strong> ansamblu<\/li><li data-start=\"1722\" data-end=\"1768\">Nagrada za <strong data-start=\"1733\" data-end=\"1751\">kostimografiju<\/strong> Momirki Bailovi\u0107<\/li><\/ul><p data-start=\"1770\" data-end=\"1979\">Tako\u0111e, ugostili smo brojne ansamble iz zemlje i sveta \u2013 kolege iz Republike Srpske, Danske, Zaje\u010dara, Novog Sada, Zrenjanina, Vr\u0161ca\u2026 kao i studente glume i budu\u0107e umetnike koje s rado\u0161\u0107u pratimo i podr\u017eavamo.<\/p><p data-start=\"1981\" data-end=\"2230\">Posebno smo ponosni \u0161to smo i ove godine organizovali radionice koje podsti\u010du kreativnost dece i mladih, igru i izra\u017eavanje. Projekat <strong data-start=\"2115\" data-end=\"2132\">\u201eHear Me Out\u201c<\/strong>, razgovori posle predstava i radionice na otvorenom otvorili su prostor za dijalog i povezivanje.<\/p><p data-start=\"2232\" data-end=\"2375\">Dragi na\u0161i \u2013 <strong data-start=\"2245\" data-end=\"2292\">hvala vam \u0161to ste sa nama delili ovu sezonu<\/strong>.<br data-start=\"2293\" data-end=\"2296\" \/>Hvala \u0161to u\u010dite svoju decu da vole pozori\u0161te \u2013 i \u0161to ga volite zajedno s njima.<\/p><p data-start=\"2377\" data-end=\"2599\">Tokom avgusta \u0107emo, kao i svake godine, marljivo pripremati novu sezonu. A dotad \u2013 \u017eelimo vam da se odmorite, sanjate, igrate i istra\u017eujete \u2013 jer sve to \u0107emo ponovo deliti od septembra, u <strong data-start=\"2565\" data-end=\"2598\">na\u0161em i va\u0161em Malom pozori\u0161tu<\/strong>.<\/p><p data-start=\"2601\" data-end=\"2618\">Vidimo se uskoro!<\/p><p data-start=\"2620\" data-end=\"2659\"><strong data-start=\"2620\" data-end=\"2659\">Va\u0161e Malo pozori\u0161te \u201eDu\u0161ko Radovi\u0107\u201c<\/strong><\/p>\t\t\t\t\t\t\t\t<\/div>\n\t\t\t\t<\/div>\n\t\t\t\t\t<\/div>\n\t\t\t\t<\/div>\n\t\t\t\t<\/div>\n\t\t","protected":false},"excerpt":{"rendered":"Sezona 2024\/25 \u2013 jedna posebna godina u pozori\u0161tu! Po\u0161tovana deco i odrasli,Upravo je zavr\u0161ena sezona 2024\/2025, i dok sklanjamo poslednju scenografiju, bri\u0161emo ogledala u garderobama i gasimo reflektore \u2013 \u017eelimo da vam se obratimo i zahvalimo.Iza nas je sezona puna izazova, uzbu\u0111enja, nagrada i, pre svega, dragocenih susreta. Odigrali smo 241 predstavu pred ukupno 43.598 [&hellip;]","protected":false},"author":5,"featured_media":14697,"comment_status":"closed","ping_status":"open","sticky":false,"template":"elementor_header_footer","format":"standard","meta":{"_acf_changed":false,"ocean_front_end_style_editor":"no","ocean_post_layout":"","ocean_both_sidebars_style":"","ocean_both_sidebars_content_width":0,"ocean_both_sidebars_sidebars_width":0,"ocean_sidebar":"0","ocean_second_sidebar":"0","ocean_disable_margins":"enable","ocean_add_body_class":"","ocean_shortcode_before_top_bar":"","ocean_shortcode_after_top_bar":"","ocean_shortcode_before_header":"","ocean_shortcode_after_header":"","ocean_has_shortcode":"","ocean_shortcode_after_title":"","ocean_shortcode_before_footer_widgets":"","ocean_shortcode_after_footer_widgets":"","ocean_shortcode_before_footer_bottom":"","ocean_shortcode_after_footer_bottom":"","ocean_display_top_bar":"default","ocean_display_header":"default","ocean_header_style":"","ocean_center_header_left_menu":"0","ocean_custom_header_template":"0","ocean_custom_logo":0,"ocean_custom_retina_logo":0,"ocean_custom_logo_max_width":0,"ocean_custom_logo_tablet_max_width":0,"ocean_custom_logo_mobile_max_width":0,"ocean_custom_logo_max_height":0,"ocean_custom_logo_tablet_max_height":0,"ocean_custom_logo_mobile_max_height":0,"ocean_header_custom_menu":"0","ocean_menu_typo_font_family":"0","ocean_menu_typo_font_subset":"","ocean_menu_typo_font_size":0,"ocean_menu_typo_font_size_tablet":0,"ocean_menu_typo_font_size_mobile":0,"ocean_menu_typo_font_size_unit":"px","ocean_menu_typo_font_weight":"","ocean_menu_typo_font_weight_tablet":"","ocean_menu_typo_font_weight_mobile":"","ocean_menu_typo_transform":"","ocean_menu_typo_transform_tablet":"","ocean_menu_typo_transform_mobile":"","ocean_menu_typo_line_height":0,"ocean_menu_typo_line_height_tablet":0,"ocean_menu_typo_line_height_mobile":0,"ocean_menu_typo_line_height_unit":"","ocean_menu_typo_spacing":0,"ocean_menu_typo_spacing_tablet":0,"ocean_menu_typo_spacing_mobile":0,"ocean_menu_typo_spacing_unit":"","ocean_menu_link_color":"","ocean_menu_link_color_hover":"","ocean_menu_link_color_active":"","ocean_menu_link_background":"","ocean_menu_link_hover_background":"","ocean_menu_link_active_background":"","ocean_menu_social_links_bg":"","ocean_menu_social_hover_links_bg":"","ocean_menu_social_links_color":"","ocean_menu_social_hover_links_color":"","ocean_disable_title":"on","ocean_disable_heading":"default","ocean_post_title":"","ocean_post_subheading":"","ocean_post_title_style":"","ocean_post_title_background_color":"","ocean_post_title_background":0,"ocean_post_title_bg_image_position":"","ocean_post_title_bg_image_attachment":"","ocean_post_title_bg_image_repeat":"","ocean_post_title_bg_image_size":"","ocean_post_title_height":0,"ocean_post_title_bg_overlay":0.5,"ocean_post_title_bg_overlay_color":"","ocean_disable_breadcrumbs":"off","ocean_breadcrumbs_color":"","ocean_breadcrumbs_separator_color":"","ocean_breadcrumbs_links_color":"","ocean_breadcrumbs_links_hover_color":"","ocean_display_footer_widgets":"default","ocean_display_footer_bottom":"default","ocean_custom_footer_template":"0","ocean_post_oembed":"","ocean_post_self_hosted_media":"","ocean_post_video_embed":"","ocean_link_format":"","ocean_link_format_target":"self","ocean_quote_format":"","ocean_quote_format_link":"post","ocean_gallery_link_images":"on","ocean_gallery_id":[],"footnotes":""},"categories":[89,89],"tags":[],"class_list":["post-14711","post","type-post","status-publish","format-standard","has-post-thumbnail","hentry","category-uncategorized-sr-latn","entry","has-media"],"acf":[],"yoast_head":"<!-- This site is optimized with the Yoast SEO plugin v28.3 - https:\/\/yoast.com\/product\/yoast-seo-wordpress\/ -->\n<title>Sezona 2024\/25 \u2013 jedna posebna godina u pozori\u0161tu! - malopozoriste<\/title>\n<meta name=\"robots\" content=\"index, follow, max-snippet:-1, max-image-preview:large, max-video-preview:-1\" \/>\n<link rel=\"canonical\" href=\"https:\/\/malopozoriste.smashingpixel.net\/sr-latn\/sezona-2024-25-jedna-posebna-godina-u-pozoristu\/\" \/>\n<meta property=\"og:locale\" content=\"en_US\" \/>\n<meta property=\"og:type\" content=\"article\" \/>\n<meta property=\"og:title\" content=\"Sezona 2024\/25 \u2013 jedna posebna godina u pozori\u0161tu! - malopozoriste\" \/>\n<meta property=\"og:description\" content=\"Sezona 2024\/25 \u2013 jedna posebna godina u pozori\u0161tu! Po\u0161tovana deco i odrasli,Upravo je zavr\u0161ena sezona 2024\/2025, i dok sklanjamo poslednju scenografiju, bri\u0161emo ogledala u garderobama i gasimo reflektore \u2013 \u017eelimo da vam se obratimo i zahvalimo.Iza nas je sezona puna izazova, uzbu\u0111enja, nagrada i, pre svega, dragocenih susreta. Odigrali smo 241 predstavu pred ukupno 43.598 [&hellip;]\" \/>\n<meta property=\"og:url\" content=\"https:\/\/malopozoriste.smashingpixel.net\/sr-latn\/sezona-2024-25-jedna-posebna-godina-u-pozoristu\/\" \/>\n<meta property=\"og:site_name\" content=\"malopozoriste\" \/>\n<meta property=\"article:publisher\" content=\"https:\/\/www.facebook.com\/malopozoriste1948#\" \/>\n<meta property=\"article:published_time\" content=\"2025-07-24T16:20:30+00:00\" \/>\n<meta property=\"article:modified_time\" content=\"2025-07-24T16:35:02+00:00\" \/>\n<meta property=\"og:image\" content=\"https:\/\/malopozoriste.smashingpixel.net\/wp-content\/uploads\/2025\/07\/Fotografije-publike-Belkisa-Abdulovic-3.jpg\" \/>\n\t<meta property=\"og:image:width\" content=\"1280\" \/>\n\t<meta property=\"og:image:height\" content=\"853\" \/>\n\t<meta property=\"og:image:type\" content=\"image\/jpeg\" \/>\n<meta name=\"author\" content=\"P0p4r7\" \/>\n<meta name=\"twitter:card\" content=\"summary_large_image\" \/>\n<meta name=\"twitter:label1\" content=\"Written by\" \/>\n\t<meta name=\"twitter:data1\" content=\"P0p4r7\" \/>\n\t<meta name=\"twitter:label2\" content=\"Est. reading time\" \/>\n\t<meta name=\"twitter:data2\" content=\"2 minutes\" \/>\n<script type=\"application\/ld+json\" class=\"yoast-schema-graph\">{\"@context\":\"https:\\\/\\\/schema.org\",\"@graph\":[{\"@type\":\"Article\",\"@id\":\"https:\\\/\\\/malopozoriste.smashingpixel.net\\\/sr-latn\\\/sezona-2024-25-jedna-posebna-godina-u-pozoristu\\\/#article\",\"isPartOf\":{\"@id\":\"https:\\\/\\\/malopozoriste.smashingpixel.net\\\/sr-latn\\\/sezona-2024-25-jedna-posebna-godina-u-pozoristu\\\/\"},\"author\":{\"name\":\"P0p4r7\",\"@id\":\"https:\\\/\\\/malopozoriste.smashingpixel.net\\\/#\\\/schema\\\/person\\\/a0e780274f587f25a77993e82d795701\"},\"headline\":\"Sezona 2024\\\/25 \u2013 jedna posebna godina u pozori\u0161tu!\",\"datePublished\":\"2025-07-24T16:20:30+00:00\",\"dateModified\":\"2025-07-24T16:35:02+00:00\",\"mainEntityOfPage\":{\"@id\":\"https:\\\/\\\/malopozoriste.smashingpixel.net\\\/sr-latn\\\/sezona-2024-25-jedna-posebna-godina-u-pozoristu\\\/\"},\"wordCount\":394,\"publisher\":{\"@id\":\"https:\\\/\\\/malopozoriste.smashingpixel.net\\\/#organization\"},\"image\":{\"@id\":\"https:\\\/\\\/malopozoriste.smashingpixel.net\\\/sr-latn\\\/sezona-2024-25-jedna-posebna-godina-u-pozoristu\\\/#primaryimage\"},\"thumbnailUrl\":\"https:\\\/\\\/malopozoriste.smashingpixel.net\\\/wp-content\\\/uploads\\\/2025\\\/07\\\/Fotografije-publike-Belkisa-Abdulovic-3.jpg\",\"articleSection\":[\"Uncategorized @sr-latn\",\"Uncategorized @sr-latn\"],\"inLanguage\":\"sr-latn\"},{\"@type\":\"WebPage\",\"@id\":\"https:\\\/\\\/malopozoriste.smashingpixel.net\\\/sr-latn\\\/sezona-2024-25-jedna-posebna-godina-u-pozoristu\\\/\",\"url\":\"https:\\\/\\\/malopozoriste.smashingpixel.net\\\/sr-latn\\\/sezona-2024-25-jedna-posebna-godina-u-pozoristu\\\/\",\"name\":\"Sezona 2024\\\/25 \u2013 jedna posebna godina u pozori\u0161tu! - malopozoriste\",\"isPartOf\":{\"@id\":\"https:\\\/\\\/malopozoriste.smashingpixel.net\\\/#website\"},\"primaryImageOfPage\":{\"@id\":\"https:\\\/\\\/malopozoriste.smashingpixel.net\\\/sr-latn\\\/sezona-2024-25-jedna-posebna-godina-u-pozoristu\\\/#primaryimage\"},\"image\":{\"@id\":\"https:\\\/\\\/malopozoriste.smashingpixel.net\\\/sr-latn\\\/sezona-2024-25-jedna-posebna-godina-u-pozoristu\\\/#primaryimage\"},\"thumbnailUrl\":\"https:\\\/\\\/malopozoriste.smashingpixel.net\\\/wp-content\\\/uploads\\\/2025\\\/07\\\/Fotografije-publike-Belkisa-Abdulovic-3.jpg\",\"datePublished\":\"2025-07-24T16:20:30+00:00\",\"dateModified\":\"2025-07-24T16:35:02+00:00\",\"breadcrumb\":{\"@id\":\"https:\\\/\\\/malopozoriste.smashingpixel.net\\\/sr-latn\\\/sezona-2024-25-jedna-posebna-godina-u-pozoristu\\\/#breadcrumb\"},\"inLanguage\":\"sr-latn\",\"potentialAction\":[{\"@type\":\"ReadAction\",\"target\":[\"https:\\\/\\\/malopozoriste.smashingpixel.net\\\/sr-latn\\\/sezona-2024-25-jedna-posebna-godina-u-pozoristu\\\/\"]}]},{\"@type\":\"ImageObject\",\"inLanguage\":\"sr-latn\",\"@id\":\"https:\\\/\\\/malopozoriste.smashingpixel.net\\\/sr-latn\\\/sezona-2024-25-jedna-posebna-godina-u-pozoristu\\\/#primaryimage\",\"url\":\"https:\\\/\\\/malopozoriste.smashingpixel.net\\\/wp-content\\\/uploads\\\/2025\\\/07\\\/Fotografije-publike-Belkisa-Abdulovic-3.jpg\",\"contentUrl\":\"https:\\\/\\\/malopozoriste.smashingpixel.net\\\/wp-content\\\/uploads\\\/2025\\\/07\\\/Fotografije-publike-Belkisa-Abdulovic-3.jpg\",\"width\":1280,\"height\":853},{\"@type\":\"BreadcrumbList\",\"@id\":\"https:\\\/\\\/malopozoriste.smashingpixel.net\\\/sr-latn\\\/sezona-2024-25-jedna-posebna-godina-u-pozoristu\\\/#breadcrumb\",\"itemListElement\":[{\"@type\":\"ListItem\",\"position\":1,\"name\":\"\u041f\u043e\u0447\u0435\u0442\u043d\u0430\",\"item\":\"https:\\\/\\\/malopozoriste.smashingpixel.net\\\/sr-latn\\\/home\\\/\"},{\"@type\":\"ListItem\",\"position\":2,\"name\":\"Sezona 2024\\\/25 \u2013 jedna posebna godina u pozori\u0161tu!\"}]},{\"@type\":\"WebSite\",\"@id\":\"https:\\\/\\\/malopozoriste.smashingpixel.net\\\/#website\",\"url\":\"https:\\\/\\\/malopozoriste.smashingpixel.net\\\/\",\"name\":\"malopozoriste\",\"description\":\"\",\"publisher\":{\"@id\":\"https:\\\/\\\/malopozoriste.smashingpixel.net\\\/#organization\"},\"potentialAction\":[{\"@type\":\"SearchAction\",\"target\":{\"@type\":\"EntryPoint\",\"urlTemplate\":\"https:\\\/\\\/malopozoriste.smashingpixel.net\\\/?s={search_term_string}\"},\"query-input\":{\"@type\":\"PropertyValueSpecification\",\"valueRequired\":true,\"valueName\":\"search_term_string\"}}],\"inLanguage\":\"sr-latn\"},{\"@type\":\"Organization\",\"@id\":\"https:\\\/\\\/malopozoriste.smashingpixel.net\\\/#organization\",\"name\":\"\u041c\u0430\u043b\u043e \u043f\u043e\u0437\u043e\u0440\u0438\u0448\u0442\u0435 \u0414\u0443\u0448\u043a\u043e \u0420\u0430\u0434\u043e\u0432\u0438\u045b\",\"url\":\"https:\\\/\\\/malopozoriste.smashingpixel.net\\\/\",\"logo\":{\"@type\":\"ImageObject\",\"inLanguage\":\"sr-latn\",\"@id\":\"https:\\\/\\\/malopozoriste.smashingpixel.net\\\/#\\\/schema\\\/logo\\\/image\\\/\",\"url\":\"https:\\\/\\\/malopozoriste.smashingpixel.net\\\/wp-content\\\/uploads\\\/2024\\\/03\\\/malo_pozoriste_logo142x140.png\",\"contentUrl\":\"https:\\\/\\\/malopozoriste.smashingpixel.net\\\/wp-content\\\/uploads\\\/2024\\\/03\\\/malo_pozoriste_logo142x140.png\",\"width\":142,\"height\":140,\"caption\":\"\u041c\u0430\u043b\u043e \u043f\u043e\u0437\u043e\u0440\u0438\u0448\u0442\u0435 \u0414\u0443\u0448\u043a\u043e \u0420\u0430\u0434\u043e\u0432\u0438\u045b\"},\"image\":{\"@id\":\"https:\\\/\\\/malopozoriste.smashingpixel.net\\\/#\\\/schema\\\/logo\\\/image\\\/\"},\"sameAs\":[\"https:\\\/\\\/www.facebook.com\\\/malopozoriste1948#\"]},{\"@type\":\"Person\",\"@id\":\"https:\\\/\\\/malopozoriste.smashingpixel.net\\\/#\\\/schema\\\/person\\\/a0e780274f587f25a77993e82d795701\",\"name\":\"P0p4r7\",\"image\":{\"@type\":\"ImageObject\",\"inLanguage\":\"sr-latn\",\"@id\":\"https:\\\/\\\/secure.gravatar.com\\\/avatar\\\/3072a7becae851e6c69fcb1a91018459754a5f928756e72b9d22e7a452300b5e?s=96&d=mm&r=g\",\"url\":\"https:\\\/\\\/secure.gravatar.com\\\/avatar\\\/3072a7becae851e6c69fcb1a91018459754a5f928756e72b9d22e7a452300b5e?s=96&d=mm&r=g\",\"contentUrl\":\"https:\\\/\\\/secure.gravatar.com\\\/avatar\\\/3072a7becae851e6c69fcb1a91018459754a5f928756e72b9d22e7a452300b5e?s=96&d=mm&r=g\",\"caption\":\"P0p4r7\"},\"url\":\"https:\\\/\\\/malopozoriste.smashingpixel.net\\\/sr-latn\\\/author\\\/p0p4r7\\\/\"}]}<\/script>\n<!-- \/ Yoast SEO plugin. -->","yoast_head_json":{"title":"Sezona 2024\/25 \u2013 jedna posebna godina u pozori\u0161tu! - malopozoriste","robots":{"index":"index","follow":"follow","max-snippet":"max-snippet:-1","max-image-preview":"max-image-preview:large","max-video-preview":"max-video-preview:-1"},"canonical":"https:\/\/malopozoriste.smashingpixel.net\/sr-latn\/sezona-2024-25-jedna-posebna-godina-u-pozoristu\/","og_locale":"en_US","og_type":"article","og_title":"Sezona 2024\/25 \u2013 jedna posebna godina u pozori\u0161tu! - malopozoriste","og_description":"Sezona 2024\/25 \u2013 jedna posebna godina u pozori\u0161tu! Po\u0161tovana deco i odrasli,Upravo je zavr\u0161ena sezona 2024\/2025, i dok sklanjamo poslednju scenografiju, bri\u0161emo ogledala u garderobama i gasimo reflektore \u2013 \u017eelimo da vam se obratimo i zahvalimo.Iza nas je sezona puna izazova, uzbu\u0111enja, nagrada i, pre svega, dragocenih susreta. Odigrali smo 241 predstavu pred ukupno 43.598 [&hellip;]","og_url":"https:\/\/malopozoriste.smashingpixel.net\/sr-latn\/sezona-2024-25-jedna-posebna-godina-u-pozoristu\/","og_site_name":"malopozoriste","article_publisher":"https:\/\/www.facebook.com\/malopozoriste1948#","article_published_time":"2025-07-24T16:20:30+00:00","article_modified_time":"2025-07-24T16:35:02+00:00","og_image":[{"width":1280,"height":853,"url":"https:\/\/malopozoriste.smashingpixel.net\/wp-content\/uploads\/2025\/07\/Fotografije-publike-Belkisa-Abdulovic-3.jpg","type":"image\/jpeg"}],"author":"P0p4r7","twitter_card":"summary_large_image","twitter_misc":{"Written by":"P0p4r7","Est. reading time":"2 minutes"},"schema":{"@context":"https:\/\/schema.org","@graph":[{"@type":"Article","@id":"https:\/\/malopozoriste.smashingpixel.net\/sr-latn\/sezona-2024-25-jedna-posebna-godina-u-pozoristu\/#article","isPartOf":{"@id":"https:\/\/malopozoriste.smashingpixel.net\/sr-latn\/sezona-2024-25-jedna-posebna-godina-u-pozoristu\/"},"author":{"name":"P0p4r7","@id":"https:\/\/malopozoriste.smashingpixel.net\/#\/schema\/person\/a0e780274f587f25a77993e82d795701"},"headline":"Sezona 2024\/25 \u2013 jedna posebna godina u pozori\u0161tu!","datePublished":"2025-07-24T16:20:30+00:00","dateModified":"2025-07-24T16:35:02+00:00","mainEntityOfPage":{"@id":"https:\/\/malopozoriste.smashingpixel.net\/sr-latn\/sezona-2024-25-jedna-posebna-godina-u-pozoristu\/"},"wordCount":394,"publisher":{"@id":"https:\/\/malopozoriste.smashingpixel.net\/#organization"},"image":{"@id":"https:\/\/malopozoriste.smashingpixel.net\/sr-latn\/sezona-2024-25-jedna-posebna-godina-u-pozoristu\/#primaryimage"},"thumbnailUrl":"https:\/\/malopozoriste.smashingpixel.net\/wp-content\/uploads\/2025\/07\/Fotografije-publike-Belkisa-Abdulovic-3.jpg","articleSection":["Uncategorized @sr-latn","Uncategorized @sr-latn"],"inLanguage":"sr-latn"},{"@type":"WebPage","@id":"https:\/\/malopozoriste.smashingpixel.net\/sr-latn\/sezona-2024-25-jedna-posebna-godina-u-pozoristu\/","url":"https:\/\/malopozoriste.smashingpixel.net\/sr-latn\/sezona-2024-25-jedna-posebna-godina-u-pozoristu\/","name":"Sezona 2024\/25 \u2013 jedna posebna godina u pozori\u0161tu! - malopozoriste","isPartOf":{"@id":"https:\/\/malopozoriste.smashingpixel.net\/#website"},"primaryImageOfPage":{"@id":"https:\/\/malopozoriste.smashingpixel.net\/sr-latn\/sezona-2024-25-jedna-posebna-godina-u-pozoristu\/#primaryimage"},"image":{"@id":"https:\/\/malopozoriste.smashingpixel.net\/sr-latn\/sezona-2024-25-jedna-posebna-godina-u-pozoristu\/#primaryimage"},"thumbnailUrl":"https:\/\/malopozoriste.smashingpixel.net\/wp-content\/uploads\/2025\/07\/Fotografije-publike-Belkisa-Abdulovic-3.jpg","datePublished":"2025-07-24T16:20:30+00:00","dateModified":"2025-07-24T16:35:02+00:00","breadcrumb":{"@id":"https:\/\/malopozoriste.smashingpixel.net\/sr-latn\/sezona-2024-25-jedna-posebna-godina-u-pozoristu\/#breadcrumb"},"inLanguage":"sr-latn","potentialAction":[{"@type":"ReadAction","target":["https:\/\/malopozoriste.smashingpixel.net\/sr-latn\/sezona-2024-25-jedna-posebna-godina-u-pozoristu\/"]}]},{"@type":"ImageObject","inLanguage":"sr-latn","@id":"https:\/\/malopozoriste.smashingpixel.net\/sr-latn\/sezona-2024-25-jedna-posebna-godina-u-pozoristu\/#primaryimage","url":"https:\/\/malopozoriste.smashingpixel.net\/wp-content\/uploads\/2025\/07\/Fotografije-publike-Belkisa-Abdulovic-3.jpg","contentUrl":"https:\/\/malopozoriste.smashingpixel.net\/wp-content\/uploads\/2025\/07\/Fotografije-publike-Belkisa-Abdulovic-3.jpg","width":1280,"height":853},{"@type":"BreadcrumbList","@id":"https:\/\/malopozoriste.smashingpixel.net\/sr-latn\/sezona-2024-25-jedna-posebna-godina-u-pozoristu\/#breadcrumb","itemListElement":[{"@type":"ListItem","position":1,"name":"\u041f\u043e\u0447\u0435\u0442\u043d\u0430","item":"https:\/\/malopozoriste.smashingpixel.net\/sr-latn\/home\/"},{"@type":"ListItem","position":2,"name":"Sezona 2024\/25 \u2013 jedna posebna godina u pozori\u0161tu!"}]},{"@type":"WebSite","@id":"https:\/\/malopozoriste.smashingpixel.net\/#website","url":"https:\/\/malopozoriste.smashingpixel.net\/","name":"malopozoriste","description":"","publisher":{"@id":"https:\/\/malopozoriste.smashingpixel.net\/#organization"},"potentialAction":[{"@type":"SearchAction","target":{"@type":"EntryPoint","urlTemplate":"https:\/\/malopozoriste.smashingpixel.net\/?s={search_term_string}"},"query-input":{"@type":"PropertyValueSpecification","valueRequired":true,"valueName":"search_term_string"}}],"inLanguage":"sr-latn"},{"@type":"Organization","@id":"https:\/\/malopozoriste.smashingpixel.net\/#organization","name":"\u041c\u0430\u043b\u043e \u043f\u043e\u0437\u043e\u0440\u0438\u0448\u0442\u0435 \u0414\u0443\u0448\u043a\u043e \u0420\u0430\u0434\u043e\u0432\u0438\u045b","url":"https:\/\/malopozoriste.smashingpixel.net\/","logo":{"@type":"ImageObject","inLanguage":"sr-latn","@id":"https:\/\/malopozoriste.smashingpixel.net\/#\/schema\/logo\/image\/","url":"https:\/\/malopozoriste.smashingpixel.net\/wp-content\/uploads\/2024\/03\/malo_pozoriste_logo142x140.png","contentUrl":"https:\/\/malopozoriste.smashingpixel.net\/wp-content\/uploads\/2024\/03\/malo_pozoriste_logo142x140.png","width":142,"height":140,"caption":"\u041c\u0430\u043b\u043e \u043f\u043e\u0437\u043e\u0440\u0438\u0448\u0442\u0435 \u0414\u0443\u0448\u043a\u043e \u0420\u0430\u0434\u043e\u0432\u0438\u045b"},"image":{"@id":"https:\/\/malopozoriste.smashingpixel.net\/#\/schema\/logo\/image\/"},"sameAs":["https:\/\/www.facebook.com\/malopozoriste1948#"]},{"@type":"Person","@id":"https:\/\/malopozoriste.smashingpixel.net\/#\/schema\/person\/a0e780274f587f25a77993e82d795701","name":"P0p4r7","image":{"@type":"ImageObject","inLanguage":"sr-latn","@id":"https:\/\/secure.gravatar.com\/avatar\/3072a7becae851e6c69fcb1a91018459754a5f928756e72b9d22e7a452300b5e?s=96&d=mm&r=g","url":"https:\/\/secure.gravatar.com\/avatar\/3072a7becae851e6c69fcb1a91018459754a5f928756e72b9d22e7a452300b5e?s=96&d=mm&r=g","contentUrl":"https:\/\/secure.gravatar.com\/avatar\/3072a7becae851e6c69fcb1a91018459754a5f928756e72b9d22e7a452300b5e?s=96&d=mm&r=g","caption":"P0p4r7"},"url":"https:\/\/malopozoriste.smashingpixel.net\/sr-latn\/author\/p0p4r7\/"}]}},"_links":{"self":[{"href":"https:\/\/malopozoriste.smashingpixel.net\/sr-latn\/wp-json\/wp\/v2\/posts\/14711","targetHints":{"allow":["GET"]}}],"collection":[{"href":"https:\/\/malopozoriste.smashingpixel.net\/sr-latn\/wp-json\/wp\/v2\/posts"}],"about":[{"href":"https:\/\/malopozoriste.smashingpixel.net\/sr-latn\/wp-json\/wp\/v2\/types\/post"}],"author":[{"embeddable":true,"href":"https:\/\/malopozoriste.smashingpixel.net\/sr-latn\/wp-json\/wp\/v2\/users\/5"}],"replies":[{"embeddable":true,"href":"https:\/\/malopozoriste.smashingpixel.net\/sr-latn\/wp-json\/wp\/v2\/comments?post=14711"}],"version-history":[{"count":0,"href":"https:\/\/malopozoriste.smashingpixel.net\/sr-latn\/wp-json\/wp\/v2\/posts\/14711\/revisions"}],"wp:featuredmedia":[{"embeddable":true,"href":"https:\/\/malopozoriste.smashingpixel.net\/sr-latn\/wp-json\/wp\/v2\/media\/14697"}],"wp:attachment":[{"href":"https:\/\/malopozoriste.smashingpixel.net\/sr-latn\/wp-json\/wp\/v2\/media?parent=14711"}],"wp:term":[{"taxonomy":"category","embeddable":true,"href":"https:\/\/malopozoriste.smashingpixel.net\/sr-latn\/wp-json\/wp\/v2\/categories?post=14711"},{"taxonomy":"post_tag","embeddable":true,"href":"https:\/\/malopozoriste.smashingpixel.net\/sr-latn\/wp-json\/wp\/v2\/tags?post=14711"}],"curies":[{"name":"wp","href":"https:\/\/api.w.org\/{rel}","templated":true}]}}