{"id":14745,"date":"2025-08-19T10:02:39","date_gmt":"2025-08-19T10:02:39","guid":{"rendered":"https:\/\/malopozoriste.smashingpixel.net\/in-memoriam-%d0%b4%d0%b0%d1%80%d0%ba%d0%be-%d0%b2%d1%80%d0%b1%d1%9a%d0%b0%d0%ba-1962-2025\/"},"modified":"2025-08-19T10:39:09","modified_gmt":"2025-08-19T10:39:09","slug":"in-memoriam-%d0%b4%d0%b0%d1%80%d0%ba%d0%be-%d0%b2%d1%80%d0%b1%d1%9a%d0%b0%d0%ba-1962-2025","status":"publish","type":"post","link":"https:\/\/malopozoriste.smashingpixel.net\/sr-latn\/in-memoriam-%d0%b4%d0%b0%d1%80%d0%ba%d0%be-%d0%b2%d1%80%d0%b1%d1%9a%d0%b0%d0%ba-1962-2025\/","title":{"rendered":"IN MEMORIAM \u0414\u0430\u0440\u043a\u043e \u0412\u0440\u0431\u045a\u0430\u043a 1962\u20132025"},"content":{"rendered":"\t\t<div data-elementor-type=\"wp-post\" data-elementor-id=\"14745\" class=\"elementor elementor-14745 elementor-14737\" data-elementor-post-type=\"post\">\n\t\t\t\t<div class=\"elementor-element elementor-element-5e82283 e-flex e-con-boxed e-con e-parent\" data-id=\"5e82283\" data-element_type=\"container\" data-e-type=\"container\">\n\t\t\t\t\t<div class=\"e-con-inner\">\n\t\t\t\t<div class=\"elementor-element elementor-element-64409ae elementor-widget elementor-widget-image\" data-id=\"64409ae\" data-element_type=\"widget\" data-e-type=\"widget\" data-widget_type=\"image.default\">\n\t\t\t\t<div class=\"elementor-widget-container\">\n\t\t\t\t\t\t\t\t\t\t\t\t\t\t\t<img fetchpriority=\"high\" decoding=\"async\" width=\"350\" height=\"500\" src=\"https:\/\/malopozoriste.smashingpixel.net\/wp-content\/uploads\/2025\/08\/Darko-Vrbnjak.jpg\" class=\"attachment-large size-large wp-image-14735\" alt=\"\" srcset=\"https:\/\/malopozoriste.smashingpixel.net\/wp-content\/uploads\/2025\/08\/Darko-Vrbnjak.jpg 350w, https:\/\/malopozoriste.smashingpixel.net\/wp-content\/uploads\/2025\/08\/Darko-Vrbnjak-210x300.jpg 210w\" sizes=\"(max-width: 350px) 100vw, 350px\" \/>\t\t\t\t\t\t\t\t\t\t\t\t\t\t\t<\/div>\n\t\t\t\t<\/div>\n\t\t\t\t\t<\/div>\n\t\t\t\t<\/div>\n\t\t<div class=\"elementor-element elementor-element-c1735c4 e-flex e-con-boxed e-con e-parent\" data-id=\"c1735c4\" data-element_type=\"container\" data-e-type=\"container\">\n\t\t\t\t\t<div class=\"e-con-inner\">\n\t\t\t\t<div class=\"elementor-element elementor-element-22f2bbd elementor-widget elementor-widget-spacer\" data-id=\"22f2bbd\" data-element_type=\"widget\" data-e-type=\"widget\" data-widget_type=\"spacer.default\">\n\t\t\t\t<div class=\"elementor-widget-container\">\n\t\t\t\t\t\t\t<div class=\"elementor-spacer\">\n\t\t\t<div class=\"elementor-spacer-inner\"><\/div>\n\t\t<\/div>\n\t\t\t\t\t\t<\/div>\n\t\t\t\t<\/div>\n\t\t\t\t\t<\/div>\n\t\t\t\t<\/div>\n\t\t<div class=\"elementor-element elementor-element-d3d4ce6 e-flex e-con-boxed e-con e-parent\" data-id=\"d3d4ce6\" data-element_type=\"container\" data-e-type=\"container\">\n\t\t\t\t\t<div class=\"e-con-inner\">\n\t\t\t\t<div class=\"elementor-element elementor-element-d0c7ba4 elementor-widget elementor-widget-text-editor\" data-id=\"d0c7ba4\" data-element_type=\"widget\" data-e-type=\"widget\" data-widget_type=\"text-editor.default\">\n\t\t\t\t<div class=\"elementor-widget-container\">\n\t\t\t\t\t\t\t\t\t<p data-start=\"83\" data-end=\"168\">Sa tugom vas obave\u0161tavamo da je iznenada preminuo na\u0161 dragi kolega<strong data-start=\"83\" data-end=\"168\"> Darko Vrbnjak.<\/strong><\/p><p data-start=\"170\" data-end=\"401\">Svojom dobrotom, predanim radom, velikim srcem, toplim osmehom i ljubazno\u0161\u0107u, ostavio je neizbrisiv trag u na\u0161em pozori\u0161tu \u2014 me\u0111u generacijama dece i odraslih posetilaca. Osta\u0107e zauvek u se\u0107anju svojih kolega, prijatelja i publike.<\/p><p data-start=\"403\" data-end=\"638\">Veliki broj na\u0161ih stalnih posetilaca dobro je poznavao biletara <strong>Darka Vrbnjaka<\/strong> \u2014 \u010doveka koji je pozori\u0161te do\u017eivljavao kao svoju ku\u0107u, uvek bio spreman da pomogne i porazgovara sa svima koji su dolazili u Malo pozori\u0161te \u201eDu\u0161ko Radovi\u0107\u201c.<\/p><p data-start=\"640\" data-end=\"850\">Ulazak u pozori\u0161te vi\u0161e nikada ne\u0107e biti isti, jer na njegovim vratima decu i odrasle vi\u0161e ne\u0107e do\u010dekivati Darko \u2014 \u010dovek koji je voleo ljude, \u017eivotinje i pozori\u0161te. Mi smo ga, u \u0161ali, ponekad zvali \u201ene\u017eni div\u201c.<\/p><p data-start=\"852\" data-end=\"989\">Darko Vrbnjak ro\u0111en je 1962. godine u Beogradu, a detinjstvo je proveo upravo u Malom pozori\u0161tu \u2014 kao sin \u010duvenog lutkara <strong>Janka Vrbnjaka<\/strong>.<\/p><p data-start=\"991\" data-end=\"1203\">Studirao je Pravni fakultet, ali je, sticajem okolnosti, svoj profesionalni put nastavio u pozori\u0161tu, gde je i ostao sve do svoje prerane smrti. Radio je kao biletar, zajedno sa svojim dobrim prijateljem Duletom.<\/p><p data-start=\"1205\" data-end=\"1388\">U nastavku mo\u017eete pro\u010ditati intervju koji je dramaturg \u0110or\u0111e Kosi\u0107 napravio sa Darkom i Duletom \u2013 \u201ePozori\u0161te \u2014 pijaca i druga ku\u0107a\u201c, objavljen u bro\u0161uri <em data-start=\"1360\" data-end=\"1387\">75 godina rastemo zajedno<\/em>.<\/p><p data-start=\"1205\" data-end=\"1388\"><strong>POZORI\u0160TE \u2013 PILJARNICA I DRUGA KU\u0106A<\/strong><\/p><p data-start=\"1434\" data-end=\"4842\">DULE: Nas dvojica smo odrasli zajedno, znamo se od \u0161este godine.<br data-start=\"1502\" data-end=\"1505\" \/>DARKO: Jeste, zna\u010di, ve\u0107 56 godina zajedno.<br data-start=\"1552\" data-end=\"1555\" \/>DULE: Od \u0161este godine. Ja pravim gluposti, a on se bije za mene. Kao bra\u0107a.<br data-start=\"1634\" data-end=\"1637\" \/>DARKO: Bra\u0107a po izboru, zna\u010di, vi\u0161e nego bra\u0107a. Prakti\u010dno \u017eivimo zajedno, vi\u0161e smo ovde nego \u0161to smo ku\u0107i.<br data-start=\"1747\" data-end=\"1750\" \/>DULE: Mi smo dijametralno suprotni. Ne u mi\u0161ljenju, nego u svemu. On ne mo\u017ee da ka\u017ee ni\u0161ta prosto, mora da ka\u017ee lepo&#8230;<br data-start=\"1873\" data-end=\"1876\" \/>DARKO: Jeste, ja sam malo komplikovan.<br data-start=\"1918\" data-end=\"1921\" \/>DULE: Nisi ti komplikovan, ti si pun ose\u0107anja, \u010dove\u010dnosti i razumevanja, a ja sam grub, kreten, razume\u0161?<br data-start=\"2029\" data-end=\"2032\" data-is-only-node=\"\" \/>DARKO: Ali je on mene, takav grub i kreten, kad mi je otac umro, uhvatio za ruke i rekao: \u201eTi sad ne ide\u0161 ku\u0107i, idemo u \u0161etnju\u201c, jer je video da nisam u dobrom stanju.<br data-start=\"2203\" data-end=\"2206\" \/>DULE: Istina.<br data-start=\"2223\" data-end=\"2226\" \/>DARKO: Moj otac, Janko Vrbnjak, bio je jedan od ljudi koji su stvorili ovo pozori\u0161te, a ja sam se ose\u0107ao ovde svoj na svome dok sam bio dete, jer su me \u010duvali razne njegove kolege, pa je bilo i sme\u0161nih stvari. Se\u0107am se, pokojna glumica Melita Bihali je igrala u \u201ePinokiju\u201c, animirala ga je i igrala u\u017eivo. Onda sam imao kao dete veliku ljubomoru prema njoj jer je tata mnogo voleo Pinokija, ja sam osetio konkurenciju i hteo sam da se izborim za svoju ljubav. Ja sam tati posle predstave rekao da \u0107u mu nabaviti cepanicu, jer on vi\u0161e voli to, nego mene. To je senzibilitet pozori\u0161ta \u2014 spoj sme\u0161nog i tu\u017enog.<br data-start=\"2837\" data-end=\"2840\" \/>DULE: Evo, kad smo kod sme\u0161nog. Jednog dana me zovu jer je otkazana ekskurzija od 150 karata na dan predstave. A onda me zovu neke klinke, tada smo bili mladi, i pitaju: \u201eJe l\u2019 ima slu\u010dajno karata?\u201c Ka\u017eem im: \u201eIma, ali morate da potr\u010dite, jer dolazi nova ekskurzija.\u201c<br data-start=\"3111\" data-end=\"3114\" \/>Onda me mole: \u201eJe l\u2019 mo\u017eete, molim vas, da primite tri rezervacije, ne pitamo koliko ko\u0161ta.\u201c Ja im odgovorim: \u201eVrlo rado bih, ali \u010dujete li da tiho pri\u010dam? Ne smem da primam rezervacije; mogu da izgubim posao.\u201c One me i dalje mole: \u201ePa, molim vas, ako mo\u017ee nekako.\u201c<br data-start=\"3379\" data-end=\"3382\" \/>I ja ka\u017eem: \u201eDobro, da na\u0111emo neko re\u0161enje, imate simpati\u010dan glas&#8230; Evo ovako: ne\u0107emo spominjati rezervacije. Dobi\u0107ete pseudonim. Bi\u0107ete \u2018Keleraba\u2019. Napisa\u0107u vam tri karte na \u2018Kelerabu\u2019. Kada do\u0111ete, bi\u0107e gu\u017eva, ali ne spominjite rezervacije. Samo ka\u017eite \u2018Keleraba\u2019, ja \u0107u vam dati tri karte i svi \u0107emo biti zadovoljni.\u201c \u201eJao, hvala vam!\u201c, odgovore.<br data-start=\"3732\" data-end=\"3735\" \/>I tako ceo dan, ko god je zvao, bile su to cvekle i razne druge vrste povr\u0107a.<br data-start=\"3812\" data-end=\"3815\" \/>Te ve\u010deri dolazi 15\u201320 ljudi iz pozori\u0161ta da gledaju kako ja \u201eprodajem\u201c pseudonime. Dolazi jedna od devojaka, sva vesela, i ka\u017ee: \u201eKeleraba.\u201c<br data-start=\"3956\" data-end=\"3959\" \/>Ja se napravim da ne razumem: \u201eMolim?\u201c Ona \u0161apu\u0107e \u201ekeleraba\u201c i sme\u0161ka se. Na to joj ka\u017eem: \u201eSigurno ste pogre\u0161ili. Ovo je pozori\u0161te, vi tra\u017eite pijac?\u201c<br data-start=\"4110\" data-end=\"4113\" \/>Eto, to je pozori\u0161te.<br data-start=\"4134\" data-end=\"4137\" \/>DARKO: U pozori\u0161te kad do\u0111e\u0161 mo\u017ee\u0161 da bude\u0161 malo \u0161aljiv, malo pe\u017eorativno nastrojen. Ali mo\u017ee\u0161 da bude\u0161 i predodre\u0111en, jer tu para velikih nema, ali ono \u0161to ti daje satisfakciju je taj tvoj neki udeo u ne\u010demu \u0161to se de\u0161ava. \u0160to stvarno jeste magija pozori\u0161ta \u2014 pozori\u0161te je magija.<br data-start=\"4422\" data-end=\"4425\" \/>Ja posle predstave nekad volim da ka\u017eem navija\u010dki komentar, ali \u010desto znam da budem nesre\u0107an kad ne\u0161to nije tako kako bih ja voleo. Ali nikad sebi ne bih dao za pravo da ka\u017eem: to je tako, ja sam u pravu, zato \u0161to \u2014<br data-start=\"4640\" data-end=\"4643\" \/>DULE: Zato \u0161to si mlad, nema\u0161 iskustva.<br data-start=\"4686\" data-end=\"4689\" \/>DARKO (smeh): Normalno. To sam ba\u0161 hteo da ka\u017eem. Eto, Du\u0161an zna da postavi stvari na svoje mesto. Da nije tako, ovo pozori\u0161te ne bi bilo ono \u0161to je.<\/p>\t\t\t\t\t\t\t\t<\/div>\n\t\t\t\t<\/div>\n\t\t\t\t\t<\/div>\n\t\t\t\t<\/div>\n\t\t\t\t<\/div>\n\t\t","protected":false},"excerpt":{"rendered":"Sa tugom vas obave\u0161tavamo da je iznenada preminuo na\u0161 dragi kolega Darko Vrbnjak.Svojom dobrotom, predanim radom, velikim srcem, toplim osmehom i ljubazno\u0161\u0107u, ostavio je neizbrisiv trag u na\u0161em pozori\u0161tu \u2014 me\u0111u generacijama dece i odraslih posetilaca. Osta\u0107e zauvek u se\u0107anju svojih kolega, prijatelja i publike.Veliki broj na\u0161ih stalnih posetilaca dobro je poznavao biletara Darka Vrbnjaka [&hellip;]","protected":false},"author":5,"featured_media":14735,"comment_status":"closed","ping_status":"open","sticky":false,"template":"elementor_header_footer","format":"standard","meta":{"_acf_changed":false,"ocean_front_end_style_editor":"no","ocean_post_layout":"","ocean_both_sidebars_style":"","ocean_both_sidebars_content_width":0,"ocean_both_sidebars_sidebars_width":0,"ocean_sidebar":"0","ocean_second_sidebar":"0","ocean_disable_margins":"enable","ocean_add_body_class":"","ocean_shortcode_before_top_bar":"","ocean_shortcode_after_top_bar":"","ocean_shortcode_before_header":"","ocean_shortcode_after_header":"","ocean_has_shortcode":"","ocean_shortcode_after_title":"","ocean_shortcode_before_footer_widgets":"","ocean_shortcode_after_footer_widgets":"","ocean_shortcode_before_footer_bottom":"","ocean_shortcode_after_footer_bottom":"","ocean_display_top_bar":"default","ocean_display_header":"default","ocean_header_style":"","ocean_center_header_left_menu":"0","ocean_custom_header_template":"0","ocean_custom_logo":0,"ocean_custom_retina_logo":0,"ocean_custom_logo_max_width":0,"ocean_custom_logo_tablet_max_width":0,"ocean_custom_logo_mobile_max_width":0,"ocean_custom_logo_max_height":0,"ocean_custom_logo_tablet_max_height":0,"ocean_custom_logo_mobile_max_height":0,"ocean_header_custom_menu":"0","ocean_menu_typo_font_family":"0","ocean_menu_typo_font_subset":"","ocean_menu_typo_font_size":0,"ocean_menu_typo_font_size_tablet":0,"ocean_menu_typo_font_size_mobile":0,"ocean_menu_typo_font_size_unit":"px","ocean_menu_typo_font_weight":"","ocean_menu_typo_font_weight_tablet":"","ocean_menu_typo_font_weight_mobile":"","ocean_menu_typo_transform":"","ocean_menu_typo_transform_tablet":"","ocean_menu_typo_transform_mobile":"","ocean_menu_typo_line_height":0,"ocean_menu_typo_line_height_tablet":0,"ocean_menu_typo_line_height_mobile":0,"ocean_menu_typo_line_height_unit":"","ocean_menu_typo_spacing":0,"ocean_menu_typo_spacing_tablet":0,"ocean_menu_typo_spacing_mobile":0,"ocean_menu_typo_spacing_unit":"","ocean_menu_link_color":"","ocean_menu_link_color_hover":"","ocean_menu_link_color_active":"","ocean_menu_link_background":"","ocean_menu_link_hover_background":"","ocean_menu_link_active_background":"","ocean_menu_social_links_bg":"","ocean_menu_social_hover_links_bg":"","ocean_menu_social_links_color":"","ocean_menu_social_hover_links_color":"","ocean_disable_title":"on","ocean_disable_heading":"default","ocean_post_title":"","ocean_post_subheading":"","ocean_post_title_style":"","ocean_post_title_background_color":"","ocean_post_title_background":0,"ocean_post_title_bg_image_position":"","ocean_post_title_bg_image_attachment":"","ocean_post_title_bg_image_repeat":"","ocean_post_title_bg_image_size":"","ocean_post_title_height":0,"ocean_post_title_bg_overlay":0.5,"ocean_post_title_bg_overlay_color":"","ocean_disable_breadcrumbs":"off","ocean_breadcrumbs_color":"","ocean_breadcrumbs_separator_color":"","ocean_breadcrumbs_links_color":"","ocean_breadcrumbs_links_hover_color":"","ocean_display_footer_widgets":"default","ocean_display_footer_bottom":"default","ocean_custom_footer_template":"0","ocean_post_oembed":"","ocean_post_self_hosted_media":"","ocean_post_video_embed":"","ocean_link_format":"","ocean_link_format_target":"self","ocean_quote_format":"","ocean_quote_format_link":"post","ocean_gallery_link_images":"on","ocean_gallery_id":[],"footnotes":""},"categories":[89,89],"tags":[],"class_list":["post-14745","post","type-post","status-publish","format-standard","has-post-thumbnail","hentry","category-uncategorized-sr-latn","entry","has-media"],"acf":[],"yoast_head":"<!-- This site is optimized with the Yoast SEO plugin v28.3 - https:\/\/yoast.com\/product\/yoast-seo-wordpress\/ -->\n<title>IN MEMORIAM \u0414\u0430\u0440\u043a\u043e \u0412\u0440\u0431\u045a\u0430\u043a 1962\u20132025 - malopozoriste<\/title>\n<meta name=\"robots\" content=\"index, follow, max-snippet:-1, max-image-preview:large, max-video-preview:-1\" \/>\n<link rel=\"canonical\" href=\"https:\/\/malopozoriste.smashingpixel.net\/sr-latn\/in-memoriam-\u0434\u0430\u0440\u043a\u043e-\u0432\u0440\u0431\u045a\u0430\u043a-1962-2025\/\" \/>\n<meta property=\"og:locale\" content=\"en_US\" \/>\n<meta property=\"og:type\" content=\"article\" \/>\n<meta property=\"og:title\" content=\"IN MEMORIAM \u0414\u0430\u0440\u043a\u043e \u0412\u0440\u0431\u045a\u0430\u043a 1962\u20132025 - malopozoriste\" \/>\n<meta property=\"og:description\" content=\"Sa tugom vas obave\u0161tavamo da je iznenada preminuo na\u0161 dragi kolega Darko Vrbnjak.Svojom dobrotom, predanim radom, velikim srcem, toplim osmehom i ljubazno\u0161\u0107u, ostavio je neizbrisiv trag u na\u0161em pozori\u0161tu \u2014 me\u0111u generacijama dece i odraslih posetilaca. Osta\u0107e zauvek u se\u0107anju svojih kolega, prijatelja i publike.Veliki broj na\u0161ih stalnih posetilaca dobro je poznavao biletara Darka Vrbnjaka [&hellip;]\" \/>\n<meta property=\"og:url\" content=\"https:\/\/malopozoriste.smashingpixel.net\/sr-latn\/in-memoriam-\u0434\u0430\u0440\u043a\u043e-\u0432\u0440\u0431\u045a\u0430\u043a-1962-2025\/\" \/>\n<meta property=\"og:site_name\" content=\"malopozoriste\" \/>\n<meta property=\"article:publisher\" content=\"https:\/\/www.facebook.com\/malopozoriste1948#\" \/>\n<meta property=\"article:published_time\" content=\"2025-08-19T10:02:39+00:00\" \/>\n<meta property=\"article:modified_time\" content=\"2025-08-19T10:39:09+00:00\" \/>\n<meta property=\"og:image\" content=\"https:\/\/malopozoriste.smashingpixel.net\/wp-content\/uploads\/2025\/08\/Darko-Vrbnjak.jpg\" \/>\n\t<meta property=\"og:image:width\" content=\"350\" \/>\n\t<meta property=\"og:image:height\" content=\"500\" \/>\n\t<meta property=\"og:image:type\" content=\"image\/jpeg\" \/>\n<meta name=\"author\" content=\"P0p4r7\" \/>\n<meta name=\"twitter:card\" content=\"summary_large_image\" \/>\n<meta name=\"twitter:label1\" content=\"Written by\" \/>\n\t<meta name=\"twitter:data1\" content=\"P0p4r7\" \/>\n\t<meta name=\"twitter:label2\" content=\"Est. reading time\" \/>\n\t<meta name=\"twitter:data2\" content=\"4 minutes\" \/>\n<script type=\"application\/ld+json\" class=\"yoast-schema-graph\">{\"@context\":\"https:\\\/\\\/schema.org\",\"@graph\":[{\"@type\":\"Article\",\"@id\":\"https:\\\/\\\/malopozoriste.smashingpixel.net\\\/sr-latn\\\/in-memoriam-%d0%b4%d0%b0%d1%80%d0%ba%d0%be-%d0%b2%d1%80%d0%b1%d1%9a%d0%b0%d0%ba-1962-2025\\\/#article\",\"isPartOf\":{\"@id\":\"https:\\\/\\\/malopozoriste.smashingpixel.net\\\/sr-latn\\\/in-memoriam-%d0%b4%d0%b0%d1%80%d0%ba%d0%be-%d0%b2%d1%80%d0%b1%d1%9a%d0%b0%d0%ba-1962-2025\\\/\"},\"author\":{\"name\":\"P0p4r7\",\"@id\":\"https:\\\/\\\/malopozoriste.smashingpixel.net\\\/#\\\/schema\\\/person\\\/a0e780274f587f25a77993e82d795701\"},\"headline\":\"IN MEMORIAM \u0414\u0430\u0440\u043a\u043e \u0412\u0440\u0431\u045a\u0430\u043a 1962\u20132025\",\"datePublished\":\"2025-08-19T10:02:39+00:00\",\"dateModified\":\"2025-08-19T10:39:09+00:00\",\"mainEntityOfPage\":{\"@id\":\"https:\\\/\\\/malopozoriste.smashingpixel.net\\\/sr-latn\\\/in-memoriam-%d0%b4%d0%b0%d1%80%d0%ba%d0%be-%d0%b2%d1%80%d0%b1%d1%9a%d0%b0%d0%ba-1962-2025\\\/\"},\"wordCount\":900,\"publisher\":{\"@id\":\"https:\\\/\\\/malopozoriste.smashingpixel.net\\\/#organization\"},\"image\":{\"@id\":\"https:\\\/\\\/malopozoriste.smashingpixel.net\\\/sr-latn\\\/in-memoriam-%d0%b4%d0%b0%d1%80%d0%ba%d0%be-%d0%b2%d1%80%d0%b1%d1%9a%d0%b0%d0%ba-1962-2025\\\/#primaryimage\"},\"thumbnailUrl\":\"https:\\\/\\\/malopozoriste.smashingpixel.net\\\/wp-content\\\/uploads\\\/2025\\\/08\\\/Darko-Vrbnjak.jpg\",\"articleSection\":[\"Uncategorized @sr-latn\",\"Uncategorized @sr-latn\"],\"inLanguage\":\"sr-latn\"},{\"@type\":\"WebPage\",\"@id\":\"https:\\\/\\\/malopozoriste.smashingpixel.net\\\/sr-latn\\\/in-memoriam-%d0%b4%d0%b0%d1%80%d0%ba%d0%be-%d0%b2%d1%80%d0%b1%d1%9a%d0%b0%d0%ba-1962-2025\\\/\",\"url\":\"https:\\\/\\\/malopozoriste.smashingpixel.net\\\/sr-latn\\\/in-memoriam-%d0%b4%d0%b0%d1%80%d0%ba%d0%be-%d0%b2%d1%80%d0%b1%d1%9a%d0%b0%d0%ba-1962-2025\\\/\",\"name\":\"IN MEMORIAM \u0414\u0430\u0440\u043a\u043e \u0412\u0440\u0431\u045a\u0430\u043a 1962\u20132025 - malopozoriste\",\"isPartOf\":{\"@id\":\"https:\\\/\\\/malopozoriste.smashingpixel.net\\\/#website\"},\"primaryImageOfPage\":{\"@id\":\"https:\\\/\\\/malopozoriste.smashingpixel.net\\\/sr-latn\\\/in-memoriam-%d0%b4%d0%b0%d1%80%d0%ba%d0%be-%d0%b2%d1%80%d0%b1%d1%9a%d0%b0%d0%ba-1962-2025\\\/#primaryimage\"},\"image\":{\"@id\":\"https:\\\/\\\/malopozoriste.smashingpixel.net\\\/sr-latn\\\/in-memoriam-%d0%b4%d0%b0%d1%80%d0%ba%d0%be-%d0%b2%d1%80%d0%b1%d1%9a%d0%b0%d0%ba-1962-2025\\\/#primaryimage\"},\"thumbnailUrl\":\"https:\\\/\\\/malopozoriste.smashingpixel.net\\\/wp-content\\\/uploads\\\/2025\\\/08\\\/Darko-Vrbnjak.jpg\",\"datePublished\":\"2025-08-19T10:02:39+00:00\",\"dateModified\":\"2025-08-19T10:39:09+00:00\",\"breadcrumb\":{\"@id\":\"https:\\\/\\\/malopozoriste.smashingpixel.net\\\/sr-latn\\\/in-memoriam-%d0%b4%d0%b0%d1%80%d0%ba%d0%be-%d0%b2%d1%80%d0%b1%d1%9a%d0%b0%d0%ba-1962-2025\\\/#breadcrumb\"},\"inLanguage\":\"sr-latn\",\"potentialAction\":[{\"@type\":\"ReadAction\",\"target\":[\"https:\\\/\\\/malopozoriste.smashingpixel.net\\\/sr-latn\\\/in-memoriam-%d0%b4%d0%b0%d1%80%d0%ba%d0%be-%d0%b2%d1%80%d0%b1%d1%9a%d0%b0%d0%ba-1962-2025\\\/\"]}]},{\"@type\":\"ImageObject\",\"inLanguage\":\"sr-latn\",\"@id\":\"https:\\\/\\\/malopozoriste.smashingpixel.net\\\/sr-latn\\\/in-memoriam-%d0%b4%d0%b0%d1%80%d0%ba%d0%be-%d0%b2%d1%80%d0%b1%d1%9a%d0%b0%d0%ba-1962-2025\\\/#primaryimage\",\"url\":\"https:\\\/\\\/malopozoriste.smashingpixel.net\\\/wp-content\\\/uploads\\\/2025\\\/08\\\/Darko-Vrbnjak.jpg\",\"contentUrl\":\"https:\\\/\\\/malopozoriste.smashingpixel.net\\\/wp-content\\\/uploads\\\/2025\\\/08\\\/Darko-Vrbnjak.jpg\",\"width\":350,\"height\":500},{\"@type\":\"BreadcrumbList\",\"@id\":\"https:\\\/\\\/malopozoriste.smashingpixel.net\\\/sr-latn\\\/in-memoriam-%d0%b4%d0%b0%d1%80%d0%ba%d0%be-%d0%b2%d1%80%d0%b1%d1%9a%d0%b0%d0%ba-1962-2025\\\/#breadcrumb\",\"itemListElement\":[{\"@type\":\"ListItem\",\"position\":1,\"name\":\"\u041f\u043e\u0447\u0435\u0442\u043d\u0430\",\"item\":\"https:\\\/\\\/malopozoriste.smashingpixel.net\\\/sr-latn\\\/home\\\/\"},{\"@type\":\"ListItem\",\"position\":2,\"name\":\"IN MEMORIAM \u0414\u0430\u0440\u043a\u043e \u0412\u0440\u0431\u045a\u0430\u043a 1962\u20132025\"}]},{\"@type\":\"WebSite\",\"@id\":\"https:\\\/\\\/malopozoriste.smashingpixel.net\\\/#website\",\"url\":\"https:\\\/\\\/malopozoriste.smashingpixel.net\\\/\",\"name\":\"malopozoriste\",\"description\":\"\",\"publisher\":{\"@id\":\"https:\\\/\\\/malopozoriste.smashingpixel.net\\\/#organization\"},\"potentialAction\":[{\"@type\":\"SearchAction\",\"target\":{\"@type\":\"EntryPoint\",\"urlTemplate\":\"https:\\\/\\\/malopozoriste.smashingpixel.net\\\/?s={search_term_string}\"},\"query-input\":{\"@type\":\"PropertyValueSpecification\",\"valueRequired\":true,\"valueName\":\"search_term_string\"}}],\"inLanguage\":\"sr-latn\"},{\"@type\":\"Organization\",\"@id\":\"https:\\\/\\\/malopozoriste.smashingpixel.net\\\/#organization\",\"name\":\"\u041c\u0430\u043b\u043e \u043f\u043e\u0437\u043e\u0440\u0438\u0448\u0442\u0435 \u0414\u0443\u0448\u043a\u043e \u0420\u0430\u0434\u043e\u0432\u0438\u045b\",\"url\":\"https:\\\/\\\/malopozoriste.smashingpixel.net\\\/\",\"logo\":{\"@type\":\"ImageObject\",\"inLanguage\":\"sr-latn\",\"@id\":\"https:\\\/\\\/malopozoriste.smashingpixel.net\\\/#\\\/schema\\\/logo\\\/image\\\/\",\"url\":\"https:\\\/\\\/malopozoriste.smashingpixel.net\\\/wp-content\\\/uploads\\\/2024\\\/03\\\/malo_pozoriste_logo142x140.png\",\"contentUrl\":\"https:\\\/\\\/malopozoriste.smashingpixel.net\\\/wp-content\\\/uploads\\\/2024\\\/03\\\/malo_pozoriste_logo142x140.png\",\"width\":142,\"height\":140,\"caption\":\"\u041c\u0430\u043b\u043e \u043f\u043e\u0437\u043e\u0440\u0438\u0448\u0442\u0435 \u0414\u0443\u0448\u043a\u043e \u0420\u0430\u0434\u043e\u0432\u0438\u045b\"},\"image\":{\"@id\":\"https:\\\/\\\/malopozoriste.smashingpixel.net\\\/#\\\/schema\\\/logo\\\/image\\\/\"},\"sameAs\":[\"https:\\\/\\\/www.facebook.com\\\/malopozoriste1948#\"]},{\"@type\":\"Person\",\"@id\":\"https:\\\/\\\/malopozoriste.smashingpixel.net\\\/#\\\/schema\\\/person\\\/a0e780274f587f25a77993e82d795701\",\"name\":\"P0p4r7\",\"image\":{\"@type\":\"ImageObject\",\"inLanguage\":\"sr-latn\",\"@id\":\"https:\\\/\\\/secure.gravatar.com\\\/avatar\\\/3072a7becae851e6c69fcb1a91018459754a5f928756e72b9d22e7a452300b5e?s=96&d=mm&r=g\",\"url\":\"https:\\\/\\\/secure.gravatar.com\\\/avatar\\\/3072a7becae851e6c69fcb1a91018459754a5f928756e72b9d22e7a452300b5e?s=96&d=mm&r=g\",\"contentUrl\":\"https:\\\/\\\/secure.gravatar.com\\\/avatar\\\/3072a7becae851e6c69fcb1a91018459754a5f928756e72b9d22e7a452300b5e?s=96&d=mm&r=g\",\"caption\":\"P0p4r7\"},\"url\":\"https:\\\/\\\/malopozoriste.smashingpixel.net\\\/sr-latn\\\/author\\\/p0p4r7\\\/\"}]}<\/script>\n<!-- \/ Yoast SEO plugin. -->","yoast_head_json":{"title":"IN MEMORIAM \u0414\u0430\u0440\u043a\u043e \u0412\u0440\u0431\u045a\u0430\u043a 1962\u20132025 - malopozoriste","robots":{"index":"index","follow":"follow","max-snippet":"max-snippet:-1","max-image-preview":"max-image-preview:large","max-video-preview":"max-video-preview:-1"},"canonical":"https:\/\/malopozoriste.smashingpixel.net\/sr-latn\/in-memoriam-\u0434\u0430\u0440\u043a\u043e-\u0432\u0440\u0431\u045a\u0430\u043a-1962-2025\/","og_locale":"en_US","og_type":"article","og_title":"IN MEMORIAM \u0414\u0430\u0440\u043a\u043e \u0412\u0440\u0431\u045a\u0430\u043a 1962\u20132025 - malopozoriste","og_description":"Sa tugom vas obave\u0161tavamo da je iznenada preminuo na\u0161 dragi kolega Darko Vrbnjak.Svojom dobrotom, predanim radom, velikim srcem, toplim osmehom i ljubazno\u0161\u0107u, ostavio je neizbrisiv trag u na\u0161em pozori\u0161tu \u2014 me\u0111u generacijama dece i odraslih posetilaca. Osta\u0107e zauvek u se\u0107anju svojih kolega, prijatelja i publike.Veliki broj na\u0161ih stalnih posetilaca dobro je poznavao biletara Darka Vrbnjaka [&hellip;]","og_url":"https:\/\/malopozoriste.smashingpixel.net\/sr-latn\/in-memoriam-\u0434\u0430\u0440\u043a\u043e-\u0432\u0440\u0431\u045a\u0430\u043a-1962-2025\/","og_site_name":"malopozoriste","article_publisher":"https:\/\/www.facebook.com\/malopozoriste1948#","article_published_time":"2025-08-19T10:02:39+00:00","article_modified_time":"2025-08-19T10:39:09+00:00","og_image":[{"width":350,"height":500,"url":"https:\/\/malopozoriste.smashingpixel.net\/wp-content\/uploads\/2025\/08\/Darko-Vrbnjak.jpg","type":"image\/jpeg"}],"author":"P0p4r7","twitter_card":"summary_large_image","twitter_misc":{"Written by":"P0p4r7","Est. reading time":"4 minutes"},"schema":{"@context":"https:\/\/schema.org","@graph":[{"@type":"Article","@id":"https:\/\/malopozoriste.smashingpixel.net\/sr-latn\/in-memoriam-%d0%b4%d0%b0%d1%80%d0%ba%d0%be-%d0%b2%d1%80%d0%b1%d1%9a%d0%b0%d0%ba-1962-2025\/#article","isPartOf":{"@id":"https:\/\/malopozoriste.smashingpixel.net\/sr-latn\/in-memoriam-%d0%b4%d0%b0%d1%80%d0%ba%d0%be-%d0%b2%d1%80%d0%b1%d1%9a%d0%b0%d0%ba-1962-2025\/"},"author":{"name":"P0p4r7","@id":"https:\/\/malopozoriste.smashingpixel.net\/#\/schema\/person\/a0e780274f587f25a77993e82d795701"},"headline":"IN MEMORIAM \u0414\u0430\u0440\u043a\u043e \u0412\u0440\u0431\u045a\u0430\u043a 1962\u20132025","datePublished":"2025-08-19T10:02:39+00:00","dateModified":"2025-08-19T10:39:09+00:00","mainEntityOfPage":{"@id":"https:\/\/malopozoriste.smashingpixel.net\/sr-latn\/in-memoriam-%d0%b4%d0%b0%d1%80%d0%ba%d0%be-%d0%b2%d1%80%d0%b1%d1%9a%d0%b0%d0%ba-1962-2025\/"},"wordCount":900,"publisher":{"@id":"https:\/\/malopozoriste.smashingpixel.net\/#organization"},"image":{"@id":"https:\/\/malopozoriste.smashingpixel.net\/sr-latn\/in-memoriam-%d0%b4%d0%b0%d1%80%d0%ba%d0%be-%d0%b2%d1%80%d0%b1%d1%9a%d0%b0%d0%ba-1962-2025\/#primaryimage"},"thumbnailUrl":"https:\/\/malopozoriste.smashingpixel.net\/wp-content\/uploads\/2025\/08\/Darko-Vrbnjak.jpg","articleSection":["Uncategorized @sr-latn","Uncategorized @sr-latn"],"inLanguage":"sr-latn"},{"@type":"WebPage","@id":"https:\/\/malopozoriste.smashingpixel.net\/sr-latn\/in-memoriam-%d0%b4%d0%b0%d1%80%d0%ba%d0%be-%d0%b2%d1%80%d0%b1%d1%9a%d0%b0%d0%ba-1962-2025\/","url":"https:\/\/malopozoriste.smashingpixel.net\/sr-latn\/in-memoriam-%d0%b4%d0%b0%d1%80%d0%ba%d0%be-%d0%b2%d1%80%d0%b1%d1%9a%d0%b0%d0%ba-1962-2025\/","name":"IN MEMORIAM \u0414\u0430\u0440\u043a\u043e \u0412\u0440\u0431\u045a\u0430\u043a 1962\u20132025 - malopozoriste","isPartOf":{"@id":"https:\/\/malopozoriste.smashingpixel.net\/#website"},"primaryImageOfPage":{"@id":"https:\/\/malopozoriste.smashingpixel.net\/sr-latn\/in-memoriam-%d0%b4%d0%b0%d1%80%d0%ba%d0%be-%d0%b2%d1%80%d0%b1%d1%9a%d0%b0%d0%ba-1962-2025\/#primaryimage"},"image":{"@id":"https:\/\/malopozoriste.smashingpixel.net\/sr-latn\/in-memoriam-%d0%b4%d0%b0%d1%80%d0%ba%d0%be-%d0%b2%d1%80%d0%b1%d1%9a%d0%b0%d0%ba-1962-2025\/#primaryimage"},"thumbnailUrl":"https:\/\/malopozoriste.smashingpixel.net\/wp-content\/uploads\/2025\/08\/Darko-Vrbnjak.jpg","datePublished":"2025-08-19T10:02:39+00:00","dateModified":"2025-08-19T10:39:09+00:00","breadcrumb":{"@id":"https:\/\/malopozoriste.smashingpixel.net\/sr-latn\/in-memoriam-%d0%b4%d0%b0%d1%80%d0%ba%d0%be-%d0%b2%d1%80%d0%b1%d1%9a%d0%b0%d0%ba-1962-2025\/#breadcrumb"},"inLanguage":"sr-latn","potentialAction":[{"@type":"ReadAction","target":["https:\/\/malopozoriste.smashingpixel.net\/sr-latn\/in-memoriam-%d0%b4%d0%b0%d1%80%d0%ba%d0%be-%d0%b2%d1%80%d0%b1%d1%9a%d0%b0%d0%ba-1962-2025\/"]}]},{"@type":"ImageObject","inLanguage":"sr-latn","@id":"https:\/\/malopozoriste.smashingpixel.net\/sr-latn\/in-memoriam-%d0%b4%d0%b0%d1%80%d0%ba%d0%be-%d0%b2%d1%80%d0%b1%d1%9a%d0%b0%d0%ba-1962-2025\/#primaryimage","url":"https:\/\/malopozoriste.smashingpixel.net\/wp-content\/uploads\/2025\/08\/Darko-Vrbnjak.jpg","contentUrl":"https:\/\/malopozoriste.smashingpixel.net\/wp-content\/uploads\/2025\/08\/Darko-Vrbnjak.jpg","width":350,"height":500},{"@type":"BreadcrumbList","@id":"https:\/\/malopozoriste.smashingpixel.net\/sr-latn\/in-memoriam-%d0%b4%d0%b0%d1%80%d0%ba%d0%be-%d0%b2%d1%80%d0%b1%d1%9a%d0%b0%d0%ba-1962-2025\/#breadcrumb","itemListElement":[{"@type":"ListItem","position":1,"name":"\u041f\u043e\u0447\u0435\u0442\u043d\u0430","item":"https:\/\/malopozoriste.smashingpixel.net\/sr-latn\/home\/"},{"@type":"ListItem","position":2,"name":"IN MEMORIAM \u0414\u0430\u0440\u043a\u043e \u0412\u0440\u0431\u045a\u0430\u043a 1962\u20132025"}]},{"@type":"WebSite","@id":"https:\/\/malopozoriste.smashingpixel.net\/#website","url":"https:\/\/malopozoriste.smashingpixel.net\/","name":"malopozoriste","description":"","publisher":{"@id":"https:\/\/malopozoriste.smashingpixel.net\/#organization"},"potentialAction":[{"@type":"SearchAction","target":{"@type":"EntryPoint","urlTemplate":"https:\/\/malopozoriste.smashingpixel.net\/?s={search_term_string}"},"query-input":{"@type":"PropertyValueSpecification","valueRequired":true,"valueName":"search_term_string"}}],"inLanguage":"sr-latn"},{"@type":"Organization","@id":"https:\/\/malopozoriste.smashingpixel.net\/#organization","name":"\u041c\u0430\u043b\u043e \u043f\u043e\u0437\u043e\u0440\u0438\u0448\u0442\u0435 \u0414\u0443\u0448\u043a\u043e \u0420\u0430\u0434\u043e\u0432\u0438\u045b","url":"https:\/\/malopozoriste.smashingpixel.net\/","logo":{"@type":"ImageObject","inLanguage":"sr-latn","@id":"https:\/\/malopozoriste.smashingpixel.net\/#\/schema\/logo\/image\/","url":"https:\/\/malopozoriste.smashingpixel.net\/wp-content\/uploads\/2024\/03\/malo_pozoriste_logo142x140.png","contentUrl":"https:\/\/malopozoriste.smashingpixel.net\/wp-content\/uploads\/2024\/03\/malo_pozoriste_logo142x140.png","width":142,"height":140,"caption":"\u041c\u0430\u043b\u043e \u043f\u043e\u0437\u043e\u0440\u0438\u0448\u0442\u0435 \u0414\u0443\u0448\u043a\u043e \u0420\u0430\u0434\u043e\u0432\u0438\u045b"},"image":{"@id":"https:\/\/malopozoriste.smashingpixel.net\/#\/schema\/logo\/image\/"},"sameAs":["https:\/\/www.facebook.com\/malopozoriste1948#"]},{"@type":"Person","@id":"https:\/\/malopozoriste.smashingpixel.net\/#\/schema\/person\/a0e780274f587f25a77993e82d795701","name":"P0p4r7","image":{"@type":"ImageObject","inLanguage":"sr-latn","@id":"https:\/\/secure.gravatar.com\/avatar\/3072a7becae851e6c69fcb1a91018459754a5f928756e72b9d22e7a452300b5e?s=96&d=mm&r=g","url":"https:\/\/secure.gravatar.com\/avatar\/3072a7becae851e6c69fcb1a91018459754a5f928756e72b9d22e7a452300b5e?s=96&d=mm&r=g","contentUrl":"https:\/\/secure.gravatar.com\/avatar\/3072a7becae851e6c69fcb1a91018459754a5f928756e72b9d22e7a452300b5e?s=96&d=mm&r=g","caption":"P0p4r7"},"url":"https:\/\/malopozoriste.smashingpixel.net\/sr-latn\/author\/p0p4r7\/"}]}},"_links":{"self":[{"href":"https:\/\/malopozoriste.smashingpixel.net\/sr-latn\/wp-json\/wp\/v2\/posts\/14745","targetHints":{"allow":["GET"]}}],"collection":[{"href":"https:\/\/malopozoriste.smashingpixel.net\/sr-latn\/wp-json\/wp\/v2\/posts"}],"about":[{"href":"https:\/\/malopozoriste.smashingpixel.net\/sr-latn\/wp-json\/wp\/v2\/types\/post"}],"author":[{"embeddable":true,"href":"https:\/\/malopozoriste.smashingpixel.net\/sr-latn\/wp-json\/wp\/v2\/users\/5"}],"replies":[{"embeddable":true,"href":"https:\/\/malopozoriste.smashingpixel.net\/sr-latn\/wp-json\/wp\/v2\/comments?post=14745"}],"version-history":[{"count":0,"href":"https:\/\/malopozoriste.smashingpixel.net\/sr-latn\/wp-json\/wp\/v2\/posts\/14745\/revisions"}],"wp:featuredmedia":[{"embeddable":true,"href":"https:\/\/malopozoriste.smashingpixel.net\/sr-latn\/wp-json\/wp\/v2\/media\/14735"}],"wp:attachment":[{"href":"https:\/\/malopozoriste.smashingpixel.net\/sr-latn\/wp-json\/wp\/v2\/media?parent=14745"}],"wp:term":[{"taxonomy":"category","embeddable":true,"href":"https:\/\/malopozoriste.smashingpixel.net\/sr-latn\/wp-json\/wp\/v2\/categories?post=14745"},{"taxonomy":"post_tag","embeddable":true,"href":"https:\/\/malopozoriste.smashingpixel.net\/sr-latn\/wp-json\/wp\/v2\/tags?post=14745"}],"curies":[{"name":"wp","href":"https:\/\/api.w.org\/{rel}","templated":true}]}}