{"id":14958,"date":"2025-09-01T18:36:31","date_gmt":"2025-09-01T18:36:31","guid":{"rendered":"https:\/\/malopozoriste.smashingpixel.net\/nova-sezona-u-radovicu-pocela-je-predstavom-o-nikoli-tesli\/"},"modified":"2025-09-01T18:43:20","modified_gmt":"2025-09-01T18:43:20","slug":"nova-sezona-u-radovicu-pocela-je-predstavom-o-nikoli-tesli","status":"publish","type":"post","link":"https:\/\/malopozoriste.smashingpixel.net\/sr-latn\/nova-sezona-u-radovicu-pocela-je-predstavom-o-nikoli-tesli\/","title":{"rendered":"Nova sezona u Radovi\u0107u po\u010dela je predstavom o Nikoli Tesli!"},"content":{"rendered":"\t\t<div data-elementor-type=\"wp-post\" data-elementor-id=\"14958\" class=\"elementor elementor-14958 elementor-14947\" data-elementor-post-type=\"post\">\n\t\t\t\t<div class=\"elementor-element elementor-element-392b5a9 e-flex e-con-boxed e-con e-parent\" data-id=\"392b5a9\" data-element_type=\"container\" data-e-type=\"container\">\n\t\t\t\t\t<div class=\"e-con-inner\">\n\t\t\t\t<div class=\"elementor-element elementor-element-c64cfc1 elementor-widget elementor-widget-image\" data-id=\"c64cfc1\" data-element_type=\"widget\" data-e-type=\"widget\" data-widget_type=\"image.default\">\n\t\t\t\t<div class=\"elementor-widget-container\">\n\t\t\t\t\t\t\t\t\t\t\t\t\t\t\t<img fetchpriority=\"high\" decoding=\"async\" width=\"1024\" height=\"696\" src=\"https:\/\/malopozoriste.smashingpixel.net\/wp-content\/uploads\/2025\/09\/Sajt-clanak-1024x696.jpg\" class=\"attachment-large size-large wp-image-14950\" alt=\"\" srcset=\"https:\/\/malopozoriste.smashingpixel.net\/wp-content\/uploads\/2025\/09\/Sajt-clanak-1024x696.jpg 1024w, https:\/\/malopozoriste.smashingpixel.net\/wp-content\/uploads\/2025\/09\/Sajt-clanak-300x204.jpg 300w, https:\/\/malopozoriste.smashingpixel.net\/wp-content\/uploads\/2025\/09\/Sajt-clanak-768x522.jpg 768w, https:\/\/malopozoriste.smashingpixel.net\/wp-content\/uploads\/2025\/09\/Sajt-clanak.jpg 1280w\" sizes=\"(max-width: 1024px) 100vw, 1024px\" \/>\t\t\t\t\t\t\t\t\t\t\t\t\t\t\t<\/div>\n\t\t\t\t<\/div>\n\t\t\t\t\t<\/div>\n\t\t\t\t<\/div>\n\t\t<div class=\"elementor-element elementor-element-45d9faa e-flex e-con-boxed e-con e-parent\" data-id=\"45d9faa\" data-element_type=\"container\" data-e-type=\"container\">\n\t\t\t\t\t<div class=\"e-con-inner\">\n\t\t\t\t<div class=\"elementor-element elementor-element-c53826b elementor-widget elementor-widget-spacer\" data-id=\"c53826b\" data-element_type=\"widget\" data-e-type=\"widget\" data-widget_type=\"spacer.default\">\n\t\t\t\t<div class=\"elementor-widget-container\">\n\t\t\t\t\t\t\t<div class=\"elementor-spacer\">\n\t\t\t<div class=\"elementor-spacer-inner\"><\/div>\n\t\t<\/div>\n\t\t\t\t\t\t<\/div>\n\t\t\t\t<\/div>\n\t\t\t\t\t<\/div>\n\t\t\t\t<\/div>\n\t\t<div class=\"elementor-element elementor-element-2d06df5 e-flex e-con-boxed e-con e-parent\" data-id=\"2d06df5\" data-element_type=\"container\" data-e-type=\"container\">\n\t\t\t\t\t<div class=\"e-con-inner\">\n\t\t\t\t<div class=\"elementor-element elementor-element-3b21fba elementor-widget elementor-widget-text-editor\" data-id=\"3b21fba\" data-element_type=\"widget\" data-e-type=\"widget\" data-widget_type=\"text-editor.default\">\n\t\t\t\t<div class=\"elementor-widget-container\">\n\t\t\t\t\t\t\t\t\t<p data-start=\"345\" data-end=\"612\">Malom pozori\u0161tu \u201eDu\u0161ko Radovi\u0107\u201c nova pozori\u0161na sezona po\u010dela je upe\u010datljivo \u2013 gostovanjem na\u0161e najnovije produkcije za mlade, predstave <strong data-start=\"481\" data-end=\"492\">\u201eTesla\u201c<\/strong>, na festivalu <strong data-start=\"507\" data-end=\"530\">Novi tvr\u0111ava teatar<\/strong>, odr\u017eanom 31. avgusta u jedinstvenom ambijentu <strong data-start=\"578\" data-end=\"596\">Vile Stankovi\u0107<\/strong> u \u010cortanovcima.<\/p>\n<p data-start=\"614\" data-end=\"882\">Predstava <strong data-start=\"624\" data-end=\"635\">\u201eTesla\u201c<\/strong> donosi sna\u017eno muzi\u010dko-scensko i vizuelno iskustvo koje na sve\u017e i savremen na\u010din osvetljava lik i misao jednog od najve\u0107ih umova na\u0161e istorije. Do sada gotovo da nije bilo predstava koje su se ovom temom bavile na ovako slojevit i anga\u017eovan na\u010din.<\/p>\n<p data-start=\"884\" data-end=\"1120\">Re\u017eiju i koncept potpisuje <strong data-start=\"911\" data-end=\"927\">Ivan Baleti\u0107<\/strong>, tekst <strong data-start=\"935\" data-end=\"953\">Mina Milo\u0161evi\u0107<\/strong>, a uz sjajnu autorsku i gluma\u010dku ekipu, nastala je predstava koja je prvenstveno namenjena mladima, ali izaziva jednako interesovanje i kod mla\u0111e dece i kod odraslih.<\/p>\n<p data-start=\"1122\" data-end=\"1397\">Publika na festivalu predstavu je pratila s punom pa\u017enjom i velikim interesovanjem, a izvo\u0111enje je ispra\u0107eno <strong data-start=\"1231\" data-end=\"1273\">sna\u017enim aplauzom i iskrenim reakcijama<\/strong>. Ve\u010de je proteklo u znaku znati\u017eelje, emocije i tihe inspiracije \u2013 \u0161to je i najlep\u0161i na\u010din da jedna pozori\u0161na sezona po\u010dne.<\/p>\n<p data-start=\"1399\" data-end=\"1498\">Prenosimo vam deli\u0107 atmosfere sa Tvr\u0111ave, a pozivamo vas da <strong data-start=\"1459\" data-end=\"1468\">Teslu<\/strong> do\u017eivite i u na\u0161em pozori\u0161tu.<\/p>\n<p data-start=\"1500\" data-end=\"1569\">\ud83d\udccd Predstava <strong data-start=\"1513\" data-end=\"1524\">\u201eTesla\u201c<\/strong> igra\u0107e se u Malom pozori\u0161tu \u201eDu\u0161ko Radovi\u0107\u201c:<\/p>\n<p data-start=\"1571\" data-end=\"1636\">\ud83d\uddd3 <strong data-start=\"1574\" data-end=\"1605\">12. i 25. septembra u 20.00<\/strong><br data-start=\"1605\" data-end=\"1608\" \/>\ud83d\uddd3 <strong data-start=\"1611\" data-end=\"1636\">13. septembra u 17.00<\/strong><\/p>\n<p data-start=\"1638\" data-end=\"1684\"><strong data-start=\"1641\" data-end=\"1666\">Vidimo se u Radovi\u0107u!<\/strong><\/p>\n\t\t\t\t\t\t\t\t<\/div>\n\t\t\t\t<\/div>\n\t\t\t\t\t<\/div>\n\t\t\t\t<\/div>\n\t\t\t\t<\/div>\n\t\t","protected":false},"excerpt":{"rendered":"Malom pozori\u0161tu \u201eDu\u0161ko Radovi\u0107\u201c nova pozori\u0161na sezona po\u010dela je upe\u010datljivo \u2013 gostovanjem na\u0161e najnovije produkcije za mlade, predstave \u201eTesla\u201c, na festivalu Novi tvr\u0111ava teatar, odr\u017eanom 31. avgusta u jedinstvenom ambijentu Vile Stankovi\u0107 u \u010cortanovcima. Predstava \u201eTesla\u201c donosi sna\u017eno muzi\u010dko-scensko i vizuelno iskustvo koje na sve\u017e i savremen na\u010din osvetljava lik i misao jednog od najve\u0107ih [&hellip;]","protected":false},"author":5,"featured_media":14950,"comment_status":"closed","ping_status":"open","sticky":false,"template":"elementor_header_footer","format":"standard","meta":{"_acf_changed":false,"ocean_front_end_style_editor":"no","ocean_post_layout":"","ocean_both_sidebars_style":"","ocean_both_sidebars_content_width":0,"ocean_both_sidebars_sidebars_width":0,"ocean_sidebar":"0","ocean_second_sidebar":"0","ocean_disable_margins":"enable","ocean_add_body_class":"","ocean_shortcode_before_top_bar":"","ocean_shortcode_after_top_bar":"","ocean_shortcode_before_header":"","ocean_shortcode_after_header":"","ocean_has_shortcode":"","ocean_shortcode_after_title":"","ocean_shortcode_before_footer_widgets":"","ocean_shortcode_after_footer_widgets":"","ocean_shortcode_before_footer_bottom":"","ocean_shortcode_after_footer_bottom":"","ocean_display_top_bar":"default","ocean_display_header":"default","ocean_header_style":"","ocean_center_header_left_menu":"0","ocean_custom_header_template":"0","ocean_custom_logo":0,"ocean_custom_retina_logo":0,"ocean_custom_logo_max_width":0,"ocean_custom_logo_tablet_max_width":0,"ocean_custom_logo_mobile_max_width":0,"ocean_custom_logo_max_height":0,"ocean_custom_logo_tablet_max_height":0,"ocean_custom_logo_mobile_max_height":0,"ocean_header_custom_menu":"0","ocean_menu_typo_font_family":"0","ocean_menu_typo_font_subset":"","ocean_menu_typo_font_size":0,"ocean_menu_typo_font_size_tablet":0,"ocean_menu_typo_font_size_mobile":0,"ocean_menu_typo_font_size_unit":"px","ocean_menu_typo_font_weight":"","ocean_menu_typo_font_weight_tablet":"","ocean_menu_typo_font_weight_mobile":"","ocean_menu_typo_transform":"","ocean_menu_typo_transform_tablet":"","ocean_menu_typo_transform_mobile":"","ocean_menu_typo_line_height":0,"ocean_menu_typo_line_height_tablet":0,"ocean_menu_typo_line_height_mobile":0,"ocean_menu_typo_line_height_unit":"","ocean_menu_typo_spacing":0,"ocean_menu_typo_spacing_tablet":0,"ocean_menu_typo_spacing_mobile":0,"ocean_menu_typo_spacing_unit":"","ocean_menu_link_color":"","ocean_menu_link_color_hover":"","ocean_menu_link_color_active":"","ocean_menu_link_background":"","ocean_menu_link_hover_background":"","ocean_menu_link_active_background":"","ocean_menu_social_links_bg":"","ocean_menu_social_hover_links_bg":"","ocean_menu_social_links_color":"","ocean_menu_social_hover_links_color":"","ocean_disable_title":"on","ocean_disable_heading":"default","ocean_post_title":"","ocean_post_subheading":"","ocean_post_title_style":"","ocean_post_title_background_color":"","ocean_post_title_background":0,"ocean_post_title_bg_image_position":"","ocean_post_title_bg_image_attachment":"","ocean_post_title_bg_image_repeat":"","ocean_post_title_bg_image_size":"","ocean_post_title_height":0,"ocean_post_title_bg_overlay":0.5,"ocean_post_title_bg_overlay_color":"","ocean_disable_breadcrumbs":"off","ocean_breadcrumbs_color":"","ocean_breadcrumbs_separator_color":"","ocean_breadcrumbs_links_color":"","ocean_breadcrumbs_links_hover_color":"","ocean_display_footer_widgets":"default","ocean_display_footer_bottom":"default","ocean_custom_footer_template":"0","ocean_post_oembed":"","ocean_post_self_hosted_media":"","ocean_post_video_embed":"","ocean_link_format":"","ocean_link_format_target":"self","ocean_quote_format":"","ocean_quote_format_link":"post","ocean_gallery_link_images":"on","ocean_gallery_id":[],"footnotes":""},"categories":[89],"tags":[],"class_list":["post-14958","post","type-post","status-publish","format-standard","has-post-thumbnail","hentry","category-uncategorized-sr-latn","entry","has-media"],"acf":[],"yoast_head":"<!-- This site is optimized with the Yoast SEO plugin v28.3 - https:\/\/yoast.com\/product\/yoast-seo-wordpress\/ -->\n<title>Nova sezona u Radovi\u0107u po\u010dela je predstavom o Nikoli Tesli! - malopozoriste<\/title>\n<meta name=\"robots\" content=\"index, follow, max-snippet:-1, max-image-preview:large, max-video-preview:-1\" \/>\n<link rel=\"canonical\" href=\"https:\/\/malopozoriste.smashingpixel.net\/sr-latn\/nova-sezona-u-radovicu-pocela-je-predstavom-o-nikoli-tesli\/\" \/>\n<meta property=\"og:locale\" content=\"en_US\" \/>\n<meta property=\"og:type\" content=\"article\" \/>\n<meta property=\"og:title\" content=\"Nova sezona u Radovi\u0107u po\u010dela je predstavom o Nikoli Tesli! - malopozoriste\" \/>\n<meta property=\"og:description\" content=\"Malom pozori\u0161tu \u201eDu\u0161ko Radovi\u0107\u201c nova pozori\u0161na sezona po\u010dela je upe\u010datljivo \u2013 gostovanjem na\u0161e najnovije produkcije za mlade, predstave \u201eTesla\u201c, na festivalu Novi tvr\u0111ava teatar, odr\u017eanom 31. avgusta u jedinstvenom ambijentu Vile Stankovi\u0107 u \u010cortanovcima. Predstava \u201eTesla\u201c donosi sna\u017eno muzi\u010dko-scensko i vizuelno iskustvo koje na sve\u017e i savremen na\u010din osvetljava lik i misao jednog od najve\u0107ih [&hellip;]\" \/>\n<meta property=\"og:url\" content=\"https:\/\/malopozoriste.smashingpixel.net\/sr-latn\/nova-sezona-u-radovicu-pocela-je-predstavom-o-nikoli-tesli\/\" \/>\n<meta property=\"og:site_name\" content=\"malopozoriste\" \/>\n<meta property=\"article:publisher\" content=\"https:\/\/www.facebook.com\/malopozoriste1948#\" \/>\n<meta property=\"article:published_time\" content=\"2025-09-01T18:36:31+00:00\" \/>\n<meta property=\"article:modified_time\" content=\"2025-09-01T18:43:20+00:00\" \/>\n<meta property=\"og:image\" content=\"https:\/\/malopozoriste.smashingpixel.net\/wp-content\/uploads\/2025\/09\/Sajt-clanak.jpg\" \/>\n\t<meta property=\"og:image:width\" content=\"1280\" \/>\n\t<meta property=\"og:image:height\" content=\"870\" \/>\n\t<meta property=\"og:image:type\" content=\"image\/jpeg\" \/>\n<meta name=\"author\" content=\"P0p4r7\" \/>\n<meta name=\"twitter:card\" content=\"summary_large_image\" \/>\n<meta name=\"twitter:label1\" content=\"Written by\" \/>\n\t<meta name=\"twitter:data1\" content=\"P0p4r7\" \/>\n\t<meta name=\"twitter:label2\" content=\"Est. reading time\" \/>\n\t<meta name=\"twitter:data2\" content=\"1 minute\" \/>\n<script type=\"application\/ld+json\" class=\"yoast-schema-graph\">{\"@context\":\"https:\\\/\\\/schema.org\",\"@graph\":[{\"@type\":\"Article\",\"@id\":\"https:\\\/\\\/malopozoriste.smashingpixel.net\\\/sr-latn\\\/nova-sezona-u-radovicu-pocela-je-predstavom-o-nikoli-tesli\\\/#article\",\"isPartOf\":{\"@id\":\"https:\\\/\\\/malopozoriste.smashingpixel.net\\\/sr-latn\\\/nova-sezona-u-radovicu-pocela-je-predstavom-o-nikoli-tesli\\\/\"},\"author\":{\"name\":\"P0p4r7\",\"@id\":\"https:\\\/\\\/malopozoriste.smashingpixel.net\\\/#\\\/schema\\\/person\\\/a0e780274f587f25a77993e82d795701\"},\"headline\":\"Nova sezona u Radovi\u0107u po\u010dela je predstavom o Nikoli Tesli!\",\"datePublished\":\"2025-09-01T18:36:31+00:00\",\"dateModified\":\"2025-09-01T18:43:20+00:00\",\"mainEntityOfPage\":{\"@id\":\"https:\\\/\\\/malopozoriste.smashingpixel.net\\\/sr-latn\\\/nova-sezona-u-radovicu-pocela-je-predstavom-o-nikoli-tesli\\\/\"},\"wordCount\":234,\"publisher\":{\"@id\":\"https:\\\/\\\/malopozoriste.smashingpixel.net\\\/#organization\"},\"image\":{\"@id\":\"https:\\\/\\\/malopozoriste.smashingpixel.net\\\/sr-latn\\\/nova-sezona-u-radovicu-pocela-je-predstavom-o-nikoli-tesli\\\/#primaryimage\"},\"thumbnailUrl\":\"https:\\\/\\\/malopozoriste.smashingpixel.net\\\/wp-content\\\/uploads\\\/2025\\\/09\\\/Sajt-clanak.jpg\",\"articleSection\":[\"Uncategorized @sr-latn\"],\"inLanguage\":\"sr-latn\"},{\"@type\":\"WebPage\",\"@id\":\"https:\\\/\\\/malopozoriste.smashingpixel.net\\\/sr-latn\\\/nova-sezona-u-radovicu-pocela-je-predstavom-o-nikoli-tesli\\\/\",\"url\":\"https:\\\/\\\/malopozoriste.smashingpixel.net\\\/sr-latn\\\/nova-sezona-u-radovicu-pocela-je-predstavom-o-nikoli-tesli\\\/\",\"name\":\"Nova sezona u Radovi\u0107u po\u010dela je predstavom o Nikoli Tesli! - malopozoriste\",\"isPartOf\":{\"@id\":\"https:\\\/\\\/malopozoriste.smashingpixel.net\\\/#website\"},\"primaryImageOfPage\":{\"@id\":\"https:\\\/\\\/malopozoriste.smashingpixel.net\\\/sr-latn\\\/nova-sezona-u-radovicu-pocela-je-predstavom-o-nikoli-tesli\\\/#primaryimage\"},\"image\":{\"@id\":\"https:\\\/\\\/malopozoriste.smashingpixel.net\\\/sr-latn\\\/nova-sezona-u-radovicu-pocela-je-predstavom-o-nikoli-tesli\\\/#primaryimage\"},\"thumbnailUrl\":\"https:\\\/\\\/malopozoriste.smashingpixel.net\\\/wp-content\\\/uploads\\\/2025\\\/09\\\/Sajt-clanak.jpg\",\"datePublished\":\"2025-09-01T18:36:31+00:00\",\"dateModified\":\"2025-09-01T18:43:20+00:00\",\"breadcrumb\":{\"@id\":\"https:\\\/\\\/malopozoriste.smashingpixel.net\\\/sr-latn\\\/nova-sezona-u-radovicu-pocela-je-predstavom-o-nikoli-tesli\\\/#breadcrumb\"},\"inLanguage\":\"sr-latn\",\"potentialAction\":[{\"@type\":\"ReadAction\",\"target\":[\"https:\\\/\\\/malopozoriste.smashingpixel.net\\\/sr-latn\\\/nova-sezona-u-radovicu-pocela-je-predstavom-o-nikoli-tesli\\\/\"]}]},{\"@type\":\"ImageObject\",\"inLanguage\":\"sr-latn\",\"@id\":\"https:\\\/\\\/malopozoriste.smashingpixel.net\\\/sr-latn\\\/nova-sezona-u-radovicu-pocela-je-predstavom-o-nikoli-tesli\\\/#primaryimage\",\"url\":\"https:\\\/\\\/malopozoriste.smashingpixel.net\\\/wp-content\\\/uploads\\\/2025\\\/09\\\/Sajt-clanak.jpg\",\"contentUrl\":\"https:\\\/\\\/malopozoriste.smashingpixel.net\\\/wp-content\\\/uploads\\\/2025\\\/09\\\/Sajt-clanak.jpg\",\"width\":1280,\"height\":870},{\"@type\":\"BreadcrumbList\",\"@id\":\"https:\\\/\\\/malopozoriste.smashingpixel.net\\\/sr-latn\\\/nova-sezona-u-radovicu-pocela-je-predstavom-o-nikoli-tesli\\\/#breadcrumb\",\"itemListElement\":[{\"@type\":\"ListItem\",\"position\":1,\"name\":\"\u041f\u043e\u0447\u0435\u0442\u043d\u0430\",\"item\":\"https:\\\/\\\/malopozoriste.smashingpixel.net\\\/sr-latn\\\/home\\\/\"},{\"@type\":\"ListItem\",\"position\":2,\"name\":\"Nova sezona u Radovi\u0107u po\u010dela je predstavom o Nikoli Tesli!\"}]},{\"@type\":\"WebSite\",\"@id\":\"https:\\\/\\\/malopozoriste.smashingpixel.net\\\/#website\",\"url\":\"https:\\\/\\\/malopozoriste.smashingpixel.net\\\/\",\"name\":\"malopozoriste\",\"description\":\"\",\"publisher\":{\"@id\":\"https:\\\/\\\/malopozoriste.smashingpixel.net\\\/#organization\"},\"potentialAction\":[{\"@type\":\"SearchAction\",\"target\":{\"@type\":\"EntryPoint\",\"urlTemplate\":\"https:\\\/\\\/malopozoriste.smashingpixel.net\\\/?s={search_term_string}\"},\"query-input\":{\"@type\":\"PropertyValueSpecification\",\"valueRequired\":true,\"valueName\":\"search_term_string\"}}],\"inLanguage\":\"sr-latn\"},{\"@type\":\"Organization\",\"@id\":\"https:\\\/\\\/malopozoriste.smashingpixel.net\\\/#organization\",\"name\":\"\u041c\u0430\u043b\u043e \u043f\u043e\u0437\u043e\u0440\u0438\u0448\u0442\u0435 \u0414\u0443\u0448\u043a\u043e \u0420\u0430\u0434\u043e\u0432\u0438\u045b\",\"url\":\"https:\\\/\\\/malopozoriste.smashingpixel.net\\\/\",\"logo\":{\"@type\":\"ImageObject\",\"inLanguage\":\"sr-latn\",\"@id\":\"https:\\\/\\\/malopozoriste.smashingpixel.net\\\/#\\\/schema\\\/logo\\\/image\\\/\",\"url\":\"https:\\\/\\\/malopozoriste.smashingpixel.net\\\/wp-content\\\/uploads\\\/2024\\\/03\\\/malo_pozoriste_logo142x140.png\",\"contentUrl\":\"https:\\\/\\\/malopozoriste.smashingpixel.net\\\/wp-content\\\/uploads\\\/2024\\\/03\\\/malo_pozoriste_logo142x140.png\",\"width\":142,\"height\":140,\"caption\":\"\u041c\u0430\u043b\u043e \u043f\u043e\u0437\u043e\u0440\u0438\u0448\u0442\u0435 \u0414\u0443\u0448\u043a\u043e \u0420\u0430\u0434\u043e\u0432\u0438\u045b\"},\"image\":{\"@id\":\"https:\\\/\\\/malopozoriste.smashingpixel.net\\\/#\\\/schema\\\/logo\\\/image\\\/\"},\"sameAs\":[\"https:\\\/\\\/www.facebook.com\\\/malopozoriste1948#\"]},{\"@type\":\"Person\",\"@id\":\"https:\\\/\\\/malopozoriste.smashingpixel.net\\\/#\\\/schema\\\/person\\\/a0e780274f587f25a77993e82d795701\",\"name\":\"P0p4r7\",\"image\":{\"@type\":\"ImageObject\",\"inLanguage\":\"sr-latn\",\"@id\":\"https:\\\/\\\/secure.gravatar.com\\\/avatar\\\/3072a7becae851e6c69fcb1a91018459754a5f928756e72b9d22e7a452300b5e?s=96&d=mm&r=g\",\"url\":\"https:\\\/\\\/secure.gravatar.com\\\/avatar\\\/3072a7becae851e6c69fcb1a91018459754a5f928756e72b9d22e7a452300b5e?s=96&d=mm&r=g\",\"contentUrl\":\"https:\\\/\\\/secure.gravatar.com\\\/avatar\\\/3072a7becae851e6c69fcb1a91018459754a5f928756e72b9d22e7a452300b5e?s=96&d=mm&r=g\",\"caption\":\"P0p4r7\"},\"url\":\"https:\\\/\\\/malopozoriste.smashingpixel.net\\\/sr-latn\\\/author\\\/p0p4r7\\\/\"}]}<\/script>\n<!-- \/ Yoast SEO plugin. -->","yoast_head_json":{"title":"Nova sezona u Radovi\u0107u po\u010dela je predstavom o Nikoli Tesli! - malopozoriste","robots":{"index":"index","follow":"follow","max-snippet":"max-snippet:-1","max-image-preview":"max-image-preview:large","max-video-preview":"max-video-preview:-1"},"canonical":"https:\/\/malopozoriste.smashingpixel.net\/sr-latn\/nova-sezona-u-radovicu-pocela-je-predstavom-o-nikoli-tesli\/","og_locale":"en_US","og_type":"article","og_title":"Nova sezona u Radovi\u0107u po\u010dela je predstavom o Nikoli Tesli! - malopozoriste","og_description":"Malom pozori\u0161tu \u201eDu\u0161ko Radovi\u0107\u201c nova pozori\u0161na sezona po\u010dela je upe\u010datljivo \u2013 gostovanjem na\u0161e najnovije produkcije za mlade, predstave \u201eTesla\u201c, na festivalu Novi tvr\u0111ava teatar, odr\u017eanom 31. avgusta u jedinstvenom ambijentu Vile Stankovi\u0107 u \u010cortanovcima. Predstava \u201eTesla\u201c donosi sna\u017eno muzi\u010dko-scensko i vizuelno iskustvo koje na sve\u017e i savremen na\u010din osvetljava lik i misao jednog od najve\u0107ih [&hellip;]","og_url":"https:\/\/malopozoriste.smashingpixel.net\/sr-latn\/nova-sezona-u-radovicu-pocela-je-predstavom-o-nikoli-tesli\/","og_site_name":"malopozoriste","article_publisher":"https:\/\/www.facebook.com\/malopozoriste1948#","article_published_time":"2025-09-01T18:36:31+00:00","article_modified_time":"2025-09-01T18:43:20+00:00","og_image":[{"width":1280,"height":870,"url":"https:\/\/malopozoriste.smashingpixel.net\/wp-content\/uploads\/2025\/09\/Sajt-clanak.jpg","type":"image\/jpeg"}],"author":"P0p4r7","twitter_card":"summary_large_image","twitter_misc":{"Written by":"P0p4r7","Est. reading time":"1 minute"},"schema":{"@context":"https:\/\/schema.org","@graph":[{"@type":"Article","@id":"https:\/\/malopozoriste.smashingpixel.net\/sr-latn\/nova-sezona-u-radovicu-pocela-je-predstavom-o-nikoli-tesli\/#article","isPartOf":{"@id":"https:\/\/malopozoriste.smashingpixel.net\/sr-latn\/nova-sezona-u-radovicu-pocela-je-predstavom-o-nikoli-tesli\/"},"author":{"name":"P0p4r7","@id":"https:\/\/malopozoriste.smashingpixel.net\/#\/schema\/person\/a0e780274f587f25a77993e82d795701"},"headline":"Nova sezona u Radovi\u0107u po\u010dela je predstavom o Nikoli Tesli!","datePublished":"2025-09-01T18:36:31+00:00","dateModified":"2025-09-01T18:43:20+00:00","mainEntityOfPage":{"@id":"https:\/\/malopozoriste.smashingpixel.net\/sr-latn\/nova-sezona-u-radovicu-pocela-je-predstavom-o-nikoli-tesli\/"},"wordCount":234,"publisher":{"@id":"https:\/\/malopozoriste.smashingpixel.net\/#organization"},"image":{"@id":"https:\/\/malopozoriste.smashingpixel.net\/sr-latn\/nova-sezona-u-radovicu-pocela-je-predstavom-o-nikoli-tesli\/#primaryimage"},"thumbnailUrl":"https:\/\/malopozoriste.smashingpixel.net\/wp-content\/uploads\/2025\/09\/Sajt-clanak.jpg","articleSection":["Uncategorized @sr-latn"],"inLanguage":"sr-latn"},{"@type":"WebPage","@id":"https:\/\/malopozoriste.smashingpixel.net\/sr-latn\/nova-sezona-u-radovicu-pocela-je-predstavom-o-nikoli-tesli\/","url":"https:\/\/malopozoriste.smashingpixel.net\/sr-latn\/nova-sezona-u-radovicu-pocela-je-predstavom-o-nikoli-tesli\/","name":"Nova sezona u Radovi\u0107u po\u010dela je predstavom o Nikoli Tesli! - malopozoriste","isPartOf":{"@id":"https:\/\/malopozoriste.smashingpixel.net\/#website"},"primaryImageOfPage":{"@id":"https:\/\/malopozoriste.smashingpixel.net\/sr-latn\/nova-sezona-u-radovicu-pocela-je-predstavom-o-nikoli-tesli\/#primaryimage"},"image":{"@id":"https:\/\/malopozoriste.smashingpixel.net\/sr-latn\/nova-sezona-u-radovicu-pocela-je-predstavom-o-nikoli-tesli\/#primaryimage"},"thumbnailUrl":"https:\/\/malopozoriste.smashingpixel.net\/wp-content\/uploads\/2025\/09\/Sajt-clanak.jpg","datePublished":"2025-09-01T18:36:31+00:00","dateModified":"2025-09-01T18:43:20+00:00","breadcrumb":{"@id":"https:\/\/malopozoriste.smashingpixel.net\/sr-latn\/nova-sezona-u-radovicu-pocela-je-predstavom-o-nikoli-tesli\/#breadcrumb"},"inLanguage":"sr-latn","potentialAction":[{"@type":"ReadAction","target":["https:\/\/malopozoriste.smashingpixel.net\/sr-latn\/nova-sezona-u-radovicu-pocela-je-predstavom-o-nikoli-tesli\/"]}]},{"@type":"ImageObject","inLanguage":"sr-latn","@id":"https:\/\/malopozoriste.smashingpixel.net\/sr-latn\/nova-sezona-u-radovicu-pocela-je-predstavom-o-nikoli-tesli\/#primaryimage","url":"https:\/\/malopozoriste.smashingpixel.net\/wp-content\/uploads\/2025\/09\/Sajt-clanak.jpg","contentUrl":"https:\/\/malopozoriste.smashingpixel.net\/wp-content\/uploads\/2025\/09\/Sajt-clanak.jpg","width":1280,"height":870},{"@type":"BreadcrumbList","@id":"https:\/\/malopozoriste.smashingpixel.net\/sr-latn\/nova-sezona-u-radovicu-pocela-je-predstavom-o-nikoli-tesli\/#breadcrumb","itemListElement":[{"@type":"ListItem","position":1,"name":"\u041f\u043e\u0447\u0435\u0442\u043d\u0430","item":"https:\/\/malopozoriste.smashingpixel.net\/sr-latn\/home\/"},{"@type":"ListItem","position":2,"name":"Nova sezona u Radovi\u0107u po\u010dela je predstavom o Nikoli Tesli!"}]},{"@type":"WebSite","@id":"https:\/\/malopozoriste.smashingpixel.net\/#website","url":"https:\/\/malopozoriste.smashingpixel.net\/","name":"malopozoriste","description":"","publisher":{"@id":"https:\/\/malopozoriste.smashingpixel.net\/#organization"},"potentialAction":[{"@type":"SearchAction","target":{"@type":"EntryPoint","urlTemplate":"https:\/\/malopozoriste.smashingpixel.net\/?s={search_term_string}"},"query-input":{"@type":"PropertyValueSpecification","valueRequired":true,"valueName":"search_term_string"}}],"inLanguage":"sr-latn"},{"@type":"Organization","@id":"https:\/\/malopozoriste.smashingpixel.net\/#organization","name":"\u041c\u0430\u043b\u043e \u043f\u043e\u0437\u043e\u0440\u0438\u0448\u0442\u0435 \u0414\u0443\u0448\u043a\u043e \u0420\u0430\u0434\u043e\u0432\u0438\u045b","url":"https:\/\/malopozoriste.smashingpixel.net\/","logo":{"@type":"ImageObject","inLanguage":"sr-latn","@id":"https:\/\/malopozoriste.smashingpixel.net\/#\/schema\/logo\/image\/","url":"https:\/\/malopozoriste.smashingpixel.net\/wp-content\/uploads\/2024\/03\/malo_pozoriste_logo142x140.png","contentUrl":"https:\/\/malopozoriste.smashingpixel.net\/wp-content\/uploads\/2024\/03\/malo_pozoriste_logo142x140.png","width":142,"height":140,"caption":"\u041c\u0430\u043b\u043e \u043f\u043e\u0437\u043e\u0440\u0438\u0448\u0442\u0435 \u0414\u0443\u0448\u043a\u043e \u0420\u0430\u0434\u043e\u0432\u0438\u045b"},"image":{"@id":"https:\/\/malopozoriste.smashingpixel.net\/#\/schema\/logo\/image\/"},"sameAs":["https:\/\/www.facebook.com\/malopozoriste1948#"]},{"@type":"Person","@id":"https:\/\/malopozoriste.smashingpixel.net\/#\/schema\/person\/a0e780274f587f25a77993e82d795701","name":"P0p4r7","image":{"@type":"ImageObject","inLanguage":"sr-latn","@id":"https:\/\/secure.gravatar.com\/avatar\/3072a7becae851e6c69fcb1a91018459754a5f928756e72b9d22e7a452300b5e?s=96&d=mm&r=g","url":"https:\/\/secure.gravatar.com\/avatar\/3072a7becae851e6c69fcb1a91018459754a5f928756e72b9d22e7a452300b5e?s=96&d=mm&r=g","contentUrl":"https:\/\/secure.gravatar.com\/avatar\/3072a7becae851e6c69fcb1a91018459754a5f928756e72b9d22e7a452300b5e?s=96&d=mm&r=g","caption":"P0p4r7"},"url":"https:\/\/malopozoriste.smashingpixel.net\/sr-latn\/author\/p0p4r7\/"}]}},"_links":{"self":[{"href":"https:\/\/malopozoriste.smashingpixel.net\/sr-latn\/wp-json\/wp\/v2\/posts\/14958","targetHints":{"allow":["GET"]}}],"collection":[{"href":"https:\/\/malopozoriste.smashingpixel.net\/sr-latn\/wp-json\/wp\/v2\/posts"}],"about":[{"href":"https:\/\/malopozoriste.smashingpixel.net\/sr-latn\/wp-json\/wp\/v2\/types\/post"}],"author":[{"embeddable":true,"href":"https:\/\/malopozoriste.smashingpixel.net\/sr-latn\/wp-json\/wp\/v2\/users\/5"}],"replies":[{"embeddable":true,"href":"https:\/\/malopozoriste.smashingpixel.net\/sr-latn\/wp-json\/wp\/v2\/comments?post=14958"}],"version-history":[{"count":0,"href":"https:\/\/malopozoriste.smashingpixel.net\/sr-latn\/wp-json\/wp\/v2\/posts\/14958\/revisions"}],"wp:featuredmedia":[{"embeddable":true,"href":"https:\/\/malopozoriste.smashingpixel.net\/sr-latn\/wp-json\/wp\/v2\/media\/14950"}],"wp:attachment":[{"href":"https:\/\/malopozoriste.smashingpixel.net\/sr-latn\/wp-json\/wp\/v2\/media?parent=14958"}],"wp:term":[{"taxonomy":"category","embeddable":true,"href":"https:\/\/malopozoriste.smashingpixel.net\/sr-latn\/wp-json\/wp\/v2\/categories?post=14958"},{"taxonomy":"post_tag","embeddable":true,"href":"https:\/\/malopozoriste.smashingpixel.net\/sr-latn\/wp-json\/wp\/v2\/tags?post=14958"}],"curies":[{"name":"wp","href":"https:\/\/api.w.org\/{rel}","templated":true}]}}