{"id":15082,"date":"2025-09-16T12:54:43","date_gmt":"2025-09-16T12:54:43","guid":{"rendered":"https:\/\/malopozoriste.smashingpixel.net\/audicija-za-mlade-glumice-za-novu-predstavu-za-decu-lola-i-mila-u-reziji-nikole-zavisica\/"},"modified":"2025-09-16T13:08:44","modified_gmt":"2025-09-16T13:08:44","slug":"audicija-za-mlade-glumice-za-novu-predstavu-za-decu-lola-i-mila-u-reziji-nikole-zavisica","status":"publish","type":"post","link":"https:\/\/malopozoriste.smashingpixel.net\/sr-latn\/audicija-za-mlade-glumice-za-novu-predstavu-za-decu-lola-i-mila-u-reziji-nikole-zavisica\/","title":{"rendered":"Audicija za mlade glumice za novu predstavu za decu \u201eLola i Mila\u201c u re\u017eiji Nikole Zavi\u0161i\u0107a"},"content":{"rendered":"\t\t<div data-elementor-type=\"wp-post\" data-elementor-id=\"15082\" class=\"elementor elementor-15082 elementor-15069\" data-elementor-post-type=\"post\">\n\t\t\t\t<div class=\"elementor-element elementor-element-835deb3 e-flex e-con-boxed e-con e-parent\" data-id=\"835deb3\" data-element_type=\"container\" data-e-type=\"container\">\n\t\t\t\t\t<div class=\"e-con-inner\">\n\t\t\t\t<div class=\"elementor-element elementor-element-f87f823 elementor-widget elementor-widget-image\" data-id=\"f87f823\" data-element_type=\"widget\" data-e-type=\"widget\" data-widget_type=\"image.default\">\n\t\t\t\t<div class=\"elementor-widget-container\">\n\t\t\t\t\t\t\t\t\t\t\t\t\t\t\t<img fetchpriority=\"high\" decoding=\"async\" width=\"1024\" height=\"576\" src=\"https:\/\/malopozoriste.smashingpixel.net\/wp-content\/uploads\/2025\/09\/Lola-i-Mila_Zubic-Vila-sajt-1024x576.png\" class=\"attachment-large size-large wp-image-15072\" alt=\"\" srcset=\"https:\/\/malopozoriste.smashingpixel.net\/wp-content\/uploads\/2025\/09\/Lola-i-Mila_Zubic-Vila-sajt-1024x576.png 1024w, https:\/\/malopozoriste.smashingpixel.net\/wp-content\/uploads\/2025\/09\/Lola-i-Mila_Zubic-Vila-sajt-300x169.png 300w, https:\/\/malopozoriste.smashingpixel.net\/wp-content\/uploads\/2025\/09\/Lola-i-Mila_Zubic-Vila-sajt-768x432.png 768w, https:\/\/malopozoriste.smashingpixel.net\/wp-content\/uploads\/2025\/09\/Lola-i-Mila_Zubic-Vila-sajt-800x450.png 800w, https:\/\/malopozoriste.smashingpixel.net\/wp-content\/uploads\/2025\/09\/Lola-i-Mila_Zubic-Vila-sajt.png 1280w\" sizes=\"(max-width: 1024px) 100vw, 1024px\" \/>\t\t\t\t\t\t\t\t\t\t\t\t\t\t\t<\/div>\n\t\t\t\t<\/div>\n\t\t\t\t\t<\/div>\n\t\t\t\t<\/div>\n\t\t<div class=\"elementor-element elementor-element-fcebbd2 e-flex e-con-boxed e-con e-parent\" data-id=\"fcebbd2\" data-element_type=\"container\" data-e-type=\"container\">\n\t\t\t\t\t<div class=\"e-con-inner\">\n\t\t\t\t<div class=\"elementor-element elementor-element-728446c elementor-widget elementor-widget-spacer\" data-id=\"728446c\" data-element_type=\"widget\" data-e-type=\"widget\" data-widget_type=\"spacer.default\">\n\t\t\t\t<div class=\"elementor-widget-container\">\n\t\t\t\t\t\t\t<div class=\"elementor-spacer\">\n\t\t\t<div class=\"elementor-spacer-inner\"><\/div>\n\t\t<\/div>\n\t\t\t\t\t\t<\/div>\n\t\t\t\t<\/div>\n\t\t\t\t\t<\/div>\n\t\t\t\t<\/div>\n\t\t<div class=\"elementor-element elementor-element-41e1559 e-con-full e-flex e-con e-parent\" data-id=\"41e1559\" data-element_type=\"container\" data-e-type=\"container\">\n\t\t\t\t<div class=\"elementor-element elementor-element-d885cbd elementor-widget elementor-widget-text-editor\" data-id=\"d885cbd\" data-element_type=\"widget\" data-e-type=\"widget\" data-widget_type=\"text-editor.default\">\n\t\t\t\t<div class=\"elementor-widget-container\">\n\t\t\t\t\t\t\t\t\t<p>Pozivamo sve zainteresovane mlade glumice i studentkinje glume do 25 godina da se prijave na audiciju za novu de\u010dju predstavu \u201eLola i Mila\u201c, u re\u017eiji Nikole Zavi\u0161i\u0107a.<\/p><p>Datum: nedelja, 21. septembar<br \/>Vreme: 14 sati<br \/>Mesto: Malo pozori\u0161te \u201eDu\u0161ko Radovi\u0107\u201c, Beograd<\/p><p>Za audiciju nije potrebna priprema monologa, ali se od kandidatkinja o\u010dekuje da pogledaju animirane crtane filmove \u201eLola i Mila\u201c kako bi se upoznale sa likovima i tonom predstave.<\/p><p>Zainteresovane kandidatkinje treba da po\u0161alju:<\/p><ul><li>kratku biografiju (CV)<\/li><li>fotografiju<\/li><li>kontakt telefon<\/li><\/ul><p>na imejl adresu: <a href=\"mailto:jelena@malopozoriste.smashingpixel.net\">jelena@malopozoriste.smashingpixel.net<\/a><\/p><p>Probe po\u010dinju odmah po izboru kandidatkinja, a premijera je zakazana za sredinu decembra. Predstava \u0107e se igrati u drugoj polovini decembra, u vi\u0161e termina dnevno, pa je va\u017eno da se prijave isklju\u010divo kandidatkinje koje su slobodne i na raspolaganju u ovom periodu.<\/p>\t\t\t\t\t\t\t\t<\/div>\n\t\t\t\t<\/div>\n\t\t\t\t<\/div>\n\t\t\t\t<\/div>\n\t\t","protected":false},"excerpt":{"rendered":"Pozivamo sve zainteresovane mlade glumice i studentkinje glume do 25 godina da se prijave na audiciju za novu de\u010dju predstavu \u201eLola i Mila\u201c, u re\u017eiji Nikole Zavi\u0161i\u0107a.Datum: nedelja, 21. septembarVreme: 14 satiMesto: Malo pozori\u0161te \u201eDu\u0161ko Radovi\u0107\u201c, BeogradZa audiciju nije potrebna priprema monologa, ali se od kandidatkinja o\u010dekuje da pogledaju animirane crtane filmove \u201eLola i Mila\u201c [&hellip;]","protected":false},"author":5,"featured_media":15072,"comment_status":"closed","ping_status":"open","sticky":false,"template":"elementor_header_footer","format":"standard","meta":{"_acf_changed":false,"ocean_front_end_style_editor":"no","ocean_post_layout":"","ocean_both_sidebars_style":"","ocean_both_sidebars_content_width":0,"ocean_both_sidebars_sidebars_width":0,"ocean_sidebar":"0","ocean_second_sidebar":"0","ocean_disable_margins":"enable","ocean_add_body_class":"","ocean_shortcode_before_top_bar":"","ocean_shortcode_after_top_bar":"","ocean_shortcode_before_header":"","ocean_shortcode_after_header":"","ocean_has_shortcode":"","ocean_shortcode_after_title":"","ocean_shortcode_before_footer_widgets":"","ocean_shortcode_after_footer_widgets":"","ocean_shortcode_before_footer_bottom":"","ocean_shortcode_after_footer_bottom":"","ocean_display_top_bar":"default","ocean_display_header":"default","ocean_header_style":"","ocean_center_header_left_menu":"0","ocean_custom_header_template":"0","ocean_custom_logo":0,"ocean_custom_retina_logo":0,"ocean_custom_logo_max_width":0,"ocean_custom_logo_tablet_max_width":0,"ocean_custom_logo_mobile_max_width":0,"ocean_custom_logo_max_height":0,"ocean_custom_logo_tablet_max_height":0,"ocean_custom_logo_mobile_max_height":0,"ocean_header_custom_menu":"0","ocean_menu_typo_font_family":"0","ocean_menu_typo_font_subset":"","ocean_menu_typo_font_size":0,"ocean_menu_typo_font_size_tablet":0,"ocean_menu_typo_font_size_mobile":0,"ocean_menu_typo_font_size_unit":"px","ocean_menu_typo_font_weight":"","ocean_menu_typo_font_weight_tablet":"","ocean_menu_typo_font_weight_mobile":"","ocean_menu_typo_transform":"","ocean_menu_typo_transform_tablet":"","ocean_menu_typo_transform_mobile":"","ocean_menu_typo_line_height":0,"ocean_menu_typo_line_height_tablet":0,"ocean_menu_typo_line_height_mobile":0,"ocean_menu_typo_line_height_unit":"","ocean_menu_typo_spacing":0,"ocean_menu_typo_spacing_tablet":0,"ocean_menu_typo_spacing_mobile":0,"ocean_menu_typo_spacing_unit":"","ocean_menu_link_color":"","ocean_menu_link_color_hover":"","ocean_menu_link_color_active":"","ocean_menu_link_background":"","ocean_menu_link_hover_background":"","ocean_menu_link_active_background":"","ocean_menu_social_links_bg":"","ocean_menu_social_hover_links_bg":"","ocean_menu_social_links_color":"","ocean_menu_social_hover_links_color":"","ocean_disable_title":"on","ocean_disable_heading":"default","ocean_post_title":"","ocean_post_subheading":"","ocean_post_title_style":"","ocean_post_title_background_color":"","ocean_post_title_background":0,"ocean_post_title_bg_image_position":"","ocean_post_title_bg_image_attachment":"","ocean_post_title_bg_image_repeat":"","ocean_post_title_bg_image_size":"","ocean_post_title_height":0,"ocean_post_title_bg_overlay":0.5,"ocean_post_title_bg_overlay_color":"","ocean_disable_breadcrumbs":"off","ocean_breadcrumbs_color":"","ocean_breadcrumbs_separator_color":"","ocean_breadcrumbs_links_color":"","ocean_breadcrumbs_links_hover_color":"","ocean_display_footer_widgets":"default","ocean_display_footer_bottom":"default","ocean_custom_footer_template":"0","ocean_post_oembed":"","ocean_post_self_hosted_media":"","ocean_post_video_embed":"","ocean_link_format":"","ocean_link_format_target":"self","ocean_quote_format":"","ocean_quote_format_link":"post","ocean_gallery_link_images":"on","ocean_gallery_id":[],"footnotes":""},"categories":[89,89],"tags":[],"class_list":["post-15082","post","type-post","status-publish","format-standard","has-post-thumbnail","hentry","category-uncategorized-sr-latn","entry","has-media"],"acf":[],"yoast_head":"<!-- This site is optimized with the Yoast SEO plugin v28.3 - https:\/\/yoast.com\/product\/yoast-seo-wordpress\/ -->\n<title>Audicija za mlade glumice za novu predstavu za decu \u201eLola i Mila\u201c u re\u017eiji Nikole Zavi\u0161i\u0107a - malopozoriste<\/title>\n<meta name=\"robots\" content=\"index, follow, max-snippet:-1, max-image-preview:large, max-video-preview:-1\" \/>\n<link rel=\"canonical\" href=\"https:\/\/malopozoriste.smashingpixel.net\/sr-latn\/audicija-za-mlade-glumice-za-novu-predstavu-za-decu-lola-i-mila-u-reziji-nikole-zavisica\/\" \/>\n<meta property=\"og:locale\" content=\"en_US\" \/>\n<meta property=\"og:type\" content=\"article\" \/>\n<meta property=\"og:title\" content=\"Audicija za mlade glumice za novu predstavu za decu \u201eLola i Mila\u201c u re\u017eiji Nikole Zavi\u0161i\u0107a - malopozoriste\" \/>\n<meta property=\"og:description\" content=\"Pozivamo sve zainteresovane mlade glumice i studentkinje glume do 25 godina da se prijave na audiciju za novu de\u010dju predstavu \u201eLola i Mila\u201c, u re\u017eiji Nikole Zavi\u0161i\u0107a.Datum: nedelja, 21. septembarVreme: 14 satiMesto: Malo pozori\u0161te \u201eDu\u0161ko Radovi\u0107\u201c, BeogradZa audiciju nije potrebna priprema monologa, ali se od kandidatkinja o\u010dekuje da pogledaju animirane crtane filmove \u201eLola i Mila\u201c [&hellip;]\" \/>\n<meta property=\"og:url\" content=\"https:\/\/malopozoriste.smashingpixel.net\/sr-latn\/audicija-za-mlade-glumice-za-novu-predstavu-za-decu-lola-i-mila-u-reziji-nikole-zavisica\/\" \/>\n<meta property=\"og:site_name\" content=\"malopozoriste\" \/>\n<meta property=\"article:publisher\" content=\"https:\/\/www.facebook.com\/malopozoriste1948#\" \/>\n<meta property=\"article:published_time\" content=\"2025-09-16T12:54:43+00:00\" \/>\n<meta property=\"article:modified_time\" content=\"2025-09-16T13:08:44+00:00\" \/>\n<meta property=\"og:image\" content=\"https:\/\/malopozoriste.smashingpixel.net\/wp-content\/uploads\/2025\/09\/Lola-i-Mila_Zubic-Vila-sajt.png\" \/>\n\t<meta property=\"og:image:width\" content=\"1280\" \/>\n\t<meta property=\"og:image:height\" content=\"720\" \/>\n\t<meta property=\"og:image:type\" content=\"image\/png\" \/>\n<meta name=\"author\" content=\"P0p4r7\" \/>\n<meta name=\"twitter:card\" content=\"summary_large_image\" \/>\n<meta name=\"twitter:label1\" content=\"Written by\" \/>\n\t<meta name=\"twitter:data1\" content=\"P0p4r7\" \/>\n\t<meta name=\"twitter:label2\" content=\"Est. reading time\" \/>\n\t<meta name=\"twitter:data2\" content=\"1 minute\" \/>\n<script type=\"application\/ld+json\" class=\"yoast-schema-graph\">{\"@context\":\"https:\\\/\\\/schema.org\",\"@graph\":[{\"@type\":\"Article\",\"@id\":\"https:\\\/\\\/malopozoriste.smashingpixel.net\\\/sr-latn\\\/audicija-za-mlade-glumice-za-novu-predstavu-za-decu-lola-i-mila-u-reziji-nikole-zavisica\\\/#article\",\"isPartOf\":{\"@id\":\"https:\\\/\\\/malopozoriste.smashingpixel.net\\\/sr-latn\\\/audicija-za-mlade-glumice-za-novu-predstavu-za-decu-lola-i-mila-u-reziji-nikole-zavisica\\\/\"},\"author\":{\"name\":\"P0p4r7\",\"@id\":\"https:\\\/\\\/malopozoriste.smashingpixel.net\\\/#\\\/schema\\\/person\\\/a0e780274f587f25a77993e82d795701\"},\"headline\":\"Audicija za mlade glumice za novu predstavu za decu \u201eLola i Mila\u201c u re\u017eiji Nikole Zavi\u0161i\u0107a\",\"datePublished\":\"2025-09-16T12:54:43+00:00\",\"dateModified\":\"2025-09-16T13:08:44+00:00\",\"mainEntityOfPage\":{\"@id\":\"https:\\\/\\\/malopozoriste.smashingpixel.net\\\/sr-latn\\\/audicija-za-mlade-glumice-za-novu-predstavu-za-decu-lola-i-mila-u-reziji-nikole-zavisica\\\/\"},\"wordCount\":154,\"publisher\":{\"@id\":\"https:\\\/\\\/malopozoriste.smashingpixel.net\\\/#organization\"},\"image\":{\"@id\":\"https:\\\/\\\/malopozoriste.smashingpixel.net\\\/sr-latn\\\/audicija-za-mlade-glumice-za-novu-predstavu-za-decu-lola-i-mila-u-reziji-nikole-zavisica\\\/#primaryimage\"},\"thumbnailUrl\":\"https:\\\/\\\/malopozoriste.smashingpixel.net\\\/wp-content\\\/uploads\\\/2025\\\/09\\\/Lola-i-Mila_Zubic-Vila-sajt.png\",\"articleSection\":[\"Uncategorized @sr-latn\",\"Uncategorized @sr-latn\"],\"inLanguage\":\"sr-latn\"},{\"@type\":\"WebPage\",\"@id\":\"https:\\\/\\\/malopozoriste.smashingpixel.net\\\/sr-latn\\\/audicija-za-mlade-glumice-za-novu-predstavu-za-decu-lola-i-mila-u-reziji-nikole-zavisica\\\/\",\"url\":\"https:\\\/\\\/malopozoriste.smashingpixel.net\\\/sr-latn\\\/audicija-za-mlade-glumice-za-novu-predstavu-za-decu-lola-i-mila-u-reziji-nikole-zavisica\\\/\",\"name\":\"Audicija za mlade glumice za novu predstavu za decu \u201eLola i Mila\u201c u re\u017eiji Nikole Zavi\u0161i\u0107a - malopozoriste\",\"isPartOf\":{\"@id\":\"https:\\\/\\\/malopozoriste.smashingpixel.net\\\/#website\"},\"primaryImageOfPage\":{\"@id\":\"https:\\\/\\\/malopozoriste.smashingpixel.net\\\/sr-latn\\\/audicija-za-mlade-glumice-za-novu-predstavu-za-decu-lola-i-mila-u-reziji-nikole-zavisica\\\/#primaryimage\"},\"image\":{\"@id\":\"https:\\\/\\\/malopozoriste.smashingpixel.net\\\/sr-latn\\\/audicija-za-mlade-glumice-za-novu-predstavu-za-decu-lola-i-mila-u-reziji-nikole-zavisica\\\/#primaryimage\"},\"thumbnailUrl\":\"https:\\\/\\\/malopozoriste.smashingpixel.net\\\/wp-content\\\/uploads\\\/2025\\\/09\\\/Lola-i-Mila_Zubic-Vila-sajt.png\",\"datePublished\":\"2025-09-16T12:54:43+00:00\",\"dateModified\":\"2025-09-16T13:08:44+00:00\",\"breadcrumb\":{\"@id\":\"https:\\\/\\\/malopozoriste.smashingpixel.net\\\/sr-latn\\\/audicija-za-mlade-glumice-za-novu-predstavu-za-decu-lola-i-mila-u-reziji-nikole-zavisica\\\/#breadcrumb\"},\"inLanguage\":\"sr-latn\",\"potentialAction\":[{\"@type\":\"ReadAction\",\"target\":[\"https:\\\/\\\/malopozoriste.smashingpixel.net\\\/sr-latn\\\/audicija-za-mlade-glumice-za-novu-predstavu-za-decu-lola-i-mila-u-reziji-nikole-zavisica\\\/\"]}]},{\"@type\":\"ImageObject\",\"inLanguage\":\"sr-latn\",\"@id\":\"https:\\\/\\\/malopozoriste.smashingpixel.net\\\/sr-latn\\\/audicija-za-mlade-glumice-za-novu-predstavu-za-decu-lola-i-mila-u-reziji-nikole-zavisica\\\/#primaryimage\",\"url\":\"https:\\\/\\\/malopozoriste.smashingpixel.net\\\/wp-content\\\/uploads\\\/2025\\\/09\\\/Lola-i-Mila_Zubic-Vila-sajt.png\",\"contentUrl\":\"https:\\\/\\\/malopozoriste.smashingpixel.net\\\/wp-content\\\/uploads\\\/2025\\\/09\\\/Lola-i-Mila_Zubic-Vila-sajt.png\",\"width\":1280,\"height\":720},{\"@type\":\"BreadcrumbList\",\"@id\":\"https:\\\/\\\/malopozoriste.smashingpixel.net\\\/sr-latn\\\/audicija-za-mlade-glumice-za-novu-predstavu-za-decu-lola-i-mila-u-reziji-nikole-zavisica\\\/#breadcrumb\",\"itemListElement\":[{\"@type\":\"ListItem\",\"position\":1,\"name\":\"\u041f\u043e\u0447\u0435\u0442\u043d\u0430\",\"item\":\"https:\\\/\\\/malopozoriste.smashingpixel.net\\\/sr-latn\\\/home\\\/\"},{\"@type\":\"ListItem\",\"position\":2,\"name\":\"Audicija za mlade glumice za novu predstavu za decu \u201eLola i Mila\u201c u re\u017eiji Nikole Zavi\u0161i\u0107a\"}]},{\"@type\":\"WebSite\",\"@id\":\"https:\\\/\\\/malopozoriste.smashingpixel.net\\\/#website\",\"url\":\"https:\\\/\\\/malopozoriste.smashingpixel.net\\\/\",\"name\":\"malopozoriste\",\"description\":\"\",\"publisher\":{\"@id\":\"https:\\\/\\\/malopozoriste.smashingpixel.net\\\/#organization\"},\"potentialAction\":[{\"@type\":\"SearchAction\",\"target\":{\"@type\":\"EntryPoint\",\"urlTemplate\":\"https:\\\/\\\/malopozoriste.smashingpixel.net\\\/?s={search_term_string}\"},\"query-input\":{\"@type\":\"PropertyValueSpecification\",\"valueRequired\":true,\"valueName\":\"search_term_string\"}}],\"inLanguage\":\"sr-latn\"},{\"@type\":\"Organization\",\"@id\":\"https:\\\/\\\/malopozoriste.smashingpixel.net\\\/#organization\",\"name\":\"\u041c\u0430\u043b\u043e \u043f\u043e\u0437\u043e\u0440\u0438\u0448\u0442\u0435 \u0414\u0443\u0448\u043a\u043e \u0420\u0430\u0434\u043e\u0432\u0438\u045b\",\"url\":\"https:\\\/\\\/malopozoriste.smashingpixel.net\\\/\",\"logo\":{\"@type\":\"ImageObject\",\"inLanguage\":\"sr-latn\",\"@id\":\"https:\\\/\\\/malopozoriste.smashingpixel.net\\\/#\\\/schema\\\/logo\\\/image\\\/\",\"url\":\"https:\\\/\\\/malopozoriste.smashingpixel.net\\\/wp-content\\\/uploads\\\/2024\\\/03\\\/malo_pozoriste_logo142x140.png\",\"contentUrl\":\"https:\\\/\\\/malopozoriste.smashingpixel.net\\\/wp-content\\\/uploads\\\/2024\\\/03\\\/malo_pozoriste_logo142x140.png\",\"width\":142,\"height\":140,\"caption\":\"\u041c\u0430\u043b\u043e \u043f\u043e\u0437\u043e\u0440\u0438\u0448\u0442\u0435 \u0414\u0443\u0448\u043a\u043e \u0420\u0430\u0434\u043e\u0432\u0438\u045b\"},\"image\":{\"@id\":\"https:\\\/\\\/malopozoriste.smashingpixel.net\\\/#\\\/schema\\\/logo\\\/image\\\/\"},\"sameAs\":[\"https:\\\/\\\/www.facebook.com\\\/malopozoriste1948#\"]},{\"@type\":\"Person\",\"@id\":\"https:\\\/\\\/malopozoriste.smashingpixel.net\\\/#\\\/schema\\\/person\\\/a0e780274f587f25a77993e82d795701\",\"name\":\"P0p4r7\",\"image\":{\"@type\":\"ImageObject\",\"inLanguage\":\"sr-latn\",\"@id\":\"https:\\\/\\\/secure.gravatar.com\\\/avatar\\\/3072a7becae851e6c69fcb1a91018459754a5f928756e72b9d22e7a452300b5e?s=96&d=mm&r=g\",\"url\":\"https:\\\/\\\/secure.gravatar.com\\\/avatar\\\/3072a7becae851e6c69fcb1a91018459754a5f928756e72b9d22e7a452300b5e?s=96&d=mm&r=g\",\"contentUrl\":\"https:\\\/\\\/secure.gravatar.com\\\/avatar\\\/3072a7becae851e6c69fcb1a91018459754a5f928756e72b9d22e7a452300b5e?s=96&d=mm&r=g\",\"caption\":\"P0p4r7\"},\"url\":\"https:\\\/\\\/malopozoriste.smashingpixel.net\\\/sr-latn\\\/author\\\/p0p4r7\\\/\"}]}<\/script>\n<!-- \/ Yoast SEO plugin. -->","yoast_head_json":{"title":"Audicija za mlade glumice za novu predstavu za decu \u201eLola i Mila\u201c u re\u017eiji Nikole Zavi\u0161i\u0107a - malopozoriste","robots":{"index":"index","follow":"follow","max-snippet":"max-snippet:-1","max-image-preview":"max-image-preview:large","max-video-preview":"max-video-preview:-1"},"canonical":"https:\/\/malopozoriste.smashingpixel.net\/sr-latn\/audicija-za-mlade-glumice-za-novu-predstavu-za-decu-lola-i-mila-u-reziji-nikole-zavisica\/","og_locale":"en_US","og_type":"article","og_title":"Audicija za mlade glumice za novu predstavu za decu \u201eLola i Mila\u201c u re\u017eiji Nikole Zavi\u0161i\u0107a - malopozoriste","og_description":"Pozivamo sve zainteresovane mlade glumice i studentkinje glume do 25 godina da se prijave na audiciju za novu de\u010dju predstavu \u201eLola i Mila\u201c, u re\u017eiji Nikole Zavi\u0161i\u0107a.Datum: nedelja, 21. septembarVreme: 14 satiMesto: Malo pozori\u0161te \u201eDu\u0161ko Radovi\u0107\u201c, BeogradZa audiciju nije potrebna priprema monologa, ali se od kandidatkinja o\u010dekuje da pogledaju animirane crtane filmove \u201eLola i Mila\u201c [&hellip;]","og_url":"https:\/\/malopozoriste.smashingpixel.net\/sr-latn\/audicija-za-mlade-glumice-za-novu-predstavu-za-decu-lola-i-mila-u-reziji-nikole-zavisica\/","og_site_name":"malopozoriste","article_publisher":"https:\/\/www.facebook.com\/malopozoriste1948#","article_published_time":"2025-09-16T12:54:43+00:00","article_modified_time":"2025-09-16T13:08:44+00:00","og_image":[{"width":1280,"height":720,"url":"https:\/\/malopozoriste.smashingpixel.net\/wp-content\/uploads\/2025\/09\/Lola-i-Mila_Zubic-Vila-sajt.png","type":"image\/png"}],"author":"P0p4r7","twitter_card":"summary_large_image","twitter_misc":{"Written by":"P0p4r7","Est. reading time":"1 minute"},"schema":{"@context":"https:\/\/schema.org","@graph":[{"@type":"Article","@id":"https:\/\/malopozoriste.smashingpixel.net\/sr-latn\/audicija-za-mlade-glumice-za-novu-predstavu-za-decu-lola-i-mila-u-reziji-nikole-zavisica\/#article","isPartOf":{"@id":"https:\/\/malopozoriste.smashingpixel.net\/sr-latn\/audicija-za-mlade-glumice-za-novu-predstavu-za-decu-lola-i-mila-u-reziji-nikole-zavisica\/"},"author":{"name":"P0p4r7","@id":"https:\/\/malopozoriste.smashingpixel.net\/#\/schema\/person\/a0e780274f587f25a77993e82d795701"},"headline":"Audicija za mlade glumice za novu predstavu za decu \u201eLola i Mila\u201c u re\u017eiji Nikole Zavi\u0161i\u0107a","datePublished":"2025-09-16T12:54:43+00:00","dateModified":"2025-09-16T13:08:44+00:00","mainEntityOfPage":{"@id":"https:\/\/malopozoriste.smashingpixel.net\/sr-latn\/audicija-za-mlade-glumice-za-novu-predstavu-za-decu-lola-i-mila-u-reziji-nikole-zavisica\/"},"wordCount":154,"publisher":{"@id":"https:\/\/malopozoriste.smashingpixel.net\/#organization"},"image":{"@id":"https:\/\/malopozoriste.smashingpixel.net\/sr-latn\/audicija-za-mlade-glumice-za-novu-predstavu-za-decu-lola-i-mila-u-reziji-nikole-zavisica\/#primaryimage"},"thumbnailUrl":"https:\/\/malopozoriste.smashingpixel.net\/wp-content\/uploads\/2025\/09\/Lola-i-Mila_Zubic-Vila-sajt.png","articleSection":["Uncategorized @sr-latn","Uncategorized @sr-latn"],"inLanguage":"sr-latn"},{"@type":"WebPage","@id":"https:\/\/malopozoriste.smashingpixel.net\/sr-latn\/audicija-za-mlade-glumice-za-novu-predstavu-za-decu-lola-i-mila-u-reziji-nikole-zavisica\/","url":"https:\/\/malopozoriste.smashingpixel.net\/sr-latn\/audicija-za-mlade-glumice-za-novu-predstavu-za-decu-lola-i-mila-u-reziji-nikole-zavisica\/","name":"Audicija za mlade glumice za novu predstavu za decu \u201eLola i Mila\u201c u re\u017eiji Nikole Zavi\u0161i\u0107a - malopozoriste","isPartOf":{"@id":"https:\/\/malopozoriste.smashingpixel.net\/#website"},"primaryImageOfPage":{"@id":"https:\/\/malopozoriste.smashingpixel.net\/sr-latn\/audicija-za-mlade-glumice-za-novu-predstavu-za-decu-lola-i-mila-u-reziji-nikole-zavisica\/#primaryimage"},"image":{"@id":"https:\/\/malopozoriste.smashingpixel.net\/sr-latn\/audicija-za-mlade-glumice-za-novu-predstavu-za-decu-lola-i-mila-u-reziji-nikole-zavisica\/#primaryimage"},"thumbnailUrl":"https:\/\/malopozoriste.smashingpixel.net\/wp-content\/uploads\/2025\/09\/Lola-i-Mila_Zubic-Vila-sajt.png","datePublished":"2025-09-16T12:54:43+00:00","dateModified":"2025-09-16T13:08:44+00:00","breadcrumb":{"@id":"https:\/\/malopozoriste.smashingpixel.net\/sr-latn\/audicija-za-mlade-glumice-za-novu-predstavu-za-decu-lola-i-mila-u-reziji-nikole-zavisica\/#breadcrumb"},"inLanguage":"sr-latn","potentialAction":[{"@type":"ReadAction","target":["https:\/\/malopozoriste.smashingpixel.net\/sr-latn\/audicija-za-mlade-glumice-za-novu-predstavu-za-decu-lola-i-mila-u-reziji-nikole-zavisica\/"]}]},{"@type":"ImageObject","inLanguage":"sr-latn","@id":"https:\/\/malopozoriste.smashingpixel.net\/sr-latn\/audicija-za-mlade-glumice-za-novu-predstavu-za-decu-lola-i-mila-u-reziji-nikole-zavisica\/#primaryimage","url":"https:\/\/malopozoriste.smashingpixel.net\/wp-content\/uploads\/2025\/09\/Lola-i-Mila_Zubic-Vila-sajt.png","contentUrl":"https:\/\/malopozoriste.smashingpixel.net\/wp-content\/uploads\/2025\/09\/Lola-i-Mila_Zubic-Vila-sajt.png","width":1280,"height":720},{"@type":"BreadcrumbList","@id":"https:\/\/malopozoriste.smashingpixel.net\/sr-latn\/audicija-za-mlade-glumice-za-novu-predstavu-za-decu-lola-i-mila-u-reziji-nikole-zavisica\/#breadcrumb","itemListElement":[{"@type":"ListItem","position":1,"name":"\u041f\u043e\u0447\u0435\u0442\u043d\u0430","item":"https:\/\/malopozoriste.smashingpixel.net\/sr-latn\/home\/"},{"@type":"ListItem","position":2,"name":"Audicija za mlade glumice za novu predstavu za decu \u201eLola i Mila\u201c u re\u017eiji Nikole Zavi\u0161i\u0107a"}]},{"@type":"WebSite","@id":"https:\/\/malopozoriste.smashingpixel.net\/#website","url":"https:\/\/malopozoriste.smashingpixel.net\/","name":"malopozoriste","description":"","publisher":{"@id":"https:\/\/malopozoriste.smashingpixel.net\/#organization"},"potentialAction":[{"@type":"SearchAction","target":{"@type":"EntryPoint","urlTemplate":"https:\/\/malopozoriste.smashingpixel.net\/?s={search_term_string}"},"query-input":{"@type":"PropertyValueSpecification","valueRequired":true,"valueName":"search_term_string"}}],"inLanguage":"sr-latn"},{"@type":"Organization","@id":"https:\/\/malopozoriste.smashingpixel.net\/#organization","name":"\u041c\u0430\u043b\u043e \u043f\u043e\u0437\u043e\u0440\u0438\u0448\u0442\u0435 \u0414\u0443\u0448\u043a\u043e \u0420\u0430\u0434\u043e\u0432\u0438\u045b","url":"https:\/\/malopozoriste.smashingpixel.net\/","logo":{"@type":"ImageObject","inLanguage":"sr-latn","@id":"https:\/\/malopozoriste.smashingpixel.net\/#\/schema\/logo\/image\/","url":"https:\/\/malopozoriste.smashingpixel.net\/wp-content\/uploads\/2024\/03\/malo_pozoriste_logo142x140.png","contentUrl":"https:\/\/malopozoriste.smashingpixel.net\/wp-content\/uploads\/2024\/03\/malo_pozoriste_logo142x140.png","width":142,"height":140,"caption":"\u041c\u0430\u043b\u043e \u043f\u043e\u0437\u043e\u0440\u0438\u0448\u0442\u0435 \u0414\u0443\u0448\u043a\u043e \u0420\u0430\u0434\u043e\u0432\u0438\u045b"},"image":{"@id":"https:\/\/malopozoriste.smashingpixel.net\/#\/schema\/logo\/image\/"},"sameAs":["https:\/\/www.facebook.com\/malopozoriste1948#"]},{"@type":"Person","@id":"https:\/\/malopozoriste.smashingpixel.net\/#\/schema\/person\/a0e780274f587f25a77993e82d795701","name":"P0p4r7","image":{"@type":"ImageObject","inLanguage":"sr-latn","@id":"https:\/\/secure.gravatar.com\/avatar\/3072a7becae851e6c69fcb1a91018459754a5f928756e72b9d22e7a452300b5e?s=96&d=mm&r=g","url":"https:\/\/secure.gravatar.com\/avatar\/3072a7becae851e6c69fcb1a91018459754a5f928756e72b9d22e7a452300b5e?s=96&d=mm&r=g","contentUrl":"https:\/\/secure.gravatar.com\/avatar\/3072a7becae851e6c69fcb1a91018459754a5f928756e72b9d22e7a452300b5e?s=96&d=mm&r=g","caption":"P0p4r7"},"url":"https:\/\/malopozoriste.smashingpixel.net\/sr-latn\/author\/p0p4r7\/"}]}},"_links":{"self":[{"href":"https:\/\/malopozoriste.smashingpixel.net\/sr-latn\/wp-json\/wp\/v2\/posts\/15082","targetHints":{"allow":["GET"]}}],"collection":[{"href":"https:\/\/malopozoriste.smashingpixel.net\/sr-latn\/wp-json\/wp\/v2\/posts"}],"about":[{"href":"https:\/\/malopozoriste.smashingpixel.net\/sr-latn\/wp-json\/wp\/v2\/types\/post"}],"author":[{"embeddable":true,"href":"https:\/\/malopozoriste.smashingpixel.net\/sr-latn\/wp-json\/wp\/v2\/users\/5"}],"replies":[{"embeddable":true,"href":"https:\/\/malopozoriste.smashingpixel.net\/sr-latn\/wp-json\/wp\/v2\/comments?post=15082"}],"version-history":[{"count":0,"href":"https:\/\/malopozoriste.smashingpixel.net\/sr-latn\/wp-json\/wp\/v2\/posts\/15082\/revisions"}],"wp:featuredmedia":[{"embeddable":true,"href":"https:\/\/malopozoriste.smashingpixel.net\/sr-latn\/wp-json\/wp\/v2\/media\/15072"}],"wp:attachment":[{"href":"https:\/\/malopozoriste.smashingpixel.net\/sr-latn\/wp-json\/wp\/v2\/media?parent=15082"}],"wp:term":[{"taxonomy":"category","embeddable":true,"href":"https:\/\/malopozoriste.smashingpixel.net\/sr-latn\/wp-json\/wp\/v2\/categories?post=15082"},{"taxonomy":"post_tag","embeddable":true,"href":"https:\/\/malopozoriste.smashingpixel.net\/sr-latn\/wp-json\/wp\/v2\/tags?post=15082"}],"curies":[{"name":"wp","href":"https:\/\/api.w.org\/{rel}","templated":true}]}}