{"id":15815,"date":"2025-10-18T11:13:16","date_gmt":"2025-10-18T11:13:16","guid":{"rendered":"https:\/\/malopozoriste.smashingpixel.net\/ana-the-changes-na-vecernjoj-sceni-radovic\/"},"modified":"2025-10-18T11:19:27","modified_gmt":"2025-10-18T11:19:27","slug":"ana-the-changes-na-vecernjoj-sceni-radovic","status":"publish","type":"post","link":"https:\/\/malopozoriste.smashingpixel.net\/sr-latn\/ana-the-changes-na-vecernjoj-sceni-radovic\/","title":{"rendered":"Ana &#038; The Changes na Ve\u010dernjoj sceni \u201eRadovi\u0107\u201c"},"content":{"rendered":"\t\t<div data-elementor-type=\"wp-post\" data-elementor-id=\"15815\" class=\"elementor elementor-15815 elementor-15809\" data-elementor-post-type=\"post\">\n\t\t\t\t<div class=\"elementor-element elementor-element-00bd439 e-flex e-con-boxed e-con e-parent\" data-id=\"00bd439\" data-element_type=\"container\" data-e-type=\"container\">\n\t\t\t\t\t<div class=\"e-con-inner\">\n\t\t\t\t<div class=\"elementor-element elementor-element-3b430fe elementor-widget elementor-widget-image\" data-id=\"3b430fe\" data-element_type=\"widget\" data-e-type=\"widget\" data-widget_type=\"image.default\">\n\t\t\t\t<div class=\"elementor-widget-container\">\n\t\t\t\t\t\t\t\t\t\t\t\t\t\t\t<img fetchpriority=\"high\" decoding=\"async\" width=\"1024\" height=\"666\" src=\"https:\/\/malopozoriste.smashingpixel.net\/wp-content\/uploads\/2025\/10\/Ana-The-Changes-Aleksandar-Alempijevic-1024x666.jpg\" class=\"attachment-large size-large wp-image-15807\" alt=\"\" srcset=\"https:\/\/malopozoriste.smashingpixel.net\/wp-content\/uploads\/2025\/10\/Ana-The-Changes-Aleksandar-Alempijevic-1024x666.jpg 1024w, https:\/\/malopozoriste.smashingpixel.net\/wp-content\/uploads\/2025\/10\/Ana-The-Changes-Aleksandar-Alempijevic-300x195.jpg 300w, https:\/\/malopozoriste.smashingpixel.net\/wp-content\/uploads\/2025\/10\/Ana-The-Changes-Aleksandar-Alempijevic-768x499.jpg 768w, https:\/\/malopozoriste.smashingpixel.net\/wp-content\/uploads\/2025\/10\/Ana-The-Changes-Aleksandar-Alempijevic.jpg 1280w\" sizes=\"(max-width: 1024px) 100vw, 1024px\" \/>\t\t\t\t\t\t\t\t\t\t\t\t\t\t\t<\/div>\n\t\t\t\t<\/div>\n\t\t\t\t\t<\/div>\n\t\t\t\t<\/div>\n\t\t<div class=\"elementor-element elementor-element-6c81139 e-flex e-con-boxed e-con e-parent\" data-id=\"6c81139\" data-element_type=\"container\" data-e-type=\"container\">\n\t\t\t\t\t<div class=\"e-con-inner\">\n\t\t\t\t<div class=\"elementor-element elementor-element-d98dacc elementor-widget elementor-widget-heading\" data-id=\"d98dacc\" data-element_type=\"widget\" data-e-type=\"widget\" data-widget_type=\"heading.default\">\n\t\t\t\t<div class=\"elementor-widget-container\">\n\t\t\t\t\t<h2 class=\"elementor-heading-title elementor-size-default\">Ana &amp; The Changes na Ve\u010dernjoj sceni \u201eRadovi\u0107\u201c<\/h2>\t\t\t\t<\/div>\n\t\t\t\t<\/div>\n\t\t\t\t\t<\/div>\n\t\t\t\t<\/div>\n\t\t<div class=\"elementor-element elementor-element-0503358 e-flex e-con-boxed e-con e-parent\" data-id=\"0503358\" data-element_type=\"container\" data-e-type=\"container\">\n\t\t\t\t\t<div class=\"e-con-inner\">\n\t\t\t\t<div class=\"elementor-element elementor-element-2243089 elementor-widget elementor-widget-spacer\" data-id=\"2243089\" data-element_type=\"widget\" data-e-type=\"widget\" data-widget_type=\"spacer.default\">\n\t\t\t\t<div class=\"elementor-widget-container\">\n\t\t\t\t\t\t\t<div class=\"elementor-spacer\">\n\t\t\t<div class=\"elementor-spacer-inner\"><\/div>\n\t\t<\/div>\n\t\t\t\t\t\t<\/div>\n\t\t\t\t<\/div>\n\t\t\t\t\t<\/div>\n\t\t\t\t<\/div>\n\t\t<div class=\"elementor-element elementor-element-c121d8f e-flex e-con-boxed e-con e-parent\" data-id=\"c121d8f\" data-element_type=\"container\" data-e-type=\"container\">\n\t\t\t\t\t<div class=\"e-con-inner\">\n\t\t\t\t<div class=\"elementor-element elementor-element-e6bfd5c elementor-widget elementor-widget-text-editor\" data-id=\"e6bfd5c\" data-element_type=\"widget\" data-e-type=\"widget\" data-widget_type=\"text-editor.default\">\n\t\t\t\t<div class=\"elementor-widget-container\">\n\t\t\t\t\t\t\t\t\t<p data-start=\"348\" data-end=\"470\">Beogradska grupa <strong data-start=\"365\" data-end=\"386\">Ana &amp; The Changes<\/strong> poziva vas na koncert kojim obele\u017eava izlazak gramofonske plo\u010de albuma <em data-start=\"458\" data-end=\"469\">Sabiranje<\/em>.<\/p>\n<p data-start=\"472\" data-end=\"632\">Koncert \u0107e biti odr\u017ean u petak, <strong data-start=\"504\" data-end=\"529\">28. novembra od 20.00<\/strong>, u okviru programa <strong data-start=\"549\" data-end=\"577\">Ve\u010dernje scene \u201eRadovi\u0107\u201c<\/strong>, u <strong data-start=\"581\" data-end=\"616\">Malom pozori\u0161tu \u201eDu\u0161ko Radovi\u0107\u201c<\/strong> (Aberdareva 1).<\/p>\n<p data-start=\"634\" data-end=\"804\">Ulaznice su u prodaji na biletarnici Malog pozori\u0161ta, kao i na svim Ticket Vision mestima i onlajn, po ceni od <strong data-start=\"745\" data-end=\"757\">2000 RSD<\/strong>. Na dan koncerta cena karte bi\u0107e <strong data-start=\"791\" data-end=\"803\">2500 RSD<\/strong>.<\/p>\n<blockquote data-start=\"806\" data-end=\"1228\">\n<p data-start=\"808\" data-end=\"1228\">\u201eUz podr\u0161ku divnog tima Malog pozori\u0161ta \u2018Du\u0161ko Radovi\u0107\u2019, na \u010dije predstave rado idem, i u jednoj od najdra\u017eih, najne\u017enijih beogradskih scena, pozivamo vas na intimno i toplo ve\u010de. U naj\u0161iroj postavci benda predstavi\u0107emo i nove pesme i stare u novom ruhu \u2014 revidirane, mo\u017eda zrelije, neke grublje, neke ne\u017enije. Mo\u017eda nam je va\u017eno da priredimo jedni drugima kolektivno uto\u010di\u0161te u odlasku ove godine\u201c, poru\u010duje Ana \u0106ur\u010din.<\/p>\n<\/blockquote>\n<p data-start=\"1230\" data-end=\"1604\">Album <em data-start=\"1236\" data-end=\"1247\">Sabiranje<\/em> objavljen je krajem aprila ove godine i objedinjuje pesmu \u201eTu\u201c, za koju je Ana 2021. godine dobila nagradu \u017eirija Zadu\u017ebine Milana Mladenovi\u0107a za najbolju pesmu godine, kompletan EP <em data-start=\"1430\" data-end=\"1438\">Susret<\/em>, singl \u201eBrinem\u201c (premijerno izveden na Pesmi za Evroviziju 2025) i tri potpuno nove pesme.<br data-start=\"1529\" data-end=\"1532\" \/>Aktuelni singl je \u201eKao slu\u010dajno\u201c, za koji je video napravila Emma Szabo.<\/p>\n<p data-start=\"1606\" data-end=\"2129\">Na sceni Malog pozori\u0161ta o\u010dekuje vas posebno muzi\u010dko-vizuelni susret i putovanje kroz tri albuma, sa najve\u0107im bendovskim sastavom do sada: <strong data-start=\"1745\" data-end=\"1759\">Ana \u0106ur\u010din<\/strong> (glas i gitara), <strong data-start=\"1777\" data-end=\"1794\">Goran Antovi\u0107<\/strong> (klavijature), <strong data-start=\"1810\" data-end=\"1828\">Ana Protulipac<\/strong> (bas i vokal), <strong data-start=\"1844\" data-end=\"1866\">Aleksa Milijanovi\u0107<\/strong> (bubanj), <strong data-start=\"1877\" data-end=\"1896\">Milena Jan\u010duri\u0107<\/strong> (flauta) i <strong data-start=\"1908\" data-end=\"1924\">Jak\u0161a Bekri\u0107<\/strong> (gitara).<br data-start=\"1934\" data-end=\"1937\" \/>Specijalni gosti na koncertu bi\u0107e <strong data-start=\"1971\" data-end=\"1989\">Ana Protulipac<\/strong> i <strong data-start=\"1992\" data-end=\"2008\">Jak\u0161a Bekri\u0107<\/strong> \u2014 njihovi zajedni\u010dki nastupi poznati su po senzualnom glasu uz bas i gitaru, koji stvaraju pravu oazu intime i ne\u017enosti.<\/p>\n<p data-start=\"2131\" data-end=\"2523\">Ana \u0106ur\u010din do sada je objavila tri studijska albuma \u2014 <em data-start=\"2185\" data-end=\"2208\">Sketches of Belonging<\/em> (2016), <em data-start=\"2217\" data-end=\"2230\">Differences<\/em> (2019) i <em data-start=\"2240\" data-end=\"2251\">Sabiranje<\/em> (poslednja dva kao Ana &amp; The Changes) \u2014 kao i kompilaciju primenjene muzike <em data-start=\"2328\" data-end=\"2335\">Scene<\/em> (2020).<br data-start=\"2343\" data-end=\"2346\" \/>Objavila je i album sa Markom Nasti\u0107em kao <strong data-start=\"2389\" data-end=\"2400\">Amnasti<\/strong>, <em data-start=\"2402\" data-end=\"2422\">It Took Me So Long<\/em> (2024).<br data-start=\"2430\" data-end=\"2433\" \/>Ana nastupa solo, sa bendom ili u triju \u201eTri lepe\u201c, sa Anom Protulipac i Milenom Jan\u010duri\u0107.<\/p>\n<p data-start=\"2525\" data-end=\"2910\">Ovaj koncert je i promocija vinil izdanja albuma <em data-start=\"2574\" data-end=\"2585\">Sabiranje<\/em>, koje je samo po sebi pravo umetni\u010dko delo \u2014 i vizuelno i audiofilski.<br data-start=\"2656\" data-end=\"2659\" \/>Dizajn omota delo je <strong data-start=\"2680\" data-end=\"2706\">Bratislava Milenkovi\u0107a<\/strong>, autorka fotografije je <strong data-start=\"2731\" data-end=\"2748\">Nina \u0110ur\u0111evi\u0107<\/strong>, a sliku na naslovnoj strani (ulje na platnu) uradila je <strong data-start=\"2806\" data-end=\"2820\">Ena Jevti\u0107<\/strong>.<br data-start=\"2821\" data-end=\"2824\" \/>Album je nastao u produkciji <strong data-start=\"2853\" data-end=\"2871\">Milana Bjelice<\/strong>, <strong data-start=\"2873\" data-end=\"2892\">Gorana Antovi\u0107a<\/strong> i <strong data-start=\"2895\" data-end=\"2909\">Ane \u0106ur\u010din<\/strong>.<\/p>\n<p data-start=\"2912\" data-end=\"2985\"><strong data-start=\"2912\" data-end=\"2985\">Dobro do\u0161li u na\u0161e zajedni\u010dko, intimno ve\u010de \u2014 vidimo se u \u201eRadovi\u0107u\u201c!<\/strong><\/p>\n\t\t\t\t\t\t\t\t<\/div>\n\t\t\t\t<\/div>\n\t\t\t\t\t<\/div>\n\t\t\t\t<\/div>\n\t\t\t\t<\/div>\n\t\t","protected":false},"excerpt":{"rendered":"Ana &#038; The Changes na Ve\u010dernjoj sceni \u201eRadovi\u0107\u201c Beogradska grupa Ana &amp; The Changes poziva vas na koncert kojim obele\u017eava izlazak gramofonske plo\u010de albuma Sabiranje. Koncert \u0107e biti odr\u017ean u petak, 28. novembra od 20.00, u okviru programa Ve\u010dernje scene \u201eRadovi\u0107\u201c, u Malom pozori\u0161tu \u201eDu\u0161ko Radovi\u0107\u201c (Aberdareva 1). Ulaznice su u prodaji na biletarnici Malog [&hellip;]","protected":false},"author":5,"featured_media":15807,"comment_status":"closed","ping_status":"open","sticky":false,"template":"elementor_header_footer","format":"standard","meta":{"_acf_changed":false,"ocean_front_end_style_editor":"no","ocean_post_layout":"","ocean_both_sidebars_style":"","ocean_both_sidebars_content_width":0,"ocean_both_sidebars_sidebars_width":0,"ocean_sidebar":"0","ocean_second_sidebar":"0","ocean_disable_margins":"enable","ocean_add_body_class":"","ocean_shortcode_before_top_bar":"","ocean_shortcode_after_top_bar":"","ocean_shortcode_before_header":"","ocean_shortcode_after_header":"","ocean_has_shortcode":"","ocean_shortcode_after_title":"","ocean_shortcode_before_footer_widgets":"","ocean_shortcode_after_footer_widgets":"","ocean_shortcode_before_footer_bottom":"","ocean_shortcode_after_footer_bottom":"","ocean_display_top_bar":"default","ocean_display_header":"default","ocean_header_style":"","ocean_center_header_left_menu":"0","ocean_custom_header_template":"0","ocean_custom_logo":0,"ocean_custom_retina_logo":0,"ocean_custom_logo_max_width":0,"ocean_custom_logo_tablet_max_width":0,"ocean_custom_logo_mobile_max_width":0,"ocean_custom_logo_max_height":0,"ocean_custom_logo_tablet_max_height":0,"ocean_custom_logo_mobile_max_height":0,"ocean_header_custom_menu":"0","ocean_menu_typo_font_family":"0","ocean_menu_typo_font_subset":"","ocean_menu_typo_font_size":0,"ocean_menu_typo_font_size_tablet":0,"ocean_menu_typo_font_size_mobile":0,"ocean_menu_typo_font_size_unit":"px","ocean_menu_typo_font_weight":"","ocean_menu_typo_font_weight_tablet":"","ocean_menu_typo_font_weight_mobile":"","ocean_menu_typo_transform":"","ocean_menu_typo_transform_tablet":"","ocean_menu_typo_transform_mobile":"","ocean_menu_typo_line_height":0,"ocean_menu_typo_line_height_tablet":0,"ocean_menu_typo_line_height_mobile":0,"ocean_menu_typo_line_height_unit":"","ocean_menu_typo_spacing":0,"ocean_menu_typo_spacing_tablet":0,"ocean_menu_typo_spacing_mobile":0,"ocean_menu_typo_spacing_unit":"","ocean_menu_link_color":"","ocean_menu_link_color_hover":"","ocean_menu_link_color_active":"","ocean_menu_link_background":"","ocean_menu_link_hover_background":"","ocean_menu_link_active_background":"","ocean_menu_social_links_bg":"","ocean_menu_social_hover_links_bg":"","ocean_menu_social_links_color":"","ocean_menu_social_hover_links_color":"","ocean_disable_title":"on","ocean_disable_heading":"default","ocean_post_title":"","ocean_post_subheading":"","ocean_post_title_style":"","ocean_post_title_background_color":"","ocean_post_title_background":0,"ocean_post_title_bg_image_position":"","ocean_post_title_bg_image_attachment":"","ocean_post_title_bg_image_repeat":"","ocean_post_title_bg_image_size":"","ocean_post_title_height":0,"ocean_post_title_bg_overlay":0.5,"ocean_post_title_bg_overlay_color":"","ocean_disable_breadcrumbs":"off","ocean_breadcrumbs_color":"","ocean_breadcrumbs_separator_color":"","ocean_breadcrumbs_links_color":"","ocean_breadcrumbs_links_hover_color":"","ocean_display_footer_widgets":"default","ocean_display_footer_bottom":"default","ocean_custom_footer_template":"0","ocean_post_oembed":"","ocean_post_self_hosted_media":"","ocean_post_video_embed":"","ocean_link_format":"","ocean_link_format_target":"self","ocean_quote_format":"","ocean_quote_format_link":"post","ocean_gallery_link_images":"on","ocean_gallery_id":[],"footnotes":""},"categories":[89],"tags":[],"class_list":["post-15815","post","type-post","status-publish","format-standard","has-post-thumbnail","hentry","category-uncategorized-sr-latn","entry","has-media"],"acf":[],"yoast_head":"<!-- This site is optimized with the Yoast SEO plugin v28.3 - https:\/\/yoast.com\/product\/yoast-seo-wordpress\/ -->\n<title>Ana &amp; The Changes na Ve\u010dernjoj sceni \u201eRadovi\u0107\u201c - malopozoriste<\/title>\n<meta name=\"robots\" content=\"index, follow, max-snippet:-1, max-image-preview:large, max-video-preview:-1\" \/>\n<link rel=\"canonical\" href=\"https:\/\/malopozoriste.smashingpixel.net\/sr-latn\/ana-the-changes-na-vecernjoj-sceni-radovic\/\" \/>\n<meta property=\"og:locale\" content=\"en_US\" \/>\n<meta property=\"og:type\" content=\"article\" \/>\n<meta property=\"og:title\" content=\"Ana &amp; The Changes na Ve\u010dernjoj sceni \u201eRadovi\u0107\u201c - malopozoriste\" \/>\n<meta property=\"og:description\" content=\"Ana &#038; The Changes na Ve\u010dernjoj sceni \u201eRadovi\u0107\u201c Beogradska grupa Ana &amp; The Changes poziva vas na koncert kojim obele\u017eava izlazak gramofonske plo\u010de albuma Sabiranje. Koncert \u0107e biti odr\u017ean u petak, 28. novembra od 20.00, u okviru programa Ve\u010dernje scene \u201eRadovi\u0107\u201c, u Malom pozori\u0161tu \u201eDu\u0161ko Radovi\u0107\u201c (Aberdareva 1). Ulaznice su u prodaji na biletarnici Malog [&hellip;]\" \/>\n<meta property=\"og:url\" content=\"https:\/\/malopozoriste.smashingpixel.net\/sr-latn\/ana-the-changes-na-vecernjoj-sceni-radovic\/\" \/>\n<meta property=\"og:site_name\" content=\"malopozoriste\" \/>\n<meta property=\"article:publisher\" content=\"https:\/\/www.facebook.com\/malopozoriste1948#\" \/>\n<meta property=\"article:published_time\" content=\"2025-10-18T11:13:16+00:00\" \/>\n<meta property=\"article:modified_time\" content=\"2025-10-18T11:19:27+00:00\" \/>\n<meta property=\"og:image\" content=\"https:\/\/malopozoriste.smashingpixel.net\/wp-content\/uploads\/2025\/10\/Ana-The-Changes-Aleksandar-Alempijevic.jpg\" \/>\n\t<meta property=\"og:image:width\" content=\"1280\" \/>\n\t<meta property=\"og:image:height\" content=\"832\" \/>\n\t<meta property=\"og:image:type\" content=\"image\/jpeg\" \/>\n<meta name=\"author\" content=\"P0p4r7\" \/>\n<meta name=\"twitter:card\" content=\"summary_large_image\" \/>\n<meta name=\"twitter:label1\" content=\"Written by\" \/>\n\t<meta name=\"twitter:data1\" content=\"P0p4r7\" \/>\n\t<meta name=\"twitter:label2\" content=\"Est. reading time\" \/>\n\t<meta name=\"twitter:data2\" content=\"2 minutes\" \/>\n<script type=\"application\/ld+json\" class=\"yoast-schema-graph\">{\"@context\":\"https:\\\/\\\/schema.org\",\"@graph\":[{\"@type\":\"Article\",\"@id\":\"https:\\\/\\\/malopozoriste.smashingpixel.net\\\/sr-latn\\\/ana-the-changes-na-vecernjoj-sceni-radovic\\\/#article\",\"isPartOf\":{\"@id\":\"https:\\\/\\\/malopozoriste.smashingpixel.net\\\/sr-latn\\\/ana-the-changes-na-vecernjoj-sceni-radovic\\\/\"},\"author\":{\"name\":\"P0p4r7\",\"@id\":\"https:\\\/\\\/malopozoriste.smashingpixel.net\\\/#\\\/schema\\\/person\\\/a0e780274f587f25a77993e82d795701\"},\"headline\":\"Ana &#038; The Changes na Ve\u010dernjoj sceni \u201eRadovi\u0107\u201c\",\"datePublished\":\"2025-10-18T11:13:16+00:00\",\"dateModified\":\"2025-10-18T11:19:27+00:00\",\"mainEntityOfPage\":{\"@id\":\"https:\\\/\\\/malopozoriste.smashingpixel.net\\\/sr-latn\\\/ana-the-changes-na-vecernjoj-sceni-radovic\\\/\"},\"wordCount\":449,\"publisher\":{\"@id\":\"https:\\\/\\\/malopozoriste.smashingpixel.net\\\/#organization\"},\"image\":{\"@id\":\"https:\\\/\\\/malopozoriste.smashingpixel.net\\\/sr-latn\\\/ana-the-changes-na-vecernjoj-sceni-radovic\\\/#primaryimage\"},\"thumbnailUrl\":\"https:\\\/\\\/malopozoriste.smashingpixel.net\\\/wp-content\\\/uploads\\\/2025\\\/10\\\/Ana-The-Changes-Aleksandar-Alempijevic.jpg\",\"articleSection\":[\"Uncategorized @sr-latn\"],\"inLanguage\":\"sr-latn\"},{\"@type\":\"WebPage\",\"@id\":\"https:\\\/\\\/malopozoriste.smashingpixel.net\\\/sr-latn\\\/ana-the-changes-na-vecernjoj-sceni-radovic\\\/\",\"url\":\"https:\\\/\\\/malopozoriste.smashingpixel.net\\\/sr-latn\\\/ana-the-changes-na-vecernjoj-sceni-radovic\\\/\",\"name\":\"Ana & The Changes na Ve\u010dernjoj sceni \u201eRadovi\u0107\u201c - malopozoriste\",\"isPartOf\":{\"@id\":\"https:\\\/\\\/malopozoriste.smashingpixel.net\\\/#website\"},\"primaryImageOfPage\":{\"@id\":\"https:\\\/\\\/malopozoriste.smashingpixel.net\\\/sr-latn\\\/ana-the-changes-na-vecernjoj-sceni-radovic\\\/#primaryimage\"},\"image\":{\"@id\":\"https:\\\/\\\/malopozoriste.smashingpixel.net\\\/sr-latn\\\/ana-the-changes-na-vecernjoj-sceni-radovic\\\/#primaryimage\"},\"thumbnailUrl\":\"https:\\\/\\\/malopozoriste.smashingpixel.net\\\/wp-content\\\/uploads\\\/2025\\\/10\\\/Ana-The-Changes-Aleksandar-Alempijevic.jpg\",\"datePublished\":\"2025-10-18T11:13:16+00:00\",\"dateModified\":\"2025-10-18T11:19:27+00:00\",\"breadcrumb\":{\"@id\":\"https:\\\/\\\/malopozoriste.smashingpixel.net\\\/sr-latn\\\/ana-the-changes-na-vecernjoj-sceni-radovic\\\/#breadcrumb\"},\"inLanguage\":\"sr-latn\",\"potentialAction\":[{\"@type\":\"ReadAction\",\"target\":[\"https:\\\/\\\/malopozoriste.smashingpixel.net\\\/sr-latn\\\/ana-the-changes-na-vecernjoj-sceni-radovic\\\/\"]}]},{\"@type\":\"ImageObject\",\"inLanguage\":\"sr-latn\",\"@id\":\"https:\\\/\\\/malopozoriste.smashingpixel.net\\\/sr-latn\\\/ana-the-changes-na-vecernjoj-sceni-radovic\\\/#primaryimage\",\"url\":\"https:\\\/\\\/malopozoriste.smashingpixel.net\\\/wp-content\\\/uploads\\\/2025\\\/10\\\/Ana-The-Changes-Aleksandar-Alempijevic.jpg\",\"contentUrl\":\"https:\\\/\\\/malopozoriste.smashingpixel.net\\\/wp-content\\\/uploads\\\/2025\\\/10\\\/Ana-The-Changes-Aleksandar-Alempijevic.jpg\",\"width\":1280,\"height\":832},{\"@type\":\"BreadcrumbList\",\"@id\":\"https:\\\/\\\/malopozoriste.smashingpixel.net\\\/sr-latn\\\/ana-the-changes-na-vecernjoj-sceni-radovic\\\/#breadcrumb\",\"itemListElement\":[{\"@type\":\"ListItem\",\"position\":1,\"name\":\"\u041f\u043e\u0447\u0435\u0442\u043d\u0430\",\"item\":\"https:\\\/\\\/malopozoriste.smashingpixel.net\\\/sr-latn\\\/home\\\/\"},{\"@type\":\"ListItem\",\"position\":2,\"name\":\"Ana &#038; The Changes na Ve\u010dernjoj sceni \u201eRadovi\u0107\u201c\"}]},{\"@type\":\"WebSite\",\"@id\":\"https:\\\/\\\/malopozoriste.smashingpixel.net\\\/#website\",\"url\":\"https:\\\/\\\/malopozoriste.smashingpixel.net\\\/\",\"name\":\"malopozoriste\",\"description\":\"\",\"publisher\":{\"@id\":\"https:\\\/\\\/malopozoriste.smashingpixel.net\\\/#organization\"},\"potentialAction\":[{\"@type\":\"SearchAction\",\"target\":{\"@type\":\"EntryPoint\",\"urlTemplate\":\"https:\\\/\\\/malopozoriste.smashingpixel.net\\\/?s={search_term_string}\"},\"query-input\":{\"@type\":\"PropertyValueSpecification\",\"valueRequired\":true,\"valueName\":\"search_term_string\"}}],\"inLanguage\":\"sr-latn\"},{\"@type\":\"Organization\",\"@id\":\"https:\\\/\\\/malopozoriste.smashingpixel.net\\\/#organization\",\"name\":\"\u041c\u0430\u043b\u043e \u043f\u043e\u0437\u043e\u0440\u0438\u0448\u0442\u0435 \u0414\u0443\u0448\u043a\u043e \u0420\u0430\u0434\u043e\u0432\u0438\u045b\",\"url\":\"https:\\\/\\\/malopozoriste.smashingpixel.net\\\/\",\"logo\":{\"@type\":\"ImageObject\",\"inLanguage\":\"sr-latn\",\"@id\":\"https:\\\/\\\/malopozoriste.smashingpixel.net\\\/#\\\/schema\\\/logo\\\/image\\\/\",\"url\":\"https:\\\/\\\/malopozoriste.smashingpixel.net\\\/wp-content\\\/uploads\\\/2024\\\/03\\\/malo_pozoriste_logo142x140.png\",\"contentUrl\":\"https:\\\/\\\/malopozoriste.smashingpixel.net\\\/wp-content\\\/uploads\\\/2024\\\/03\\\/malo_pozoriste_logo142x140.png\",\"width\":142,\"height\":140,\"caption\":\"\u041c\u0430\u043b\u043e \u043f\u043e\u0437\u043e\u0440\u0438\u0448\u0442\u0435 \u0414\u0443\u0448\u043a\u043e \u0420\u0430\u0434\u043e\u0432\u0438\u045b\"},\"image\":{\"@id\":\"https:\\\/\\\/malopozoriste.smashingpixel.net\\\/#\\\/schema\\\/logo\\\/image\\\/\"},\"sameAs\":[\"https:\\\/\\\/www.facebook.com\\\/malopozoriste1948#\"]},{\"@type\":\"Person\",\"@id\":\"https:\\\/\\\/malopozoriste.smashingpixel.net\\\/#\\\/schema\\\/person\\\/a0e780274f587f25a77993e82d795701\",\"name\":\"P0p4r7\",\"image\":{\"@type\":\"ImageObject\",\"inLanguage\":\"sr-latn\",\"@id\":\"https:\\\/\\\/secure.gravatar.com\\\/avatar\\\/3072a7becae851e6c69fcb1a91018459754a5f928756e72b9d22e7a452300b5e?s=96&d=mm&r=g\",\"url\":\"https:\\\/\\\/secure.gravatar.com\\\/avatar\\\/3072a7becae851e6c69fcb1a91018459754a5f928756e72b9d22e7a452300b5e?s=96&d=mm&r=g\",\"contentUrl\":\"https:\\\/\\\/secure.gravatar.com\\\/avatar\\\/3072a7becae851e6c69fcb1a91018459754a5f928756e72b9d22e7a452300b5e?s=96&d=mm&r=g\",\"caption\":\"P0p4r7\"},\"url\":\"https:\\\/\\\/malopozoriste.smashingpixel.net\\\/sr-latn\\\/author\\\/p0p4r7\\\/\"}]}<\/script>\n<!-- \/ Yoast SEO plugin. -->","yoast_head_json":{"title":"Ana & The Changes na Ve\u010dernjoj sceni \u201eRadovi\u0107\u201c - malopozoriste","robots":{"index":"index","follow":"follow","max-snippet":"max-snippet:-1","max-image-preview":"max-image-preview:large","max-video-preview":"max-video-preview:-1"},"canonical":"https:\/\/malopozoriste.smashingpixel.net\/sr-latn\/ana-the-changes-na-vecernjoj-sceni-radovic\/","og_locale":"en_US","og_type":"article","og_title":"Ana & The Changes na Ve\u010dernjoj sceni \u201eRadovi\u0107\u201c - malopozoriste","og_description":"Ana &#038; The Changes na Ve\u010dernjoj sceni \u201eRadovi\u0107\u201c Beogradska grupa Ana &amp; The Changes poziva vas na koncert kojim obele\u017eava izlazak gramofonske plo\u010de albuma Sabiranje. Koncert \u0107e biti odr\u017ean u petak, 28. novembra od 20.00, u okviru programa Ve\u010dernje scene \u201eRadovi\u0107\u201c, u Malom pozori\u0161tu \u201eDu\u0161ko Radovi\u0107\u201c (Aberdareva 1). Ulaznice su u prodaji na biletarnici Malog [&hellip;]","og_url":"https:\/\/malopozoriste.smashingpixel.net\/sr-latn\/ana-the-changes-na-vecernjoj-sceni-radovic\/","og_site_name":"malopozoriste","article_publisher":"https:\/\/www.facebook.com\/malopozoriste1948#","article_published_time":"2025-10-18T11:13:16+00:00","article_modified_time":"2025-10-18T11:19:27+00:00","og_image":[{"width":1280,"height":832,"url":"https:\/\/malopozoriste.smashingpixel.net\/wp-content\/uploads\/2025\/10\/Ana-The-Changes-Aleksandar-Alempijevic.jpg","type":"image\/jpeg"}],"author":"P0p4r7","twitter_card":"summary_large_image","twitter_misc":{"Written by":"P0p4r7","Est. reading time":"2 minutes"},"schema":{"@context":"https:\/\/schema.org","@graph":[{"@type":"Article","@id":"https:\/\/malopozoriste.smashingpixel.net\/sr-latn\/ana-the-changes-na-vecernjoj-sceni-radovic\/#article","isPartOf":{"@id":"https:\/\/malopozoriste.smashingpixel.net\/sr-latn\/ana-the-changes-na-vecernjoj-sceni-radovic\/"},"author":{"name":"P0p4r7","@id":"https:\/\/malopozoriste.smashingpixel.net\/#\/schema\/person\/a0e780274f587f25a77993e82d795701"},"headline":"Ana &#038; The Changes na Ve\u010dernjoj sceni \u201eRadovi\u0107\u201c","datePublished":"2025-10-18T11:13:16+00:00","dateModified":"2025-10-18T11:19:27+00:00","mainEntityOfPage":{"@id":"https:\/\/malopozoriste.smashingpixel.net\/sr-latn\/ana-the-changes-na-vecernjoj-sceni-radovic\/"},"wordCount":449,"publisher":{"@id":"https:\/\/malopozoriste.smashingpixel.net\/#organization"},"image":{"@id":"https:\/\/malopozoriste.smashingpixel.net\/sr-latn\/ana-the-changes-na-vecernjoj-sceni-radovic\/#primaryimage"},"thumbnailUrl":"https:\/\/malopozoriste.smashingpixel.net\/wp-content\/uploads\/2025\/10\/Ana-The-Changes-Aleksandar-Alempijevic.jpg","articleSection":["Uncategorized @sr-latn"],"inLanguage":"sr-latn"},{"@type":"WebPage","@id":"https:\/\/malopozoriste.smashingpixel.net\/sr-latn\/ana-the-changes-na-vecernjoj-sceni-radovic\/","url":"https:\/\/malopozoriste.smashingpixel.net\/sr-latn\/ana-the-changes-na-vecernjoj-sceni-radovic\/","name":"Ana & The Changes na Ve\u010dernjoj sceni \u201eRadovi\u0107\u201c - malopozoriste","isPartOf":{"@id":"https:\/\/malopozoriste.smashingpixel.net\/#website"},"primaryImageOfPage":{"@id":"https:\/\/malopozoriste.smashingpixel.net\/sr-latn\/ana-the-changes-na-vecernjoj-sceni-radovic\/#primaryimage"},"image":{"@id":"https:\/\/malopozoriste.smashingpixel.net\/sr-latn\/ana-the-changes-na-vecernjoj-sceni-radovic\/#primaryimage"},"thumbnailUrl":"https:\/\/malopozoriste.smashingpixel.net\/wp-content\/uploads\/2025\/10\/Ana-The-Changes-Aleksandar-Alempijevic.jpg","datePublished":"2025-10-18T11:13:16+00:00","dateModified":"2025-10-18T11:19:27+00:00","breadcrumb":{"@id":"https:\/\/malopozoriste.smashingpixel.net\/sr-latn\/ana-the-changes-na-vecernjoj-sceni-radovic\/#breadcrumb"},"inLanguage":"sr-latn","potentialAction":[{"@type":"ReadAction","target":["https:\/\/malopozoriste.smashingpixel.net\/sr-latn\/ana-the-changes-na-vecernjoj-sceni-radovic\/"]}]},{"@type":"ImageObject","inLanguage":"sr-latn","@id":"https:\/\/malopozoriste.smashingpixel.net\/sr-latn\/ana-the-changes-na-vecernjoj-sceni-radovic\/#primaryimage","url":"https:\/\/malopozoriste.smashingpixel.net\/wp-content\/uploads\/2025\/10\/Ana-The-Changes-Aleksandar-Alempijevic.jpg","contentUrl":"https:\/\/malopozoriste.smashingpixel.net\/wp-content\/uploads\/2025\/10\/Ana-The-Changes-Aleksandar-Alempijevic.jpg","width":1280,"height":832},{"@type":"BreadcrumbList","@id":"https:\/\/malopozoriste.smashingpixel.net\/sr-latn\/ana-the-changes-na-vecernjoj-sceni-radovic\/#breadcrumb","itemListElement":[{"@type":"ListItem","position":1,"name":"\u041f\u043e\u0447\u0435\u0442\u043d\u0430","item":"https:\/\/malopozoriste.smashingpixel.net\/sr-latn\/home\/"},{"@type":"ListItem","position":2,"name":"Ana &#038; The Changes na Ve\u010dernjoj sceni \u201eRadovi\u0107\u201c"}]},{"@type":"WebSite","@id":"https:\/\/malopozoriste.smashingpixel.net\/#website","url":"https:\/\/malopozoriste.smashingpixel.net\/","name":"malopozoriste","description":"","publisher":{"@id":"https:\/\/malopozoriste.smashingpixel.net\/#organization"},"potentialAction":[{"@type":"SearchAction","target":{"@type":"EntryPoint","urlTemplate":"https:\/\/malopozoriste.smashingpixel.net\/?s={search_term_string}"},"query-input":{"@type":"PropertyValueSpecification","valueRequired":true,"valueName":"search_term_string"}}],"inLanguage":"sr-latn"},{"@type":"Organization","@id":"https:\/\/malopozoriste.smashingpixel.net\/#organization","name":"\u041c\u0430\u043b\u043e \u043f\u043e\u0437\u043e\u0440\u0438\u0448\u0442\u0435 \u0414\u0443\u0448\u043a\u043e \u0420\u0430\u0434\u043e\u0432\u0438\u045b","url":"https:\/\/malopozoriste.smashingpixel.net\/","logo":{"@type":"ImageObject","inLanguage":"sr-latn","@id":"https:\/\/malopozoriste.smashingpixel.net\/#\/schema\/logo\/image\/","url":"https:\/\/malopozoriste.smashingpixel.net\/wp-content\/uploads\/2024\/03\/malo_pozoriste_logo142x140.png","contentUrl":"https:\/\/malopozoriste.smashingpixel.net\/wp-content\/uploads\/2024\/03\/malo_pozoriste_logo142x140.png","width":142,"height":140,"caption":"\u041c\u0430\u043b\u043e \u043f\u043e\u0437\u043e\u0440\u0438\u0448\u0442\u0435 \u0414\u0443\u0448\u043a\u043e \u0420\u0430\u0434\u043e\u0432\u0438\u045b"},"image":{"@id":"https:\/\/malopozoriste.smashingpixel.net\/#\/schema\/logo\/image\/"},"sameAs":["https:\/\/www.facebook.com\/malopozoriste1948#"]},{"@type":"Person","@id":"https:\/\/malopozoriste.smashingpixel.net\/#\/schema\/person\/a0e780274f587f25a77993e82d795701","name":"P0p4r7","image":{"@type":"ImageObject","inLanguage":"sr-latn","@id":"https:\/\/secure.gravatar.com\/avatar\/3072a7becae851e6c69fcb1a91018459754a5f928756e72b9d22e7a452300b5e?s=96&d=mm&r=g","url":"https:\/\/secure.gravatar.com\/avatar\/3072a7becae851e6c69fcb1a91018459754a5f928756e72b9d22e7a452300b5e?s=96&d=mm&r=g","contentUrl":"https:\/\/secure.gravatar.com\/avatar\/3072a7becae851e6c69fcb1a91018459754a5f928756e72b9d22e7a452300b5e?s=96&d=mm&r=g","caption":"P0p4r7"},"url":"https:\/\/malopozoriste.smashingpixel.net\/sr-latn\/author\/p0p4r7\/"}]}},"_links":{"self":[{"href":"https:\/\/malopozoriste.smashingpixel.net\/sr-latn\/wp-json\/wp\/v2\/posts\/15815","targetHints":{"allow":["GET"]}}],"collection":[{"href":"https:\/\/malopozoriste.smashingpixel.net\/sr-latn\/wp-json\/wp\/v2\/posts"}],"about":[{"href":"https:\/\/malopozoriste.smashingpixel.net\/sr-latn\/wp-json\/wp\/v2\/types\/post"}],"author":[{"embeddable":true,"href":"https:\/\/malopozoriste.smashingpixel.net\/sr-latn\/wp-json\/wp\/v2\/users\/5"}],"replies":[{"embeddable":true,"href":"https:\/\/malopozoriste.smashingpixel.net\/sr-latn\/wp-json\/wp\/v2\/comments?post=15815"}],"version-history":[{"count":0,"href":"https:\/\/malopozoriste.smashingpixel.net\/sr-latn\/wp-json\/wp\/v2\/posts\/15815\/revisions"}],"wp:featuredmedia":[{"embeddable":true,"href":"https:\/\/malopozoriste.smashingpixel.net\/sr-latn\/wp-json\/wp\/v2\/media\/15807"}],"wp:attachment":[{"href":"https:\/\/malopozoriste.smashingpixel.net\/sr-latn\/wp-json\/wp\/v2\/media?parent=15815"}],"wp:term":[{"taxonomy":"category","embeddable":true,"href":"https:\/\/malopozoriste.smashingpixel.net\/sr-latn\/wp-json\/wp\/v2\/categories?post=15815"},{"taxonomy":"post_tag","embeddable":true,"href":"https:\/\/malopozoriste.smashingpixel.net\/sr-latn\/wp-json\/wp\/v2\/tags?post=15815"}],"curies":[{"name":"wp","href":"https:\/\/api.w.org\/{rel}","templated":true}]}}