{"id":15945,"date":"2025-10-24T11:25:32","date_gmt":"2025-10-24T11:25:32","guid":{"rendered":"https:\/\/malopozoriste.smashingpixel.net\/76-godina-malog-pozorista-dusko-radovic\/"},"modified":"2025-10-24T11:42:41","modified_gmt":"2025-10-24T11:42:41","slug":"76-godina-malog-pozorista-dusko-radovic","status":"publish","type":"post","link":"https:\/\/malopozoriste.smashingpixel.net\/sr-latn\/76-godina-malog-pozorista-dusko-radovic\/","title":{"rendered":"76 godina Malog pozori\u0161ta \u201eDu\u0161ko Radovi\u0107\u201c"},"content":{"rendered":"\t\t<div data-elementor-type=\"wp-post\" data-elementor-id=\"15945\" class=\"elementor elementor-15945 elementor-15919\" data-elementor-post-type=\"post\">\n\t\t\t\t<div class=\"elementor-element elementor-element-b9fe6e2 e-flex e-con-boxed e-con e-parent\" data-id=\"b9fe6e2\" data-element_type=\"container\" data-e-type=\"container\">\n\t\t\t\t\t<div class=\"e-con-inner\">\n\t\t\t\t<div class=\"elementor-element elementor-element-a41ced2 elementor-widget elementor-widget-heading\" data-id=\"a41ced2\" data-element_type=\"widget\" data-e-type=\"widget\" data-widget_type=\"heading.default\">\n\t\t\t\t<div class=\"elementor-widget-container\">\n\t\t\t\t\t<h2 class=\"elementor-heading-title elementor-size-default\">76 godina Malog pozori\u0161ta \u201eDu\u0161ko Radovi\u0107\u201c<\/h2>\t\t\t\t<\/div>\n\t\t\t\t<\/div>\n\t\t\t\t\t<\/div>\n\t\t\t\t<\/div>\n\t\t<div class=\"elementor-element elementor-element-b999e34 e-flex e-con-boxed e-con e-parent\" data-id=\"b999e34\" data-element_type=\"container\" data-e-type=\"container\">\n\t\t\t\t\t<div class=\"e-con-inner\">\n\t\t\t\t<div class=\"elementor-element elementor-element-884014e elementor-widget elementor-widget-spacer\" data-id=\"884014e\" data-element_type=\"widget\" data-e-type=\"widget\" data-widget_type=\"spacer.default\">\n\t\t\t\t<div class=\"elementor-widget-container\">\n\t\t\t\t\t\t\t<div class=\"elementor-spacer\">\n\t\t\t<div class=\"elementor-spacer-inner\"><\/div>\n\t\t<\/div>\n\t\t\t\t\t\t<\/div>\n\t\t\t\t<\/div>\n\t\t\t\t\t<\/div>\n\t\t\t\t<\/div>\n\t\t<div class=\"elementor-element elementor-element-beabc82 e-flex e-con-boxed e-con e-parent\" data-id=\"beabc82\" data-element_type=\"container\" data-e-type=\"container\">\n\t\t\t\t\t<div class=\"e-con-inner\">\n\t\t\t\t<div class=\"elementor-element elementor-element-3886ab4 elementor-widget elementor-widget-text-editor\" data-id=\"3886ab4\" data-element_type=\"widget\" data-e-type=\"widget\" data-widget_type=\"text-editor.default\">\n\t\t\t\t<div class=\"elementor-widget-container\">\n\t\t\t\t\t\t\t\t\t<p data-start=\"0\" data-end=\"148\">Malo pozori\u0161te \u201eDu\u0161ko Radovi\u0107\u201c obele\u017eilo je 23. oktobra svoj <strong>76. ro\u0111endan<\/strong>, dan kada je davne 1949. godine izvedena prva predstava na\u0161eg pozori\u0161ta!<\/p>\n<p data-start=\"150\" data-end=\"326\">Kao i svake godine, proslava je bila prilika da se uru\u010de <strong>godi\u0161nje i jubilarne nagrade<\/strong>, kao priznanja za umetni\u010dka dostignu\u0107a, predan rad i dugogodi\u0161nju posve\u0107enost pozori\u0161tu.<\/p>\n<p data-start=\"328\" data-end=\"510\">U konkurenciji za godi\u0161nje nagrade na\u0161le su se predstave premijerno izvedene od 10. oktobra 2024. do 10. oktobra 2025. godine: <strong>\u201eAvanture Singi Lumbe\u201c<\/strong>, <strong>\u201eTesla\u201c<\/strong> i <strong>\u201eOstrvo sa blagom\u201c.<\/strong><\/p>\n<p data-start=\"512\" data-end=\"649\">\u017diri u sastavu<strong> Diana Kr\u017eani\u0107 Tepavac<\/strong> (predsednica), <strong>Tijana Grumi\u0107<\/strong> (\u010dlanica) i <strong>Jelena \u0106uruvija \u0110urica<\/strong> (\u010dlanica) doneo je slede\u0107e odluke:<\/p>\n<p data-start=\"651\" data-end=\"959\"><strong data-start=\"651\" data-end=\"715\">Nagrada \u201eBo\u017eidar Valtrovi\u0107\u201d za doprinos u Umetni\u010dkom sektoru<\/strong><br data-start=\"715\" data-end=\"718\" \/><strong data-start=\"718\" data-end=\"735\">Nenad Radovi\u0107<\/strong><br data-start=\"735\" data-end=\"738\" \/>U ovoj sezoni Nenad Radovi\u0107 je u\u010destvovao u sve tri produkcije pozori\u0161ta, ostavljaju\u0107i sna\u017ean pe\u010dat na svakom projektu. Njegov kontinuirani anga\u017eman, profesionalizam i posve\u0107enost predstavljaju uzor umetni\u010dkom ansamblu.<\/p>\n<p data-start=\"961\" data-end=\"1247\"><strong data-start=\"961\" data-end=\"1000\">Nagrada \u201eMarija Kulund\u017ei\u0107\u201d za glumu<\/strong><br data-start=\"1000\" data-end=\"1003\" \/><strong data-start=\"1003\" data-end=\"1020\">Nenad Radovi\u0107<\/strong> za uloge u sve tri predstave u konkurenciji.<br data-start=\"1065\" data-end=\"1068\" \/>Svojim istra\u017eiva\u010dkim pristupom i kreativnom hrabro\u0161\u0107u, Radovi\u0107 je oblikovao tri potpuno razli\u010dita scenska lika, pokazav\u0161i \u0161irinu gluma\u010dkog izraza i sna\u017enu umetni\u010dku radoznalost.<\/p>\n<p data-start=\"1249\" data-end=\"1522\"><strong data-start=\"1249\" data-end=\"1284\">Marijana Vi\u0107entijevi\u0107 Badovinac<\/strong> za ulogu Bake Hokins u predstavi \u201eOstrvo sa blagom\u201c.<br data-start=\"1337\" data-end=\"1340\" \/>Svojom precizno\u0161\u0107u, humorom i toplinom, o\u017eivela je lik koji osvaja i decu i odrasle. Nagrada predstavlja priznanje njenoj dugogodi\u0161njoj posve\u0107enosti i doprinosu ansamblu pozori\u0161ta.<\/p>\n<p data-start=\"1524\" data-end=\"1852\"><strong data-start=\"1524\" data-end=\"1580\">Nagrada \u201eMarija Kulund\u017ei\u0107\u201d za total dizajn predstave<\/strong><br data-start=\"1580\" data-end=\"1583\" \/><strong data-start=\"1583\" data-end=\"1599\">Sandra Nika\u010d<\/strong> za scenografiju, kostimografiju i dizajn lutaka u predstavi \u201eAvanture Singi Lumbe\u201c.<br data-start=\"1683\" data-end=\"1686\" \/>Njen rad odlikuju ma\u0161tovitost i prefinjen ose\u0107aj za estetiku. Kroz sklad vizuelnih elemenata, Sandra je stvorila svet koji podsti\u010de de\u010dju radoznalost i imaginaciju.<\/p>\n<p data-start=\"1854\" data-end=\"2077\"><strong data-start=\"1854\" data-end=\"1894\">Nagrada \u201eMarija Kulund\u017ei\u0107\u201d za muziku<\/strong><br data-start=\"1894\" data-end=\"1897\" \/><strong data-start=\"1897\" data-end=\"1915\">Sr\u0111an Markovi\u0107<\/strong> za muziku u predstavi \u201eTesla\u201c.<br data-start=\"1946\" data-end=\"1949\" \/>Kao kompozitor i izvo\u0111a\u010d, stvorio je zvu\u010dni pejza\u017e koji pro\u017eima celu predstavu, \u010dine\u0107i muziku ravnopravnim dramskim elementom.<\/p>\n<p data-start=\"2079\" data-end=\"2372\"><strong data-start=\"2079\" data-end=\"2153\">Nagrada \u201eMarija Kulund\u017ei\u0107\u201d za originalni dramski tekst za decu i mlade<\/strong><br data-start=\"2153\" data-end=\"2156\" \/><strong data-start=\"2156\" data-end=\"2174\">Mina Milo\u0161evi\u0107<\/strong> za tekst predstave \u201eTesla\u201c.<br data-start=\"2202\" data-end=\"2205\" \/>Kroz duhovit i promi\u0161ljen pristup, autorka je do\u010darala detinjstvo i stvarala\u010dki put velikog nau\u010dnika, istovremeno otvaraju\u0107i pitanja znanja, odrastanja i jednakosti.<\/p>\n<p data-start=\"2374\" data-end=\"2690\"><strong data-start=\"2374\" data-end=\"2442\">Nagrada \u201eMilena Na\u010di\u0107\u201d za izuzetnu gluma\u010dko-animatorsku kreaciju<\/strong><br data-start=\"2442\" data-end=\"2445\" \/><strong data-start=\"2445\" data-end=\"2482\">Filip Stankovski i Nikola Malba\u0161a<\/strong> za ulogu i animaciju lutke Felipa Bibija u predstavi \u201eAvanture Singi Lumbe\u201c.<br data-start=\"2559\" data-end=\"2562\" \/>Njihova precizna i uskla\u0111ena saradnja u o\u017eivljavanju lutke donela je scensku magiju, emotivnost i toplinu koja osvaja publiku.<\/p>\n<p data-start=\"2692\" data-end=\"2766\"><strong data-start=\"2692\" data-end=\"2764\">Nagrade \u201eBo\u017eidar Valtrovi\u0107\u201d za izuzetan doprinos u Tehni\u010dkom sektoru<\/strong><\/p>\n<ul data-start=\"2767\" data-end=\"2956\">\n<li data-start=\"2767\" data-end=\"2805\">\n<p data-start=\"2769\" data-end=\"2805\">Nikola Stevanoski, dizajner svetla<\/p>\n<\/li>\n<li data-start=\"2806\" data-end=\"2840\">\n<p data-start=\"2808\" data-end=\"2840\">Paun Pavlovi\u0107, dizajner svetla<\/p>\n<\/li>\n<li data-start=\"2841\" data-end=\"2880\">\n<p data-start=\"2843\" data-end=\"2880\">Vladimir \u017divanovi\u0107, dizajner svetla<\/p>\n<\/li>\n<li data-start=\"2881\" data-end=\"2923\">\n<p data-start=\"2883\" data-end=\"2923\">Velinka Aljinovi\u0107, glavna rekviziterka<\/p>\n<\/li>\n<li data-start=\"2924\" data-end=\"2956\">\n<p data-start=\"2926\" data-end=\"2956\">Luka Ivanovi\u0107, majstor scene<\/p>\n<\/li>\n<\/ul>\n<p data-start=\"2958\" data-end=\"2981\"><strong data-start=\"2958\" data-end=\"2979\">Jubilarne nagrade<\/strong><\/p>\n<ul data-start=\"2982\" data-end=\"3186\">\n<li data-start=\"2982\" data-end=\"3020\">\n<p data-start=\"2984\" data-end=\"3020\">Velinka Aljinovi\u0107 \u2014 38 godina rada<\/p>\n<\/li>\n<li data-start=\"3021\" data-end=\"3073\">\n<p data-start=\"3023\" data-end=\"3073\">Marijana Vi\u0107entijevi\u0107 Badovinac \u2014 30 godina rada<\/p>\n<\/li>\n<li data-start=\"3074\" data-end=\"3112\">\n<p data-start=\"3076\" data-end=\"3112\">Dragica Jovanovi\u0107 \u2014 30 godina rada<\/p>\n<\/li>\n<li data-start=\"3113\" data-end=\"3148\">\n<p data-start=\"3115\" data-end=\"3148\">Marina Stjelja \u2014 10 godina rada<\/p>\n<\/li>\n<li data-start=\"3149\" data-end=\"3186\">\n<p data-start=\"3151\" data-end=\"3186\">Bojana Karajovi\u0107 \u2014 10 godina rada<\/p>\n<\/li>\n<\/ul>\n<p data-start=\"3188\" data-end=\"3371\" data-is-last-node=\"\" data-is-only-node=\"\">Svima koji su nagra\u0111eni \u010destitamo i zahvaljujemo na radu, inspiraciji i energiji kojom ve\u0107 76 godina stvaramo pozori\u0161te za decu, mlade i odrasle koji ne \u017eele da prestanu da se igraju!<\/p>\n\t\t\t\t\t\t\t\t<\/div>\n\t\t\t\t<\/div>\n\t\t\t\t\t<\/div>\n\t\t\t\t<\/div>\n\t\t\t\t<\/div>\n\t\t","protected":false},"excerpt":{"rendered":"76 godina Malog pozori\u0161ta \u201eDu\u0161ko Radovi\u0107\u201c Malo pozori\u0161te \u201eDu\u0161ko Radovi\u0107\u201c obele\u017eilo je 23. oktobra svoj 76. ro\u0111endan, dan kada je davne 1949. godine izvedena prva predstava na\u0161eg pozori\u0161ta! Kao i svake godine, proslava je bila prilika da se uru\u010de godi\u0161nje i jubilarne nagrade, kao priznanja za umetni\u010dka dostignu\u0107a, predan rad i dugogodi\u0161nju posve\u0107enost pozori\u0161tu. U [&hellip;]","protected":false},"author":5,"featured_media":15922,"comment_status":"closed","ping_status":"open","sticky":false,"template":"elementor_header_footer","format":"standard","meta":{"_acf_changed":false,"ocean_front_end_style_editor":"no","ocean_post_layout":"","ocean_both_sidebars_style":"","ocean_both_sidebars_content_width":0,"ocean_both_sidebars_sidebars_width":0,"ocean_sidebar":"0","ocean_second_sidebar":"0","ocean_disable_margins":"enable","ocean_add_body_class":"","ocean_shortcode_before_top_bar":"","ocean_shortcode_after_top_bar":"","ocean_shortcode_before_header":"","ocean_shortcode_after_header":"","ocean_has_shortcode":"","ocean_shortcode_after_title":"","ocean_shortcode_before_footer_widgets":"","ocean_shortcode_after_footer_widgets":"","ocean_shortcode_before_footer_bottom":"","ocean_shortcode_after_footer_bottom":"","ocean_display_top_bar":"default","ocean_display_header":"default","ocean_header_style":"","ocean_center_header_left_menu":"0","ocean_custom_header_template":"0","ocean_custom_logo":0,"ocean_custom_retina_logo":0,"ocean_custom_logo_max_width":0,"ocean_custom_logo_tablet_max_width":0,"ocean_custom_logo_mobile_max_width":0,"ocean_custom_logo_max_height":0,"ocean_custom_logo_tablet_max_height":0,"ocean_custom_logo_mobile_max_height":0,"ocean_header_custom_menu":"0","ocean_menu_typo_font_family":"0","ocean_menu_typo_font_subset":"","ocean_menu_typo_font_size":0,"ocean_menu_typo_font_size_tablet":0,"ocean_menu_typo_font_size_mobile":0,"ocean_menu_typo_font_size_unit":"px","ocean_menu_typo_font_weight":"","ocean_menu_typo_font_weight_tablet":"","ocean_menu_typo_font_weight_mobile":"","ocean_menu_typo_transform":"","ocean_menu_typo_transform_tablet":"","ocean_menu_typo_transform_mobile":"","ocean_menu_typo_line_height":0,"ocean_menu_typo_line_height_tablet":0,"ocean_menu_typo_line_height_mobile":0,"ocean_menu_typo_line_height_unit":"","ocean_menu_typo_spacing":0,"ocean_menu_typo_spacing_tablet":0,"ocean_menu_typo_spacing_mobile":0,"ocean_menu_typo_spacing_unit":"","ocean_menu_link_color":"","ocean_menu_link_color_hover":"","ocean_menu_link_color_active":"","ocean_menu_link_background":"","ocean_menu_link_hover_background":"","ocean_menu_link_active_background":"","ocean_menu_social_links_bg":"","ocean_menu_social_hover_links_bg":"","ocean_menu_social_links_color":"","ocean_menu_social_hover_links_color":"","ocean_disable_title":"on","ocean_disable_heading":"default","ocean_post_title":"","ocean_post_subheading":"","ocean_post_title_style":"","ocean_post_title_background_color":"","ocean_post_title_background":0,"ocean_post_title_bg_image_position":"","ocean_post_title_bg_image_attachment":"","ocean_post_title_bg_image_repeat":"","ocean_post_title_bg_image_size":"","ocean_post_title_height":0,"ocean_post_title_bg_overlay":0.5,"ocean_post_title_bg_overlay_color":"","ocean_disable_breadcrumbs":"off","ocean_breadcrumbs_color":"","ocean_breadcrumbs_separator_color":"","ocean_breadcrumbs_links_color":"","ocean_breadcrumbs_links_hover_color":"","ocean_display_footer_widgets":"default","ocean_display_footer_bottom":"default","ocean_custom_footer_template":"0","ocean_post_oembed":"","ocean_post_self_hosted_media":"","ocean_post_video_embed":"","ocean_link_format":"","ocean_link_format_target":"self","ocean_quote_format":"","ocean_quote_format_link":"post","ocean_gallery_link_images":"on","ocean_gallery_id":[],"footnotes":""},"categories":[89],"tags":[],"class_list":["post-15945","post","type-post","status-publish","format-standard","has-post-thumbnail","hentry","category-uncategorized-sr-latn","entry","has-media"],"acf":[],"yoast_head":"<!-- This site is optimized with the Yoast SEO plugin v28.3 - https:\/\/yoast.com\/product\/yoast-seo-wordpress\/ -->\n<title>76 godina Malog pozori\u0161ta \u201eDu\u0161ko Radovi\u0107\u201c - malopozoriste<\/title>\n<meta name=\"robots\" content=\"index, follow, max-snippet:-1, max-image-preview:large, max-video-preview:-1\" \/>\n<link rel=\"canonical\" href=\"https:\/\/malopozoriste.smashingpixel.net\/sr-latn\/76-godina-malog-pozorista-dusko-radovic\/\" \/>\n<meta property=\"og:locale\" content=\"en_US\" \/>\n<meta property=\"og:type\" content=\"article\" \/>\n<meta property=\"og:title\" content=\"76 godina Malog pozori\u0161ta \u201eDu\u0161ko Radovi\u0107\u201c - malopozoriste\" \/>\n<meta property=\"og:description\" content=\"76 godina Malog pozori\u0161ta \u201eDu\u0161ko Radovi\u0107\u201c Malo pozori\u0161te \u201eDu\u0161ko Radovi\u0107\u201c obele\u017eilo je 23. oktobra svoj 76. ro\u0111endan, dan kada je davne 1949. godine izvedena prva predstava na\u0161eg pozori\u0161ta! Kao i svake godine, proslava je bila prilika da se uru\u010de godi\u0161nje i jubilarne nagrade, kao priznanja za umetni\u010dka dostignu\u0107a, predan rad i dugogodi\u0161nju posve\u0107enost pozori\u0161tu. U [&hellip;]\" \/>\n<meta property=\"og:url\" content=\"https:\/\/malopozoriste.smashingpixel.net\/sr-latn\/76-godina-malog-pozorista-dusko-radovic\/\" \/>\n<meta property=\"og:site_name\" content=\"malopozoriste\" \/>\n<meta property=\"article:publisher\" content=\"https:\/\/www.facebook.com\/malopozoriste1948#\" \/>\n<meta property=\"article:published_time\" content=\"2025-10-24T11:25:32+00:00\" \/>\n<meta property=\"article:modified_time\" content=\"2025-10-24T11:42:41+00:00\" \/>\n<meta property=\"og:image\" content=\"https:\/\/malopozoriste.smashingpixel.net\/wp-content\/uploads\/2025\/10\/76-rodjendan.jpg\" \/>\n\t<meta property=\"og:image:width\" content=\"1280\" \/>\n\t<meta property=\"og:image:height\" content=\"853\" \/>\n\t<meta property=\"og:image:type\" content=\"image\/jpeg\" \/>\n<meta name=\"author\" content=\"P0p4r7\" \/>\n<meta name=\"twitter:card\" content=\"summary_large_image\" \/>\n<meta name=\"twitter:label1\" content=\"Written by\" \/>\n\t<meta name=\"twitter:data1\" content=\"P0p4r7\" \/>\n\t<meta name=\"twitter:label2\" content=\"Est. reading time\" \/>\n\t<meta name=\"twitter:data2\" content=\"3 minutes\" \/>\n<script type=\"application\/ld+json\" class=\"yoast-schema-graph\">{\"@context\":\"https:\\\/\\\/schema.org\",\"@graph\":[{\"@type\":\"Article\",\"@id\":\"https:\\\/\\\/malopozoriste.smashingpixel.net\\\/sr-latn\\\/76-godina-malog-pozorista-dusko-radovic\\\/#article\",\"isPartOf\":{\"@id\":\"https:\\\/\\\/malopozoriste.smashingpixel.net\\\/sr-latn\\\/76-godina-malog-pozorista-dusko-radovic\\\/\"},\"author\":{\"name\":\"P0p4r7\",\"@id\":\"https:\\\/\\\/malopozoriste.smashingpixel.net\\\/#\\\/schema\\\/person\\\/a0e780274f587f25a77993e82d795701\"},\"headline\":\"76 godina Malog pozori\u0161ta \u201eDu\u0161ko Radovi\u0107\u201c\",\"datePublished\":\"2025-10-24T11:25:32+00:00\",\"dateModified\":\"2025-10-24T11:42:41+00:00\",\"mainEntityOfPage\":{\"@id\":\"https:\\\/\\\/malopozoriste.smashingpixel.net\\\/sr-latn\\\/76-godina-malog-pozorista-dusko-radovic\\\/\"},\"wordCount\":517,\"publisher\":{\"@id\":\"https:\\\/\\\/malopozoriste.smashingpixel.net\\\/#organization\"},\"image\":{\"@id\":\"https:\\\/\\\/malopozoriste.smashingpixel.net\\\/sr-latn\\\/76-godina-malog-pozorista-dusko-radovic\\\/#primaryimage\"},\"thumbnailUrl\":\"https:\\\/\\\/malopozoriste.smashingpixel.net\\\/wp-content\\\/uploads\\\/2025\\\/10\\\/76-rodjendan.jpg\",\"articleSection\":[\"Uncategorized @sr-latn\"],\"inLanguage\":\"sr-latn\"},{\"@type\":\"WebPage\",\"@id\":\"https:\\\/\\\/malopozoriste.smashingpixel.net\\\/sr-latn\\\/76-godina-malog-pozorista-dusko-radovic\\\/\",\"url\":\"https:\\\/\\\/malopozoriste.smashingpixel.net\\\/sr-latn\\\/76-godina-malog-pozorista-dusko-radovic\\\/\",\"name\":\"76 godina Malog pozori\u0161ta \u201eDu\u0161ko Radovi\u0107\u201c - malopozoriste\",\"isPartOf\":{\"@id\":\"https:\\\/\\\/malopozoriste.smashingpixel.net\\\/#website\"},\"primaryImageOfPage\":{\"@id\":\"https:\\\/\\\/malopozoriste.smashingpixel.net\\\/sr-latn\\\/76-godina-malog-pozorista-dusko-radovic\\\/#primaryimage\"},\"image\":{\"@id\":\"https:\\\/\\\/malopozoriste.smashingpixel.net\\\/sr-latn\\\/76-godina-malog-pozorista-dusko-radovic\\\/#primaryimage\"},\"thumbnailUrl\":\"https:\\\/\\\/malopozoriste.smashingpixel.net\\\/wp-content\\\/uploads\\\/2025\\\/10\\\/76-rodjendan.jpg\",\"datePublished\":\"2025-10-24T11:25:32+00:00\",\"dateModified\":\"2025-10-24T11:42:41+00:00\",\"breadcrumb\":{\"@id\":\"https:\\\/\\\/malopozoriste.smashingpixel.net\\\/sr-latn\\\/76-godina-malog-pozorista-dusko-radovic\\\/#breadcrumb\"},\"inLanguage\":\"sr-latn\",\"potentialAction\":[{\"@type\":\"ReadAction\",\"target\":[\"https:\\\/\\\/malopozoriste.smashingpixel.net\\\/sr-latn\\\/76-godina-malog-pozorista-dusko-radovic\\\/\"]}]},{\"@type\":\"ImageObject\",\"inLanguage\":\"sr-latn\",\"@id\":\"https:\\\/\\\/malopozoriste.smashingpixel.net\\\/sr-latn\\\/76-godina-malog-pozorista-dusko-radovic\\\/#primaryimage\",\"url\":\"https:\\\/\\\/malopozoriste.smashingpixel.net\\\/wp-content\\\/uploads\\\/2025\\\/10\\\/76-rodjendan.jpg\",\"contentUrl\":\"https:\\\/\\\/malopozoriste.smashingpixel.net\\\/wp-content\\\/uploads\\\/2025\\\/10\\\/76-rodjendan.jpg\",\"width\":1280,\"height\":853},{\"@type\":\"BreadcrumbList\",\"@id\":\"https:\\\/\\\/malopozoriste.smashingpixel.net\\\/sr-latn\\\/76-godina-malog-pozorista-dusko-radovic\\\/#breadcrumb\",\"itemListElement\":[{\"@type\":\"ListItem\",\"position\":1,\"name\":\"\u041f\u043e\u0447\u0435\u0442\u043d\u0430\",\"item\":\"https:\\\/\\\/malopozoriste.smashingpixel.net\\\/sr-latn\\\/home\\\/\"},{\"@type\":\"ListItem\",\"position\":2,\"name\":\"76 godina Malog pozori\u0161ta \u201eDu\u0161ko Radovi\u0107\u201c\"}]},{\"@type\":\"WebSite\",\"@id\":\"https:\\\/\\\/malopozoriste.smashingpixel.net\\\/#website\",\"url\":\"https:\\\/\\\/malopozoriste.smashingpixel.net\\\/\",\"name\":\"malopozoriste\",\"description\":\"\",\"publisher\":{\"@id\":\"https:\\\/\\\/malopozoriste.smashingpixel.net\\\/#organization\"},\"potentialAction\":[{\"@type\":\"SearchAction\",\"target\":{\"@type\":\"EntryPoint\",\"urlTemplate\":\"https:\\\/\\\/malopozoriste.smashingpixel.net\\\/?s={search_term_string}\"},\"query-input\":{\"@type\":\"PropertyValueSpecification\",\"valueRequired\":true,\"valueName\":\"search_term_string\"}}],\"inLanguage\":\"sr-latn\"},{\"@type\":\"Organization\",\"@id\":\"https:\\\/\\\/malopozoriste.smashingpixel.net\\\/#organization\",\"name\":\"\u041c\u0430\u043b\u043e \u043f\u043e\u0437\u043e\u0440\u0438\u0448\u0442\u0435 \u0414\u0443\u0448\u043a\u043e \u0420\u0430\u0434\u043e\u0432\u0438\u045b\",\"url\":\"https:\\\/\\\/malopozoriste.smashingpixel.net\\\/\",\"logo\":{\"@type\":\"ImageObject\",\"inLanguage\":\"sr-latn\",\"@id\":\"https:\\\/\\\/malopozoriste.smashingpixel.net\\\/#\\\/schema\\\/logo\\\/image\\\/\",\"url\":\"https:\\\/\\\/malopozoriste.smashingpixel.net\\\/wp-content\\\/uploads\\\/2024\\\/03\\\/malo_pozoriste_logo142x140.png\",\"contentUrl\":\"https:\\\/\\\/malopozoriste.smashingpixel.net\\\/wp-content\\\/uploads\\\/2024\\\/03\\\/malo_pozoriste_logo142x140.png\",\"width\":142,\"height\":140,\"caption\":\"\u041c\u0430\u043b\u043e \u043f\u043e\u0437\u043e\u0440\u0438\u0448\u0442\u0435 \u0414\u0443\u0448\u043a\u043e \u0420\u0430\u0434\u043e\u0432\u0438\u045b\"},\"image\":{\"@id\":\"https:\\\/\\\/malopozoriste.smashingpixel.net\\\/#\\\/schema\\\/logo\\\/image\\\/\"},\"sameAs\":[\"https:\\\/\\\/www.facebook.com\\\/malopozoriste1948#\"]},{\"@type\":\"Person\",\"@id\":\"https:\\\/\\\/malopozoriste.smashingpixel.net\\\/#\\\/schema\\\/person\\\/a0e780274f587f25a77993e82d795701\",\"name\":\"P0p4r7\",\"image\":{\"@type\":\"ImageObject\",\"inLanguage\":\"sr-latn\",\"@id\":\"https:\\\/\\\/secure.gravatar.com\\\/avatar\\\/3072a7becae851e6c69fcb1a91018459754a5f928756e72b9d22e7a452300b5e?s=96&d=mm&r=g\",\"url\":\"https:\\\/\\\/secure.gravatar.com\\\/avatar\\\/3072a7becae851e6c69fcb1a91018459754a5f928756e72b9d22e7a452300b5e?s=96&d=mm&r=g\",\"contentUrl\":\"https:\\\/\\\/secure.gravatar.com\\\/avatar\\\/3072a7becae851e6c69fcb1a91018459754a5f928756e72b9d22e7a452300b5e?s=96&d=mm&r=g\",\"caption\":\"P0p4r7\"},\"url\":\"https:\\\/\\\/malopozoriste.smashingpixel.net\\\/sr-latn\\\/author\\\/p0p4r7\\\/\"}]}<\/script>\n<!-- \/ Yoast SEO plugin. -->","yoast_head_json":{"title":"76 godina Malog pozori\u0161ta \u201eDu\u0161ko Radovi\u0107\u201c - malopozoriste","robots":{"index":"index","follow":"follow","max-snippet":"max-snippet:-1","max-image-preview":"max-image-preview:large","max-video-preview":"max-video-preview:-1"},"canonical":"https:\/\/malopozoriste.smashingpixel.net\/sr-latn\/76-godina-malog-pozorista-dusko-radovic\/","og_locale":"en_US","og_type":"article","og_title":"76 godina Malog pozori\u0161ta \u201eDu\u0161ko Radovi\u0107\u201c - malopozoriste","og_description":"76 godina Malog pozori\u0161ta \u201eDu\u0161ko Radovi\u0107\u201c Malo pozori\u0161te \u201eDu\u0161ko Radovi\u0107\u201c obele\u017eilo je 23. oktobra svoj 76. ro\u0111endan, dan kada je davne 1949. godine izvedena prva predstava na\u0161eg pozori\u0161ta! Kao i svake godine, proslava je bila prilika da se uru\u010de godi\u0161nje i jubilarne nagrade, kao priznanja za umetni\u010dka dostignu\u0107a, predan rad i dugogodi\u0161nju posve\u0107enost pozori\u0161tu. U [&hellip;]","og_url":"https:\/\/malopozoriste.smashingpixel.net\/sr-latn\/76-godina-malog-pozorista-dusko-radovic\/","og_site_name":"malopozoriste","article_publisher":"https:\/\/www.facebook.com\/malopozoriste1948#","article_published_time":"2025-10-24T11:25:32+00:00","article_modified_time":"2025-10-24T11:42:41+00:00","og_image":[{"width":1280,"height":853,"url":"https:\/\/malopozoriste.smashingpixel.net\/wp-content\/uploads\/2025\/10\/76-rodjendan.jpg","type":"image\/jpeg"}],"author":"P0p4r7","twitter_card":"summary_large_image","twitter_misc":{"Written by":"P0p4r7","Est. reading time":"3 minutes"},"schema":{"@context":"https:\/\/schema.org","@graph":[{"@type":"Article","@id":"https:\/\/malopozoriste.smashingpixel.net\/sr-latn\/76-godina-malog-pozorista-dusko-radovic\/#article","isPartOf":{"@id":"https:\/\/malopozoriste.smashingpixel.net\/sr-latn\/76-godina-malog-pozorista-dusko-radovic\/"},"author":{"name":"P0p4r7","@id":"https:\/\/malopozoriste.smashingpixel.net\/#\/schema\/person\/a0e780274f587f25a77993e82d795701"},"headline":"76 godina Malog pozori\u0161ta \u201eDu\u0161ko Radovi\u0107\u201c","datePublished":"2025-10-24T11:25:32+00:00","dateModified":"2025-10-24T11:42:41+00:00","mainEntityOfPage":{"@id":"https:\/\/malopozoriste.smashingpixel.net\/sr-latn\/76-godina-malog-pozorista-dusko-radovic\/"},"wordCount":517,"publisher":{"@id":"https:\/\/malopozoriste.smashingpixel.net\/#organization"},"image":{"@id":"https:\/\/malopozoriste.smashingpixel.net\/sr-latn\/76-godina-malog-pozorista-dusko-radovic\/#primaryimage"},"thumbnailUrl":"https:\/\/malopozoriste.smashingpixel.net\/wp-content\/uploads\/2025\/10\/76-rodjendan.jpg","articleSection":["Uncategorized @sr-latn"],"inLanguage":"sr-latn"},{"@type":"WebPage","@id":"https:\/\/malopozoriste.smashingpixel.net\/sr-latn\/76-godina-malog-pozorista-dusko-radovic\/","url":"https:\/\/malopozoriste.smashingpixel.net\/sr-latn\/76-godina-malog-pozorista-dusko-radovic\/","name":"76 godina Malog pozori\u0161ta \u201eDu\u0161ko Radovi\u0107\u201c - malopozoriste","isPartOf":{"@id":"https:\/\/malopozoriste.smashingpixel.net\/#website"},"primaryImageOfPage":{"@id":"https:\/\/malopozoriste.smashingpixel.net\/sr-latn\/76-godina-malog-pozorista-dusko-radovic\/#primaryimage"},"image":{"@id":"https:\/\/malopozoriste.smashingpixel.net\/sr-latn\/76-godina-malog-pozorista-dusko-radovic\/#primaryimage"},"thumbnailUrl":"https:\/\/malopozoriste.smashingpixel.net\/wp-content\/uploads\/2025\/10\/76-rodjendan.jpg","datePublished":"2025-10-24T11:25:32+00:00","dateModified":"2025-10-24T11:42:41+00:00","breadcrumb":{"@id":"https:\/\/malopozoriste.smashingpixel.net\/sr-latn\/76-godina-malog-pozorista-dusko-radovic\/#breadcrumb"},"inLanguage":"sr-latn","potentialAction":[{"@type":"ReadAction","target":["https:\/\/malopozoriste.smashingpixel.net\/sr-latn\/76-godina-malog-pozorista-dusko-radovic\/"]}]},{"@type":"ImageObject","inLanguage":"sr-latn","@id":"https:\/\/malopozoriste.smashingpixel.net\/sr-latn\/76-godina-malog-pozorista-dusko-radovic\/#primaryimage","url":"https:\/\/malopozoriste.smashingpixel.net\/wp-content\/uploads\/2025\/10\/76-rodjendan.jpg","contentUrl":"https:\/\/malopozoriste.smashingpixel.net\/wp-content\/uploads\/2025\/10\/76-rodjendan.jpg","width":1280,"height":853},{"@type":"BreadcrumbList","@id":"https:\/\/malopozoriste.smashingpixel.net\/sr-latn\/76-godina-malog-pozorista-dusko-radovic\/#breadcrumb","itemListElement":[{"@type":"ListItem","position":1,"name":"\u041f\u043e\u0447\u0435\u0442\u043d\u0430","item":"https:\/\/malopozoriste.smashingpixel.net\/sr-latn\/home\/"},{"@type":"ListItem","position":2,"name":"76 godina Malog pozori\u0161ta \u201eDu\u0161ko Radovi\u0107\u201c"}]},{"@type":"WebSite","@id":"https:\/\/malopozoriste.smashingpixel.net\/#website","url":"https:\/\/malopozoriste.smashingpixel.net\/","name":"malopozoriste","description":"","publisher":{"@id":"https:\/\/malopozoriste.smashingpixel.net\/#organization"},"potentialAction":[{"@type":"SearchAction","target":{"@type":"EntryPoint","urlTemplate":"https:\/\/malopozoriste.smashingpixel.net\/?s={search_term_string}"},"query-input":{"@type":"PropertyValueSpecification","valueRequired":true,"valueName":"search_term_string"}}],"inLanguage":"sr-latn"},{"@type":"Organization","@id":"https:\/\/malopozoriste.smashingpixel.net\/#organization","name":"\u041c\u0430\u043b\u043e \u043f\u043e\u0437\u043e\u0440\u0438\u0448\u0442\u0435 \u0414\u0443\u0448\u043a\u043e \u0420\u0430\u0434\u043e\u0432\u0438\u045b","url":"https:\/\/malopozoriste.smashingpixel.net\/","logo":{"@type":"ImageObject","inLanguage":"sr-latn","@id":"https:\/\/malopozoriste.smashingpixel.net\/#\/schema\/logo\/image\/","url":"https:\/\/malopozoriste.smashingpixel.net\/wp-content\/uploads\/2024\/03\/malo_pozoriste_logo142x140.png","contentUrl":"https:\/\/malopozoriste.smashingpixel.net\/wp-content\/uploads\/2024\/03\/malo_pozoriste_logo142x140.png","width":142,"height":140,"caption":"\u041c\u0430\u043b\u043e \u043f\u043e\u0437\u043e\u0440\u0438\u0448\u0442\u0435 \u0414\u0443\u0448\u043a\u043e \u0420\u0430\u0434\u043e\u0432\u0438\u045b"},"image":{"@id":"https:\/\/malopozoriste.smashingpixel.net\/#\/schema\/logo\/image\/"},"sameAs":["https:\/\/www.facebook.com\/malopozoriste1948#"]},{"@type":"Person","@id":"https:\/\/malopozoriste.smashingpixel.net\/#\/schema\/person\/a0e780274f587f25a77993e82d795701","name":"P0p4r7","image":{"@type":"ImageObject","inLanguage":"sr-latn","@id":"https:\/\/secure.gravatar.com\/avatar\/3072a7becae851e6c69fcb1a91018459754a5f928756e72b9d22e7a452300b5e?s=96&d=mm&r=g","url":"https:\/\/secure.gravatar.com\/avatar\/3072a7becae851e6c69fcb1a91018459754a5f928756e72b9d22e7a452300b5e?s=96&d=mm&r=g","contentUrl":"https:\/\/secure.gravatar.com\/avatar\/3072a7becae851e6c69fcb1a91018459754a5f928756e72b9d22e7a452300b5e?s=96&d=mm&r=g","caption":"P0p4r7"},"url":"https:\/\/malopozoriste.smashingpixel.net\/sr-latn\/author\/p0p4r7\/"}]}},"_links":{"self":[{"href":"https:\/\/malopozoriste.smashingpixel.net\/sr-latn\/wp-json\/wp\/v2\/posts\/15945","targetHints":{"allow":["GET"]}}],"collection":[{"href":"https:\/\/malopozoriste.smashingpixel.net\/sr-latn\/wp-json\/wp\/v2\/posts"}],"about":[{"href":"https:\/\/malopozoriste.smashingpixel.net\/sr-latn\/wp-json\/wp\/v2\/types\/post"}],"author":[{"embeddable":true,"href":"https:\/\/malopozoriste.smashingpixel.net\/sr-latn\/wp-json\/wp\/v2\/users\/5"}],"replies":[{"embeddable":true,"href":"https:\/\/malopozoriste.smashingpixel.net\/sr-latn\/wp-json\/wp\/v2\/comments?post=15945"}],"version-history":[{"count":0,"href":"https:\/\/malopozoriste.smashingpixel.net\/sr-latn\/wp-json\/wp\/v2\/posts\/15945\/revisions"}],"wp:featuredmedia":[{"embeddable":true,"href":"https:\/\/malopozoriste.smashingpixel.net\/sr-latn\/wp-json\/wp\/v2\/media\/15922"}],"wp:attachment":[{"href":"https:\/\/malopozoriste.smashingpixel.net\/sr-latn\/wp-json\/wp\/v2\/media?parent=15945"}],"wp:term":[{"taxonomy":"category","embeddable":true,"href":"https:\/\/malopozoriste.smashingpixel.net\/sr-latn\/wp-json\/wp\/v2\/categories?post=15945"},{"taxonomy":"post_tag","embeddable":true,"href":"https:\/\/malopozoriste.smashingpixel.net\/sr-latn\/wp-json\/wp\/v2\/tags?post=15945"}],"curies":[{"name":"wp","href":"https:\/\/api.w.org\/{rel}","templated":true}]}}