{"id":16486,"date":"2025-11-23T14:33:11","date_gmt":"2025-11-23T14:33:11","guid":{"rendered":"https:\/\/malopozoriste.smashingpixel.net\/sjaj-zvezda-na-plafonu-osvojio-dve-nagrade-na-festivalu-dani-jurislava-korenica-u-sarajevu\/"},"modified":"2025-11-23T14:45:42","modified_gmt":"2025-11-23T14:45:42","slug":"sjaj-zvezda-na-plafonu-osvojio-dve-nagrade-na-festivalu-dani-jurislava-korenica-u-sarajevu","status":"publish","type":"post","link":"https:\/\/malopozoriste.smashingpixel.net\/sr-latn\/sjaj-zvezda-na-plafonu-osvojio-dve-nagrade-na-festivalu-dani-jurislava-korenica-u-sarajevu\/","title":{"rendered":"\u201eSjaj zvezda na plafonu\u201c osvojio dve nagrade na \u201eFestivalu Dani Jurislava Koreni\u0107a\u201c u Sarajevu"},"content":{"rendered":"\t\t<div data-elementor-type=\"wp-post\" data-elementor-id=\"16486\" class=\"elementor elementor-16486 elementor-16469\" data-elementor-post-type=\"post\">\n\t\t\t\t<div class=\"elementor-element elementor-element-acc5c1b e-flex e-con-boxed e-con e-parent\" data-id=\"acc5c1b\" data-element_type=\"container\" data-e-type=\"container\">\n\t\t\t\t\t<div class=\"e-con-inner\">\n\t\t\t\t<div class=\"elementor-element elementor-element-3bf2c5e elementor-widget elementor-widget-image\" data-id=\"3bf2c5e\" data-element_type=\"widget\" data-e-type=\"widget\" data-widget_type=\"image.default\">\n\t\t\t\t<div class=\"elementor-widget-container\">\n\t\t\t\t\t\t\t\t\t\t\t\t\t\t\t<img fetchpriority=\"high\" decoding=\"async\" width=\"1024\" height=\"345\" src=\"https:\/\/malopozoriste.smashingpixel.net\/wp-content\/uploads\/2025\/11\/sjaj-sarajevo-clanak-2-1024x345.jpg\" class=\"attachment-large size-large wp-image-16482\" alt=\"\" srcset=\"https:\/\/malopozoriste.smashingpixel.net\/wp-content\/uploads\/2025\/11\/sjaj-sarajevo-clanak-2-1024x345.jpg 1024w, https:\/\/malopozoriste.smashingpixel.net\/wp-content\/uploads\/2025\/11\/sjaj-sarajevo-clanak-2-300x101.jpg 300w, https:\/\/malopozoriste.smashingpixel.net\/wp-content\/uploads\/2025\/11\/sjaj-sarajevo-clanak-2-768x259.jpg 768w, https:\/\/malopozoriste.smashingpixel.net\/wp-content\/uploads\/2025\/11\/sjaj-sarajevo-clanak-2.jpg 1280w\" sizes=\"(max-width: 1024px) 100vw, 1024px\" \/>\t\t\t\t\t\t\t\t\t\t\t\t\t\t\t<\/div>\n\t\t\t\t<\/div>\n\t\t\t\t\t<\/div>\n\t\t\t\t<\/div>\n\t\t<div class=\"elementor-element elementor-element-56c4672 e-flex e-con-boxed e-con e-parent\" data-id=\"56c4672\" data-element_type=\"container\" data-e-type=\"container\">\n\t\t\t\t\t<div class=\"e-con-inner\">\n\t\t\t\t<div class=\"elementor-element elementor-element-755f4b0 elementor-widget elementor-widget-spacer\" data-id=\"755f4b0\" data-element_type=\"widget\" data-e-type=\"widget\" data-widget_type=\"spacer.default\">\n\t\t\t\t<div class=\"elementor-widget-container\">\n\t\t\t\t\t\t\t<div class=\"elementor-spacer\">\n\t\t\t<div class=\"elementor-spacer-inner\"><\/div>\n\t\t<\/div>\n\t\t\t\t\t\t<\/div>\n\t\t\t\t<\/div>\n\t\t\t\t\t<\/div>\n\t\t\t\t<\/div>\n\t\t<div class=\"elementor-element elementor-element-035a844 e-flex e-con-boxed e-con e-parent\" data-id=\"035a844\" data-element_type=\"container\" data-e-type=\"container\">\n\t\t\t\t\t<div class=\"e-con-inner\">\n\t\t\t\t<div class=\"elementor-element elementor-element-a651afa elementor-widget elementor-widget-heading\" data-id=\"a651afa\" data-element_type=\"widget\" data-e-type=\"widget\" data-widget_type=\"heading.default\">\n\t\t\t\t<div class=\"elementor-widget-container\">\n\t\t\t\t\t<h2 class=\"elementor-heading-title elementor-size-default\">\u201eSjaj zvezda na plafonu\u201c osvojio dve nagrade na \u201eFestivalu Dani Jurislava Koreni\u0107a\u201c u Sarajevu<\/h2>\t\t\t\t<\/div>\n\t\t\t\t<\/div>\n\t\t\t\t\t<\/div>\n\t\t\t\t<\/div>\n\t\t<div class=\"elementor-element elementor-element-c2ed37c e-flex e-con-boxed e-con e-parent\" data-id=\"c2ed37c\" data-element_type=\"container\" data-e-type=\"container\">\n\t\t\t\t\t<div class=\"e-con-inner\">\n\t\t\t\t<div class=\"elementor-element elementor-element-da3abfc elementor-widget elementor-widget-spacer\" data-id=\"da3abfc\" data-element_type=\"widget\" data-e-type=\"widget\" data-widget_type=\"spacer.default\">\n\t\t\t\t<div class=\"elementor-widget-container\">\n\t\t\t\t\t\t\t<div class=\"elementor-spacer\">\n\t\t\t<div class=\"elementor-spacer-inner\"><\/div>\n\t\t<\/div>\n\t\t\t\t\t\t<\/div>\n\t\t\t\t<\/div>\n\t\t\t\t\t<\/div>\n\t\t\t\t<\/div>\n\t\t<div class=\"elementor-element elementor-element-fc4f89b e-flex e-con-boxed e-con e-parent\" data-id=\"fc4f89b\" data-element_type=\"container\" data-e-type=\"container\">\n\t\t\t\t\t<div class=\"e-con-inner\">\n\t\t\t\t<div class=\"elementor-element elementor-element-b2eec81 elementor-widget elementor-widget-text-editor\" data-id=\"b2eec81\" data-element_type=\"widget\" data-e-type=\"widget\" data-widget_type=\"text-editor.default\">\n\t\t\t\t<div class=\"elementor-widget-container\">\n\t\t\t\t\t\t\t\t\t<p data-start=\"0\" data-end=\"251\">Predstava<em> \u00a0\u201eSjaj zvezda na plafonu\u201c <\/em>u produkciji Malog pozori\u0161ta \u201eDu\u0161ko Radovi\u0107\u201c osvojila je dve nagrade na \u201eFestivalu Dani Jurislava Koreni\u0107a\u201c u Sarajevu.<\/p>\n<p data-start=\"253\" data-end=\"460\">U takmi\u010darskom programu festivala u\u010destvovalo je pet predstava, a o nagradama je odlu\u010divao stru\u010dni \u017eiri u sastavu: Jasna Ornela Beri, Ivan Planini\u0107, Stela Mi\u0161kovi\u0107, Osman-Oma Arslanagi\u0107 i Zijah A. Sokolovi\u0107.<\/p>\n<hr data-start=\"462\" data-end=\"502\" \/>\n<p data-start=\"504\" data-end=\"587\"><strong data-start=\"504\" data-end=\"587\">Nagrada \u201eAvazov zmaj\u201c <\/strong>za najbolju predstavu u celini \u2013 \u201eSjaj zvezda na plafonu\u201c<\/p>\n<p data-start=\"589\" data-end=\"1593\">\u201eNije bilo lako doneti odluku, jer smo ove godine imali konkurenciju pet zaista sjajnih predstava, i \u010destitam selektorki Ajli Be\u0161i\u0107 na odli\u010dnom izboru. Ovaj festival pokazao je koliko teatar mo\u017ee biti hrabar, sna\u017ean i emotivan, ali na kraju nam je u odluci presudila upravo emocija \u2014 i drago mi je \u0161to smo tu emociju podelili s publikom, zbog koje se predstave zapravo i igraju.<br data-start=\"967\" data-end=\"970\" \/>Odlu\u010dili smo se da glavnu nagradu dobije predstava koja je uspela da postigne ono najte\u017ee u teatru: da bude istovremeno ne\u017ena i brutalno istinita, intimna i univerzalna. U njenom sredi\u0161tu je emotivna iskrenost koja publiku ne ostavlja ravnodu\u0161nom, precizna re\u017eija koja vodi kroz najtananije slojeve ljudske ranjivosti i gluma\u010dka igra koja ne tra\u017ei aplauz, ve\u0107 razumevanje. To je predstava koja svojom jednostavno\u0161\u0107u otvara prostor za ono najva\u017enije \u2014 za ose\u0107aj da se na sceni doga\u0111a ne\u0161to stvarno, ne\u0161to \u0161to pripada svakome od nas. Zbog svega toga, nagrada \u2018Avazov zmaj\u2019 ide upravo predstavi koja je sve to u sebi spojila.\u201c<\/p>\n<hr data-start=\"1595\" data-end=\"1635\" \/>\n<p data-start=\"1637\" data-end=\"1683\"><strong data-start=\"1637\" data-end=\"1683\">Nagrada publike <\/strong>\u2013 \u201eSjaj zvezda na plafonu&#8221;<\/p>\n<p data-start=\"1685\" data-end=\"1759\" data-is-last-node=\"\" data-is-only-node=\"\">O Nagradi publike odlu\u010divali su gledaoci, glasanjem nakon svake predstave.<\/p>\n\t\t\t\t\t\t\t\t<\/div>\n\t\t\t\t<\/div>\n\t\t\t\t\t<\/div>\n\t\t\t\t<\/div>\n\t\t\t\t<\/div>\n\t\t","protected":false},"excerpt":{"rendered":"\u201eSjaj zvezda na plafonu\u201c osvojio dve nagrade na \u201eFestivalu Dani Jurislava Koreni\u0107a\u201c u Sarajevu Predstava \u00a0\u201eSjaj zvezda na plafonu\u201c u produkciji Malog pozori\u0161ta \u201eDu\u0161ko Radovi\u0107\u201c osvojila je dve nagrade na \u201eFestivalu Dani Jurislava Koreni\u0107a\u201c u Sarajevu. U takmi\u010darskom programu festivala u\u010destvovalo je pet predstava, a o nagradama je odlu\u010divao stru\u010dni \u017eiri u sastavu: Jasna Ornela [&hellip;]","protected":false},"author":5,"featured_media":16472,"comment_status":"closed","ping_status":"open","sticky":false,"template":"elementor_header_footer","format":"standard","meta":{"_acf_changed":false,"ocean_front_end_style_editor":"no","ocean_post_layout":"","ocean_both_sidebars_style":"","ocean_both_sidebars_content_width":0,"ocean_both_sidebars_sidebars_width":0,"ocean_sidebar":"0","ocean_second_sidebar":"0","ocean_disable_margins":"enable","ocean_add_body_class":"","ocean_shortcode_before_top_bar":"","ocean_shortcode_after_top_bar":"","ocean_shortcode_before_header":"","ocean_shortcode_after_header":"","ocean_has_shortcode":"","ocean_shortcode_after_title":"","ocean_shortcode_before_footer_widgets":"","ocean_shortcode_after_footer_widgets":"","ocean_shortcode_before_footer_bottom":"","ocean_shortcode_after_footer_bottom":"","ocean_display_top_bar":"default","ocean_display_header":"default","ocean_header_style":"","ocean_center_header_left_menu":"0","ocean_custom_header_template":"0","ocean_custom_logo":0,"ocean_custom_retina_logo":0,"ocean_custom_logo_max_width":0,"ocean_custom_logo_tablet_max_width":0,"ocean_custom_logo_mobile_max_width":0,"ocean_custom_logo_max_height":0,"ocean_custom_logo_tablet_max_height":0,"ocean_custom_logo_mobile_max_height":0,"ocean_header_custom_menu":"0","ocean_menu_typo_font_family":"0","ocean_menu_typo_font_subset":"","ocean_menu_typo_font_size":0,"ocean_menu_typo_font_size_tablet":0,"ocean_menu_typo_font_size_mobile":0,"ocean_menu_typo_font_size_unit":"px","ocean_menu_typo_font_weight":"","ocean_menu_typo_font_weight_tablet":"","ocean_menu_typo_font_weight_mobile":"","ocean_menu_typo_transform":"","ocean_menu_typo_transform_tablet":"","ocean_menu_typo_transform_mobile":"","ocean_menu_typo_line_height":0,"ocean_menu_typo_line_height_tablet":0,"ocean_menu_typo_line_height_mobile":0,"ocean_menu_typo_line_height_unit":"","ocean_menu_typo_spacing":0,"ocean_menu_typo_spacing_tablet":0,"ocean_menu_typo_spacing_mobile":0,"ocean_menu_typo_spacing_unit":"","ocean_menu_link_color":"","ocean_menu_link_color_hover":"","ocean_menu_link_color_active":"","ocean_menu_link_background":"","ocean_menu_link_hover_background":"","ocean_menu_link_active_background":"","ocean_menu_social_links_bg":"","ocean_menu_social_hover_links_bg":"","ocean_menu_social_links_color":"","ocean_menu_social_hover_links_color":"","ocean_disable_title":"on","ocean_disable_heading":"default","ocean_post_title":"","ocean_post_subheading":"","ocean_post_title_style":"","ocean_post_title_background_color":"","ocean_post_title_background":0,"ocean_post_title_bg_image_position":"","ocean_post_title_bg_image_attachment":"","ocean_post_title_bg_image_repeat":"","ocean_post_title_bg_image_size":"","ocean_post_title_height":0,"ocean_post_title_bg_overlay":0.5,"ocean_post_title_bg_overlay_color":"","ocean_disable_breadcrumbs":"off","ocean_breadcrumbs_color":"","ocean_breadcrumbs_separator_color":"","ocean_breadcrumbs_links_color":"","ocean_breadcrumbs_links_hover_color":"","ocean_display_footer_widgets":"default","ocean_display_footer_bottom":"default","ocean_custom_footer_template":"0","ocean_post_oembed":"","ocean_post_self_hosted_media":"","ocean_post_video_embed":"","ocean_link_format":"","ocean_link_format_target":"self","ocean_quote_format":"","ocean_quote_format_link":"post","ocean_gallery_link_images":"on","ocean_gallery_id":[],"footnotes":""},"categories":[89],"tags":[],"class_list":["post-16486","post","type-post","status-publish","format-standard","has-post-thumbnail","hentry","category-uncategorized-sr-latn","entry","has-media"],"acf":[],"yoast_head":"<!-- This site is optimized with the Yoast SEO plugin v28.3 - https:\/\/yoast.com\/product\/yoast-seo-wordpress\/ -->\n<title>\u201eSjaj zvezda na plafonu\u201c osvojio dve nagrade na \u201eFestivalu Dani Jurislava Koreni\u0107a\u201c u Sarajevu - malopozoriste<\/title>\n<meta name=\"robots\" content=\"index, follow, max-snippet:-1, max-image-preview:large, max-video-preview:-1\" \/>\n<link rel=\"canonical\" href=\"https:\/\/malopozoriste.smashingpixel.net\/sr-latn\/sjaj-zvezda-na-plafonu-osvojio-dve-nagrade-na-festivalu-dani-jurislava-korenica-u-sarajevu\/\" \/>\n<meta property=\"og:locale\" content=\"en_US\" \/>\n<meta property=\"og:type\" content=\"article\" \/>\n<meta property=\"og:title\" content=\"\u201eSjaj zvezda na plafonu\u201c osvojio dve nagrade na \u201eFestivalu Dani Jurislava Koreni\u0107a\u201c u Sarajevu - malopozoriste\" \/>\n<meta property=\"og:description\" content=\"\u201eSjaj zvezda na plafonu\u201c osvojio dve nagrade na \u201eFestivalu Dani Jurislava Koreni\u0107a\u201c u Sarajevu Predstava \u00a0\u201eSjaj zvezda na plafonu\u201c u produkciji Malog pozori\u0161ta \u201eDu\u0161ko Radovi\u0107\u201c osvojila je dve nagrade na \u201eFestivalu Dani Jurislava Koreni\u0107a\u201c u Sarajevu. U takmi\u010darskom programu festivala u\u010destvovalo je pet predstava, a o nagradama je odlu\u010divao stru\u010dni \u017eiri u sastavu: Jasna Ornela [&hellip;]\" \/>\n<meta property=\"og:url\" content=\"https:\/\/malopozoriste.smashingpixel.net\/sr-latn\/sjaj-zvezda-na-plafonu-osvojio-dve-nagrade-na-festivalu-dani-jurislava-korenica-u-sarajevu\/\" \/>\n<meta property=\"og:site_name\" content=\"malopozoriste\" \/>\n<meta property=\"article:publisher\" content=\"https:\/\/www.facebook.com\/malopozoriste1948#\" \/>\n<meta property=\"article:published_time\" content=\"2025-11-23T14:33:11+00:00\" \/>\n<meta property=\"article:modified_time\" content=\"2025-11-23T14:45:42+00:00\" \/>\n<meta property=\"og:image\" content=\"https:\/\/malopozoriste.smashingpixel.net\/wp-content\/uploads\/2025\/11\/sjaj-sarajevo-clanak.jpg\" \/>\n\t<meta property=\"og:image:width\" content=\"1280\" \/>\n\t<meta property=\"og:image:height\" content=\"853\" \/>\n\t<meta property=\"og:image:type\" content=\"image\/jpeg\" \/>\n<meta name=\"author\" content=\"P0p4r7\" \/>\n<meta name=\"twitter:card\" content=\"summary_large_image\" \/>\n<meta name=\"twitter:label1\" content=\"Written by\" \/>\n\t<meta name=\"twitter:data1\" content=\"P0p4r7\" \/>\n\t<meta name=\"twitter:label2\" content=\"Est. reading time\" \/>\n\t<meta name=\"twitter:data2\" content=\"1 minute\" \/>\n<script type=\"application\/ld+json\" class=\"yoast-schema-graph\">{\"@context\":\"https:\\\/\\\/schema.org\",\"@graph\":[{\"@type\":\"Article\",\"@id\":\"https:\\\/\\\/malopozoriste.smashingpixel.net\\\/sr-latn\\\/sjaj-zvezda-na-plafonu-osvojio-dve-nagrade-na-festivalu-dani-jurislava-korenica-u-sarajevu\\\/#article\",\"isPartOf\":{\"@id\":\"https:\\\/\\\/malopozoriste.smashingpixel.net\\\/sr-latn\\\/sjaj-zvezda-na-plafonu-osvojio-dve-nagrade-na-festivalu-dani-jurislava-korenica-u-sarajevu\\\/\"},\"author\":{\"name\":\"P0p4r7\",\"@id\":\"https:\\\/\\\/malopozoriste.smashingpixel.net\\\/#\\\/schema\\\/person\\\/a0e780274f587f25a77993e82d795701\"},\"headline\":\"\u201eSjaj zvezda na plafonu\u201c osvojio dve nagrade na \u201eFestivalu Dani Jurislava Koreni\u0107a\u201c u Sarajevu\",\"datePublished\":\"2025-11-23T14:33:11+00:00\",\"dateModified\":\"2025-11-23T14:45:42+00:00\",\"mainEntityOfPage\":{\"@id\":\"https:\\\/\\\/malopozoriste.smashingpixel.net\\\/sr-latn\\\/sjaj-zvezda-na-plafonu-osvojio-dve-nagrade-na-festivalu-dani-jurislava-korenica-u-sarajevu\\\/\"},\"wordCount\":298,\"publisher\":{\"@id\":\"https:\\\/\\\/malopozoriste.smashingpixel.net\\\/#organization\"},\"image\":{\"@id\":\"https:\\\/\\\/malopozoriste.smashingpixel.net\\\/sr-latn\\\/sjaj-zvezda-na-plafonu-osvojio-dve-nagrade-na-festivalu-dani-jurislava-korenica-u-sarajevu\\\/#primaryimage\"},\"thumbnailUrl\":\"https:\\\/\\\/malopozoriste.smashingpixel.net\\\/wp-content\\\/uploads\\\/2025\\\/11\\\/sjaj-sarajevo-clanak.jpg\",\"articleSection\":[\"Uncategorized @sr-latn\"],\"inLanguage\":\"sr-latn\"},{\"@type\":\"WebPage\",\"@id\":\"https:\\\/\\\/malopozoriste.smashingpixel.net\\\/sr-latn\\\/sjaj-zvezda-na-plafonu-osvojio-dve-nagrade-na-festivalu-dani-jurislava-korenica-u-sarajevu\\\/\",\"url\":\"https:\\\/\\\/malopozoriste.smashingpixel.net\\\/sr-latn\\\/sjaj-zvezda-na-plafonu-osvojio-dve-nagrade-na-festivalu-dani-jurislava-korenica-u-sarajevu\\\/\",\"name\":\"\u201eSjaj zvezda na plafonu\u201c osvojio dve nagrade na \u201eFestivalu Dani Jurislava Koreni\u0107a\u201c u Sarajevu - malopozoriste\",\"isPartOf\":{\"@id\":\"https:\\\/\\\/malopozoriste.smashingpixel.net\\\/#website\"},\"primaryImageOfPage\":{\"@id\":\"https:\\\/\\\/malopozoriste.smashingpixel.net\\\/sr-latn\\\/sjaj-zvezda-na-plafonu-osvojio-dve-nagrade-na-festivalu-dani-jurislava-korenica-u-sarajevu\\\/#primaryimage\"},\"image\":{\"@id\":\"https:\\\/\\\/malopozoriste.smashingpixel.net\\\/sr-latn\\\/sjaj-zvezda-na-plafonu-osvojio-dve-nagrade-na-festivalu-dani-jurislava-korenica-u-sarajevu\\\/#primaryimage\"},\"thumbnailUrl\":\"https:\\\/\\\/malopozoriste.smashingpixel.net\\\/wp-content\\\/uploads\\\/2025\\\/11\\\/sjaj-sarajevo-clanak.jpg\",\"datePublished\":\"2025-11-23T14:33:11+00:00\",\"dateModified\":\"2025-11-23T14:45:42+00:00\",\"breadcrumb\":{\"@id\":\"https:\\\/\\\/malopozoriste.smashingpixel.net\\\/sr-latn\\\/sjaj-zvezda-na-plafonu-osvojio-dve-nagrade-na-festivalu-dani-jurislava-korenica-u-sarajevu\\\/#breadcrumb\"},\"inLanguage\":\"sr-latn\",\"potentialAction\":[{\"@type\":\"ReadAction\",\"target\":[\"https:\\\/\\\/malopozoriste.smashingpixel.net\\\/sr-latn\\\/sjaj-zvezda-na-plafonu-osvojio-dve-nagrade-na-festivalu-dani-jurislava-korenica-u-sarajevu\\\/\"]}]},{\"@type\":\"ImageObject\",\"inLanguage\":\"sr-latn\",\"@id\":\"https:\\\/\\\/malopozoriste.smashingpixel.net\\\/sr-latn\\\/sjaj-zvezda-na-plafonu-osvojio-dve-nagrade-na-festivalu-dani-jurislava-korenica-u-sarajevu\\\/#primaryimage\",\"url\":\"https:\\\/\\\/malopozoriste.smashingpixel.net\\\/wp-content\\\/uploads\\\/2025\\\/11\\\/sjaj-sarajevo-clanak.jpg\",\"contentUrl\":\"https:\\\/\\\/malopozoriste.smashingpixel.net\\\/wp-content\\\/uploads\\\/2025\\\/11\\\/sjaj-sarajevo-clanak.jpg\",\"width\":1280,\"height\":853},{\"@type\":\"BreadcrumbList\",\"@id\":\"https:\\\/\\\/malopozoriste.smashingpixel.net\\\/sr-latn\\\/sjaj-zvezda-na-plafonu-osvojio-dve-nagrade-na-festivalu-dani-jurislava-korenica-u-sarajevu\\\/#breadcrumb\",\"itemListElement\":[{\"@type\":\"ListItem\",\"position\":1,\"name\":\"\u041f\u043e\u0447\u0435\u0442\u043d\u0430\",\"item\":\"https:\\\/\\\/malopozoriste.smashingpixel.net\\\/sr-latn\\\/home\\\/\"},{\"@type\":\"ListItem\",\"position\":2,\"name\":\"\u201eSjaj zvezda na plafonu\u201c osvojio dve nagrade na \u201eFestivalu Dani Jurislava Koreni\u0107a\u201c u Sarajevu\"}]},{\"@type\":\"WebSite\",\"@id\":\"https:\\\/\\\/malopozoriste.smashingpixel.net\\\/#website\",\"url\":\"https:\\\/\\\/malopozoriste.smashingpixel.net\\\/\",\"name\":\"malopozoriste\",\"description\":\"\",\"publisher\":{\"@id\":\"https:\\\/\\\/malopozoriste.smashingpixel.net\\\/#organization\"},\"potentialAction\":[{\"@type\":\"SearchAction\",\"target\":{\"@type\":\"EntryPoint\",\"urlTemplate\":\"https:\\\/\\\/malopozoriste.smashingpixel.net\\\/?s={search_term_string}\"},\"query-input\":{\"@type\":\"PropertyValueSpecification\",\"valueRequired\":true,\"valueName\":\"search_term_string\"}}],\"inLanguage\":\"sr-latn\"},{\"@type\":\"Organization\",\"@id\":\"https:\\\/\\\/malopozoriste.smashingpixel.net\\\/#organization\",\"name\":\"\u041c\u0430\u043b\u043e \u043f\u043e\u0437\u043e\u0440\u0438\u0448\u0442\u0435 \u0414\u0443\u0448\u043a\u043e \u0420\u0430\u0434\u043e\u0432\u0438\u045b\",\"url\":\"https:\\\/\\\/malopozoriste.smashingpixel.net\\\/\",\"logo\":{\"@type\":\"ImageObject\",\"inLanguage\":\"sr-latn\",\"@id\":\"https:\\\/\\\/malopozoriste.smashingpixel.net\\\/#\\\/schema\\\/logo\\\/image\\\/\",\"url\":\"https:\\\/\\\/malopozoriste.smashingpixel.net\\\/wp-content\\\/uploads\\\/2024\\\/03\\\/malo_pozoriste_logo142x140.png\",\"contentUrl\":\"https:\\\/\\\/malopozoriste.smashingpixel.net\\\/wp-content\\\/uploads\\\/2024\\\/03\\\/malo_pozoriste_logo142x140.png\",\"width\":142,\"height\":140,\"caption\":\"\u041c\u0430\u043b\u043e \u043f\u043e\u0437\u043e\u0440\u0438\u0448\u0442\u0435 \u0414\u0443\u0448\u043a\u043e \u0420\u0430\u0434\u043e\u0432\u0438\u045b\"},\"image\":{\"@id\":\"https:\\\/\\\/malopozoriste.smashingpixel.net\\\/#\\\/schema\\\/logo\\\/image\\\/\"},\"sameAs\":[\"https:\\\/\\\/www.facebook.com\\\/malopozoriste1948#\"]},{\"@type\":\"Person\",\"@id\":\"https:\\\/\\\/malopozoriste.smashingpixel.net\\\/#\\\/schema\\\/person\\\/a0e780274f587f25a77993e82d795701\",\"name\":\"P0p4r7\",\"image\":{\"@type\":\"ImageObject\",\"inLanguage\":\"sr-latn\",\"@id\":\"https:\\\/\\\/secure.gravatar.com\\\/avatar\\\/3072a7becae851e6c69fcb1a91018459754a5f928756e72b9d22e7a452300b5e?s=96&d=mm&r=g\",\"url\":\"https:\\\/\\\/secure.gravatar.com\\\/avatar\\\/3072a7becae851e6c69fcb1a91018459754a5f928756e72b9d22e7a452300b5e?s=96&d=mm&r=g\",\"contentUrl\":\"https:\\\/\\\/secure.gravatar.com\\\/avatar\\\/3072a7becae851e6c69fcb1a91018459754a5f928756e72b9d22e7a452300b5e?s=96&d=mm&r=g\",\"caption\":\"P0p4r7\"},\"url\":\"https:\\\/\\\/malopozoriste.smashingpixel.net\\\/sr-latn\\\/author\\\/p0p4r7\\\/\"}]}<\/script>\n<!-- \/ Yoast SEO plugin. -->","yoast_head_json":{"title":"\u201eSjaj zvezda na plafonu\u201c osvojio dve nagrade na \u201eFestivalu Dani Jurislava Koreni\u0107a\u201c u Sarajevu - malopozoriste","robots":{"index":"index","follow":"follow","max-snippet":"max-snippet:-1","max-image-preview":"max-image-preview:large","max-video-preview":"max-video-preview:-1"},"canonical":"https:\/\/malopozoriste.smashingpixel.net\/sr-latn\/sjaj-zvezda-na-plafonu-osvojio-dve-nagrade-na-festivalu-dani-jurislava-korenica-u-sarajevu\/","og_locale":"en_US","og_type":"article","og_title":"\u201eSjaj zvezda na plafonu\u201c osvojio dve nagrade na \u201eFestivalu Dani Jurislava Koreni\u0107a\u201c u Sarajevu - malopozoriste","og_description":"\u201eSjaj zvezda na plafonu\u201c osvojio dve nagrade na \u201eFestivalu Dani Jurislava Koreni\u0107a\u201c u Sarajevu Predstava \u00a0\u201eSjaj zvezda na plafonu\u201c u produkciji Malog pozori\u0161ta \u201eDu\u0161ko Radovi\u0107\u201c osvojila je dve nagrade na \u201eFestivalu Dani Jurislava Koreni\u0107a\u201c u Sarajevu. U takmi\u010darskom programu festivala u\u010destvovalo je pet predstava, a o nagradama je odlu\u010divao stru\u010dni \u017eiri u sastavu: Jasna Ornela [&hellip;]","og_url":"https:\/\/malopozoriste.smashingpixel.net\/sr-latn\/sjaj-zvezda-na-plafonu-osvojio-dve-nagrade-na-festivalu-dani-jurislava-korenica-u-sarajevu\/","og_site_name":"malopozoriste","article_publisher":"https:\/\/www.facebook.com\/malopozoriste1948#","article_published_time":"2025-11-23T14:33:11+00:00","article_modified_time":"2025-11-23T14:45:42+00:00","og_image":[{"width":1280,"height":853,"url":"https:\/\/malopozoriste.smashingpixel.net\/wp-content\/uploads\/2025\/11\/sjaj-sarajevo-clanak.jpg","type":"image\/jpeg"}],"author":"P0p4r7","twitter_card":"summary_large_image","twitter_misc":{"Written by":"P0p4r7","Est. reading time":"1 minute"},"schema":{"@context":"https:\/\/schema.org","@graph":[{"@type":"Article","@id":"https:\/\/malopozoriste.smashingpixel.net\/sr-latn\/sjaj-zvezda-na-plafonu-osvojio-dve-nagrade-na-festivalu-dani-jurislava-korenica-u-sarajevu\/#article","isPartOf":{"@id":"https:\/\/malopozoriste.smashingpixel.net\/sr-latn\/sjaj-zvezda-na-plafonu-osvojio-dve-nagrade-na-festivalu-dani-jurislava-korenica-u-sarajevu\/"},"author":{"name":"P0p4r7","@id":"https:\/\/malopozoriste.smashingpixel.net\/#\/schema\/person\/a0e780274f587f25a77993e82d795701"},"headline":"\u201eSjaj zvezda na plafonu\u201c osvojio dve nagrade na \u201eFestivalu Dani Jurislava Koreni\u0107a\u201c u Sarajevu","datePublished":"2025-11-23T14:33:11+00:00","dateModified":"2025-11-23T14:45:42+00:00","mainEntityOfPage":{"@id":"https:\/\/malopozoriste.smashingpixel.net\/sr-latn\/sjaj-zvezda-na-plafonu-osvojio-dve-nagrade-na-festivalu-dani-jurislava-korenica-u-sarajevu\/"},"wordCount":298,"publisher":{"@id":"https:\/\/malopozoriste.smashingpixel.net\/#organization"},"image":{"@id":"https:\/\/malopozoriste.smashingpixel.net\/sr-latn\/sjaj-zvezda-na-plafonu-osvojio-dve-nagrade-na-festivalu-dani-jurislava-korenica-u-sarajevu\/#primaryimage"},"thumbnailUrl":"https:\/\/malopozoriste.smashingpixel.net\/wp-content\/uploads\/2025\/11\/sjaj-sarajevo-clanak.jpg","articleSection":["Uncategorized @sr-latn"],"inLanguage":"sr-latn"},{"@type":"WebPage","@id":"https:\/\/malopozoriste.smashingpixel.net\/sr-latn\/sjaj-zvezda-na-plafonu-osvojio-dve-nagrade-na-festivalu-dani-jurislava-korenica-u-sarajevu\/","url":"https:\/\/malopozoriste.smashingpixel.net\/sr-latn\/sjaj-zvezda-na-plafonu-osvojio-dve-nagrade-na-festivalu-dani-jurislava-korenica-u-sarajevu\/","name":"\u201eSjaj zvezda na plafonu\u201c osvojio dve nagrade na \u201eFestivalu Dani Jurislava Koreni\u0107a\u201c u Sarajevu - malopozoriste","isPartOf":{"@id":"https:\/\/malopozoriste.smashingpixel.net\/#website"},"primaryImageOfPage":{"@id":"https:\/\/malopozoriste.smashingpixel.net\/sr-latn\/sjaj-zvezda-na-plafonu-osvojio-dve-nagrade-na-festivalu-dani-jurislava-korenica-u-sarajevu\/#primaryimage"},"image":{"@id":"https:\/\/malopozoriste.smashingpixel.net\/sr-latn\/sjaj-zvezda-na-plafonu-osvojio-dve-nagrade-na-festivalu-dani-jurislava-korenica-u-sarajevu\/#primaryimage"},"thumbnailUrl":"https:\/\/malopozoriste.smashingpixel.net\/wp-content\/uploads\/2025\/11\/sjaj-sarajevo-clanak.jpg","datePublished":"2025-11-23T14:33:11+00:00","dateModified":"2025-11-23T14:45:42+00:00","breadcrumb":{"@id":"https:\/\/malopozoriste.smashingpixel.net\/sr-latn\/sjaj-zvezda-na-plafonu-osvojio-dve-nagrade-na-festivalu-dani-jurislava-korenica-u-sarajevu\/#breadcrumb"},"inLanguage":"sr-latn","potentialAction":[{"@type":"ReadAction","target":["https:\/\/malopozoriste.smashingpixel.net\/sr-latn\/sjaj-zvezda-na-plafonu-osvojio-dve-nagrade-na-festivalu-dani-jurislava-korenica-u-sarajevu\/"]}]},{"@type":"ImageObject","inLanguage":"sr-latn","@id":"https:\/\/malopozoriste.smashingpixel.net\/sr-latn\/sjaj-zvezda-na-plafonu-osvojio-dve-nagrade-na-festivalu-dani-jurislava-korenica-u-sarajevu\/#primaryimage","url":"https:\/\/malopozoriste.smashingpixel.net\/wp-content\/uploads\/2025\/11\/sjaj-sarajevo-clanak.jpg","contentUrl":"https:\/\/malopozoriste.smashingpixel.net\/wp-content\/uploads\/2025\/11\/sjaj-sarajevo-clanak.jpg","width":1280,"height":853},{"@type":"BreadcrumbList","@id":"https:\/\/malopozoriste.smashingpixel.net\/sr-latn\/sjaj-zvezda-na-plafonu-osvojio-dve-nagrade-na-festivalu-dani-jurislava-korenica-u-sarajevu\/#breadcrumb","itemListElement":[{"@type":"ListItem","position":1,"name":"\u041f\u043e\u0447\u0435\u0442\u043d\u0430","item":"https:\/\/malopozoriste.smashingpixel.net\/sr-latn\/home\/"},{"@type":"ListItem","position":2,"name":"\u201eSjaj zvezda na plafonu\u201c osvojio dve nagrade na \u201eFestivalu Dani Jurislava Koreni\u0107a\u201c u Sarajevu"}]},{"@type":"WebSite","@id":"https:\/\/malopozoriste.smashingpixel.net\/#website","url":"https:\/\/malopozoriste.smashingpixel.net\/","name":"malopozoriste","description":"","publisher":{"@id":"https:\/\/malopozoriste.smashingpixel.net\/#organization"},"potentialAction":[{"@type":"SearchAction","target":{"@type":"EntryPoint","urlTemplate":"https:\/\/malopozoriste.smashingpixel.net\/?s={search_term_string}"},"query-input":{"@type":"PropertyValueSpecification","valueRequired":true,"valueName":"search_term_string"}}],"inLanguage":"sr-latn"},{"@type":"Organization","@id":"https:\/\/malopozoriste.smashingpixel.net\/#organization","name":"\u041c\u0430\u043b\u043e \u043f\u043e\u0437\u043e\u0440\u0438\u0448\u0442\u0435 \u0414\u0443\u0448\u043a\u043e \u0420\u0430\u0434\u043e\u0432\u0438\u045b","url":"https:\/\/malopozoriste.smashingpixel.net\/","logo":{"@type":"ImageObject","inLanguage":"sr-latn","@id":"https:\/\/malopozoriste.smashingpixel.net\/#\/schema\/logo\/image\/","url":"https:\/\/malopozoriste.smashingpixel.net\/wp-content\/uploads\/2024\/03\/malo_pozoriste_logo142x140.png","contentUrl":"https:\/\/malopozoriste.smashingpixel.net\/wp-content\/uploads\/2024\/03\/malo_pozoriste_logo142x140.png","width":142,"height":140,"caption":"\u041c\u0430\u043b\u043e \u043f\u043e\u0437\u043e\u0440\u0438\u0448\u0442\u0435 \u0414\u0443\u0448\u043a\u043e \u0420\u0430\u0434\u043e\u0432\u0438\u045b"},"image":{"@id":"https:\/\/malopozoriste.smashingpixel.net\/#\/schema\/logo\/image\/"},"sameAs":["https:\/\/www.facebook.com\/malopozoriste1948#"]},{"@type":"Person","@id":"https:\/\/malopozoriste.smashingpixel.net\/#\/schema\/person\/a0e780274f587f25a77993e82d795701","name":"P0p4r7","image":{"@type":"ImageObject","inLanguage":"sr-latn","@id":"https:\/\/secure.gravatar.com\/avatar\/3072a7becae851e6c69fcb1a91018459754a5f928756e72b9d22e7a452300b5e?s=96&d=mm&r=g","url":"https:\/\/secure.gravatar.com\/avatar\/3072a7becae851e6c69fcb1a91018459754a5f928756e72b9d22e7a452300b5e?s=96&d=mm&r=g","contentUrl":"https:\/\/secure.gravatar.com\/avatar\/3072a7becae851e6c69fcb1a91018459754a5f928756e72b9d22e7a452300b5e?s=96&d=mm&r=g","caption":"P0p4r7"},"url":"https:\/\/malopozoriste.smashingpixel.net\/sr-latn\/author\/p0p4r7\/"}]}},"_links":{"self":[{"href":"https:\/\/malopozoriste.smashingpixel.net\/sr-latn\/wp-json\/wp\/v2\/posts\/16486","targetHints":{"allow":["GET"]}}],"collection":[{"href":"https:\/\/malopozoriste.smashingpixel.net\/sr-latn\/wp-json\/wp\/v2\/posts"}],"about":[{"href":"https:\/\/malopozoriste.smashingpixel.net\/sr-latn\/wp-json\/wp\/v2\/types\/post"}],"author":[{"embeddable":true,"href":"https:\/\/malopozoriste.smashingpixel.net\/sr-latn\/wp-json\/wp\/v2\/users\/5"}],"replies":[{"embeddable":true,"href":"https:\/\/malopozoriste.smashingpixel.net\/sr-latn\/wp-json\/wp\/v2\/comments?post=16486"}],"version-history":[{"count":0,"href":"https:\/\/malopozoriste.smashingpixel.net\/sr-latn\/wp-json\/wp\/v2\/posts\/16486\/revisions"}],"wp:featuredmedia":[{"embeddable":true,"href":"https:\/\/malopozoriste.smashingpixel.net\/sr-latn\/wp-json\/wp\/v2\/media\/16472"}],"wp:attachment":[{"href":"https:\/\/malopozoriste.smashingpixel.net\/sr-latn\/wp-json\/wp\/v2\/media?parent=16486"}],"wp:term":[{"taxonomy":"category","embeddable":true,"href":"https:\/\/malopozoriste.smashingpixel.net\/sr-latn\/wp-json\/wp\/v2\/categories?post=16486"},{"taxonomy":"post_tag","embeddable":true,"href":"https:\/\/malopozoriste.smashingpixel.net\/sr-latn\/wp-json\/wp\/v2\/tags?post=16486"}],"curies":[{"name":"wp","href":"https:\/\/api.w.org\/{rel}","templated":true}]}}