{"id":17520,"date":"2026-02-05T11:33:33","date_gmt":"2026-02-05T11:33:33","guid":{"rendered":"https:\/\/malopozoriste.smashingpixel.net\/premijera-predstave-krokodil-u-produkciji-opera-lab-srbija-na-maloj-sceni-malog-pozorista-dusko-radovic\/"},"modified":"2026-02-05T11:44:17","modified_gmt":"2026-02-05T11:44:17","slug":"premijera-predstave-krokodil-u-produkciji-opera-lab-srbija-na-maloj-sceni-malog-pozorista-dusko-radovic","status":"publish","type":"post","link":"https:\/\/malopozoriste.smashingpixel.net\/sr-latn\/premijera-predstave-krokodil-u-produkciji-opera-lab-srbija-na-maloj-sceni-malog-pozorista-dusko-radovic\/","title":{"rendered":"Premijera predstave \u201eKrokodil\u201c u produkciji Opera Lab (Srbija) na Maloj sceni Malog pozori\u0161ta \u201eDu\u0161ko Radovi\u0107\u201c"},"content":{"rendered":"\t\t<div data-elementor-type=\"wp-post\" data-elementor-id=\"17520\" class=\"elementor elementor-17520 elementor-17510\" data-elementor-post-type=\"post\">\n\t\t\t\t<div class=\"elementor-element elementor-element-2a02dfc e-flex e-con-boxed e-con e-parent\" data-id=\"2a02dfc\" data-element_type=\"container\" data-e-type=\"container\">\n\t\t\t\t\t<div class=\"e-con-inner\">\n\t\t\t\t<div class=\"elementor-element elementor-element-3014a34 elementor-widget elementor-widget-image\" data-id=\"3014a34\" data-element_type=\"widget\" data-e-type=\"widget\" data-widget_type=\"image.default\">\n\t\t\t\t<div class=\"elementor-widget-container\">\n\t\t\t\t\t\t\t\t\t\t\t\t\t\t\t<img fetchpriority=\"high\" decoding=\"async\" width=\"1024\" height=\"576\" src=\"https:\/\/malopozoriste.smashingpixel.net\/wp-content\/uploads\/2026\/02\/Krokodil-plakat-sajt-1024x576.jpg\" class=\"attachment-large size-large wp-image-17511\" alt=\"\" srcset=\"https:\/\/malopozoriste.smashingpixel.net\/wp-content\/uploads\/2026\/02\/Krokodil-plakat-sajt-1024x576.jpg 1024w, https:\/\/malopozoriste.smashingpixel.net\/wp-content\/uploads\/2026\/02\/Krokodil-plakat-sajt-300x169.jpg 300w, https:\/\/malopozoriste.smashingpixel.net\/wp-content\/uploads\/2026\/02\/Krokodil-plakat-sajt-768x432.jpg 768w, https:\/\/malopozoriste.smashingpixel.net\/wp-content\/uploads\/2026\/02\/Krokodil-plakat-sajt-800x450.jpg 800w, https:\/\/malopozoriste.smashingpixel.net\/wp-content\/uploads\/2026\/02\/Krokodil-plakat-sajt.jpg 1528w\" sizes=\"(max-width: 1024px) 100vw, 1024px\" \/>\t\t\t\t\t\t\t\t\t\t\t\t\t\t\t<\/div>\n\t\t\t\t<\/div>\n\t\t\t\t\t<\/div>\n\t\t\t\t<\/div>\n\t\t<div class=\"elementor-element elementor-element-265f4b8 e-flex e-con-boxed e-con e-parent\" data-id=\"265f4b8\" data-element_type=\"container\" data-e-type=\"container\">\n\t\t\t\t\t<div class=\"e-con-inner\">\n\t\t\t\t<div class=\"elementor-element elementor-element-2626366 elementor-widget-divider--view-line elementor-widget elementor-widget-divider\" data-id=\"2626366\" data-element_type=\"widget\" data-e-type=\"widget\" data-widget_type=\"divider.default\">\n\t\t\t\t<div class=\"elementor-widget-container\">\n\t\t\t\t\t\t\t<div class=\"elementor-divider\">\n\t\t\t<span class=\"elementor-divider-separator\">\n\t\t\t\t\t\t<\/span>\n\t\t<\/div>\n\t\t\t\t\t\t<\/div>\n\t\t\t\t<\/div>\n\t\t\t\t\t<\/div>\n\t\t\t\t<\/div>\n\t\t<div class=\"elementor-element elementor-element-60c5c91 e-flex e-con-boxed e-con e-parent\" data-id=\"60c5c91\" data-element_type=\"container\" data-e-type=\"container\">\n\t\t\t\t\t<div class=\"e-con-inner\">\n\t\t\t\t<div class=\"elementor-element elementor-element-203bcc9 elementor-widget elementor-widget-heading\" data-id=\"203bcc9\" data-element_type=\"widget\" data-e-type=\"widget\" data-widget_type=\"heading.default\">\n\t\t\t\t<div class=\"elementor-widget-container\">\n\t\t\t\t\t<h2 class=\"elementor-heading-title elementor-size-default\">Premijera predstave \u201eKrokodil\u201c u produkciji Opera Lab (Srbija) na Maloj sceni Malog pozori\u0161ta \u201eDu\u0161ko Radovi\u0107\u201c<\/h2>\t\t\t\t<\/div>\n\t\t\t\t<\/div>\n\t\t\t\t\t<\/div>\n\t\t\t\t<\/div>\n\t\t<div class=\"elementor-element elementor-element-8b10470 e-flex e-con-boxed e-con e-parent\" data-id=\"8b10470\" data-element_type=\"container\" data-e-type=\"container\">\n\t\t\t\t\t<div class=\"e-con-inner\">\n\t\t\t\t<div class=\"elementor-element elementor-element-3e6cdf9 elementor-widget elementor-widget-spacer\" data-id=\"3e6cdf9\" data-element_type=\"widget\" data-e-type=\"widget\" data-widget_type=\"spacer.default\">\n\t\t\t\t<div class=\"elementor-widget-container\">\n\t\t\t\t\t\t\t<div class=\"elementor-spacer\">\n\t\t\t<div class=\"elementor-spacer-inner\"><\/div>\n\t\t<\/div>\n\t\t\t\t\t\t<\/div>\n\t\t\t\t<\/div>\n\t\t\t\t\t<\/div>\n\t\t\t\t<\/div>\n\t\t<div class=\"elementor-element elementor-element-9e61a7d e-flex e-con-boxed e-con e-parent\" data-id=\"9e61a7d\" data-element_type=\"container\" data-e-type=\"container\">\n\t\t\t\t\t<div class=\"e-con-inner\">\n\t\t\t\t<div class=\"elementor-element elementor-element-1110652 elementor-widget elementor-widget-text-editor\" data-id=\"1110652\" data-element_type=\"widget\" data-e-type=\"widget\" data-widget_type=\"text-editor.default\">\n\t\t\t\t<div class=\"elementor-widget-container\">\n\t\t\t\t\t\t\t\t\t<p>U \u010detvrtak, 12. februara u 20 sati, na Maloj sceni Malog pozori\u0161ta \u201eDu\u0161ko Radovi\u0107\u201c premijerno \u0107e biti prikazana predstava \u201eKrokodil\u201c, u re\u017eiji Ane Grigorovi\u0107 i produkciji Opera Lab (Srbija). Predstava je namenjena mladima uzrasta 12+ i odraslima, a sam proces zapo\u010det je kreativnom radionicom za mlade uzrasta od 18 do 25 godina inspirisanom monodramom \u201eKrokodil\u201c, u partnerstvu sa organizacijom Atrium (Severna Makedonija). Aktivnost je podr\u017eana od strane Regionalne kancelarije za saradnju mladih (RYCO) \u2013 WB Youth Cultural Fund.<\/p><p>Elize Vilk<\/p><p><strong>KROKODIL<\/strong><\/p><p>re\u017eija: Ana Grigorovi\u0107<\/p><p>koreografija i scenski pokret: \u0110or\u0111e \u017divadinovi\u0107 Grgur<\/p><p>scenografija: Dunja Kosti\u0107<\/p><p>kostim: Ana Grigorovi\u0107 i \u0110or\u0111e \u017divadinovi\u0107 Grgur<\/p><p>kompozitor: Matija An\u0111elkovi\u0107<\/p><p>dizajn zvuka: Dragan Stevanovi\u0107 Bagzi<\/p><p>DAVID \u2013 \u0110OR\u0110E \u017dIVADINOVI\u0106 GRGUR<\/p><p>stru\u010dne saradnice: Maja Maksimovi\u0107 i Mirjana Markovi\u0107;<\/p><p>saradnici u procesu: Relja Sopi\u0107, Martina Petrovi\u0107, Marija Jevti\u0107, Dragan Macura, Nikola Gudovi\u0107<\/p><p><em>Krokodil<\/em> je savremena monodrama o de\u010daku koji poku\u0161ava da pre\u017eivi svet u kom nema mesta za njegovu razli\u010ditost. Autorka Elize Vilk je za ovaj komad, koji se prvi put izvodi na srpskom jeziku, nagra\u0111ena Nacionalnom nagradom za monodramu 2017. godine.<\/p><p>Glavni junak, jedanaestogodi\u0161nji David, suo\u010dava se sa gubitkom oca, zapostavljanjem u porodici i nasiljem u \u0161koli, dok istovremeno poku\u0161ava da razume sopstveni identitet i ose\u0107aj da ne pripada. U dru\u0161tvima oblikovanim strogim, binarnim predstavama roda i seksualnosti, deca i mladi koji se ne uklapaju \u010desto ostaju bez glasa, bez za\u0161tite i prostora za gre\u0161ku. Njihova ti\u0161ina postaje prihva\u0107ena, a nasilje nad njima normalizovano. <em>Krokodil<\/em>\u00a0govori upravo iz te ti\u0161ine.<\/p><p>Predstava prati unutra\u0161nji svet i prelomne doga\u0111aje de\u010daka u njegovom ranom pubertetskom periodu. Rodno nekonforman, povu\u010den i nevidljiv, on trpi verbalno i fizi\u010dko vr\u0161nja\u010dko nasilje i nerazumevanje odraslih koji njegovo iskustvo umanjuju, ignori\u0161u ili ne vide, obuzeti svojim problemima. Ono \u0161to David ne sme ili ne ume da izgovori, vra\u0107a mu se kao bol \u2013 u obliku krokodila koji ga iznutra grize. Kada se bolu ne da ime, on raste, i po\u010dinje da ujeda.<\/p><p>Ipak, najizazovnija okolnost ovog de\u010daka nije buka nasilja, ve\u0107 tiha, uporna usamljenost koja traje godinama, kroz odrastanje bez oslonca.<\/p><p><em>Krokodil<\/em>\u00a0nudi perspektivu deteta koje raste u svetu gde je razli\u010ditost povod za kaznu ili zanemarivanje, umesto za brigu i ne\u017enost. Obra\u0107a se mladima, ali i odraslima, otvaraju\u0107i pitanja odgovornosti zajednice prema deci koja odrastaju pod pritiskom normi, o\u010dekivanja i nasilja. Ovo je poziv da slu\u0161amo pa\u017eljivije, da pogledamo tamo odakle obi\u010dno sklanjamo pogled i da mislimo na koje sve na\u010dine mo\u017eemo da olak\u0161amo \u017eivote dece koja se smatraju za druga\u010diju i drugu, ali najpre da razmislimo: kako da takvoj deci budemo prijatelji i saveznici.<\/p><p>\u00a0<\/p><p>\u00a0<\/p><p>\u00a0<\/p><p>\u00a0<\/p><p>\u00a0<\/p><p>\u00a0<\/p><p>\u00a0<\/p><p>\u00a0<\/p><p>\u00a0<\/p>\t\t\t\t\t\t\t\t<\/div>\n\t\t\t\t<\/div>\n\t\t\t\t\t<\/div>\n\t\t\t\t<\/div>\n\t\t\t\t<\/div>\n\t\t","protected":false},"excerpt":{"rendered":"Premijera predstave \u201eKrokodil\u201c u produkciji Opera Lab (Srbija) na Maloj sceni Malog pozori\u0161ta \u201eDu\u0161ko Radovi\u0107\u201c U \u010detvrtak, 12. februara u 20 sati, na Maloj sceni Malog pozori\u0161ta \u201eDu\u0161ko Radovi\u0107\u201c premijerno \u0107e biti prikazana predstava \u201eKrokodil\u201c, u re\u017eiji Ane Grigorovi\u0107 i produkciji Opera Lab (Srbija). Predstava je namenjena mladima uzrasta 12+ i odraslima, a sam proces [&hellip;]","protected":false},"author":5,"featured_media":17511,"comment_status":"closed","ping_status":"open","sticky":false,"template":"elementor_header_footer","format":"standard","meta":{"_acf_changed":false,"ocean_front_end_style_editor":"no","ocean_post_layout":"","ocean_both_sidebars_style":"","ocean_both_sidebars_content_width":0,"ocean_both_sidebars_sidebars_width":0,"ocean_sidebar":"0","ocean_second_sidebar":"0","ocean_disable_margins":"enable","ocean_add_body_class":"","ocean_shortcode_before_top_bar":"","ocean_shortcode_after_top_bar":"","ocean_shortcode_before_header":"","ocean_shortcode_after_header":"","ocean_has_shortcode":"","ocean_shortcode_after_title":"","ocean_shortcode_before_footer_widgets":"","ocean_shortcode_after_footer_widgets":"","ocean_shortcode_before_footer_bottom":"","ocean_shortcode_after_footer_bottom":"","ocean_display_top_bar":"default","ocean_display_header":"default","ocean_header_style":"","ocean_center_header_left_menu":"0","ocean_custom_header_template":"0","ocean_custom_logo":0,"ocean_custom_retina_logo":0,"ocean_custom_logo_max_width":0,"ocean_custom_logo_tablet_max_width":0,"ocean_custom_logo_mobile_max_width":0,"ocean_custom_logo_max_height":0,"ocean_custom_logo_tablet_max_height":0,"ocean_custom_logo_mobile_max_height":0,"ocean_header_custom_menu":"0","ocean_menu_typo_font_family":"0","ocean_menu_typo_font_subset":"","ocean_menu_typo_font_size":0,"ocean_menu_typo_font_size_tablet":0,"ocean_menu_typo_font_size_mobile":0,"ocean_menu_typo_font_size_unit":"px","ocean_menu_typo_font_weight":"","ocean_menu_typo_font_weight_tablet":"","ocean_menu_typo_font_weight_mobile":"","ocean_menu_typo_transform":"","ocean_menu_typo_transform_tablet":"","ocean_menu_typo_transform_mobile":"","ocean_menu_typo_line_height":0,"ocean_menu_typo_line_height_tablet":0,"ocean_menu_typo_line_height_mobile":0,"ocean_menu_typo_line_height_unit":"","ocean_menu_typo_spacing":0,"ocean_menu_typo_spacing_tablet":0,"ocean_menu_typo_spacing_mobile":0,"ocean_menu_typo_spacing_unit":"","ocean_menu_link_color":"","ocean_menu_link_color_hover":"","ocean_menu_link_color_active":"","ocean_menu_link_background":"","ocean_menu_link_hover_background":"","ocean_menu_link_active_background":"","ocean_menu_social_links_bg":"","ocean_menu_social_hover_links_bg":"","ocean_menu_social_links_color":"","ocean_menu_social_hover_links_color":"","ocean_disable_title":"on","ocean_disable_heading":"default","ocean_post_title":"","ocean_post_subheading":"","ocean_post_title_style":"","ocean_post_title_background_color":"","ocean_post_title_background":0,"ocean_post_title_bg_image_position":"","ocean_post_title_bg_image_attachment":"","ocean_post_title_bg_image_repeat":"","ocean_post_title_bg_image_size":"","ocean_post_title_height":0,"ocean_post_title_bg_overlay":0.5,"ocean_post_title_bg_overlay_color":"","ocean_disable_breadcrumbs":"off","ocean_breadcrumbs_color":"","ocean_breadcrumbs_separator_color":"","ocean_breadcrumbs_links_color":"","ocean_breadcrumbs_links_hover_color":"","ocean_display_footer_widgets":"default","ocean_display_footer_bottom":"default","ocean_custom_footer_template":"0","ocean_post_oembed":"","ocean_post_self_hosted_media":"","ocean_post_video_embed":"","ocean_link_format":"","ocean_link_format_target":"self","ocean_quote_format":"","ocean_quote_format_link":"post","ocean_gallery_link_images":"on","ocean_gallery_id":[],"footnotes":""},"categories":[89],"tags":[],"class_list":["post-17520","post","type-post","status-publish","format-standard","has-post-thumbnail","hentry","category-uncategorized-sr-latn","entry","has-media"],"acf":[],"yoast_head":"<!-- This site is optimized with the Yoast SEO plugin v28.3 - https:\/\/yoast.com\/product\/yoast-seo-wordpress\/ -->\n<title>Premijera predstave \u201eKrokodil\u201c u produkciji Opera Lab (Srbija) na Maloj sceni Malog pozori\u0161ta \u201eDu\u0161ko Radovi\u0107\u201c - malopozoriste<\/title>\n<meta name=\"robots\" content=\"index, follow, max-snippet:-1, max-image-preview:large, max-video-preview:-1\" \/>\n<link rel=\"canonical\" href=\"https:\/\/malopozoriste.smashingpixel.net\/sr-latn\/premijera-predstave-krokodil-u-produkciji-opera-lab-srbija-na-maloj-sceni-malog-pozorista-dusko-radovic\/\" \/>\n<meta property=\"og:locale\" content=\"en_US\" \/>\n<meta property=\"og:type\" content=\"article\" \/>\n<meta property=\"og:title\" content=\"Premijera predstave \u201eKrokodil\u201c u produkciji Opera Lab (Srbija) na Maloj sceni Malog pozori\u0161ta \u201eDu\u0161ko Radovi\u0107\u201c - malopozoriste\" \/>\n<meta property=\"og:description\" content=\"Premijera predstave \u201eKrokodil\u201c u produkciji Opera Lab (Srbija) na Maloj sceni Malog pozori\u0161ta \u201eDu\u0161ko Radovi\u0107\u201c U \u010detvrtak, 12. februara u 20 sati, na Maloj sceni Malog pozori\u0161ta \u201eDu\u0161ko Radovi\u0107\u201c premijerno \u0107e biti prikazana predstava \u201eKrokodil\u201c, u re\u017eiji Ane Grigorovi\u0107 i produkciji Opera Lab (Srbija). Predstava je namenjena mladima uzrasta 12+ i odraslima, a sam proces [&hellip;]\" \/>\n<meta property=\"og:url\" content=\"https:\/\/malopozoriste.smashingpixel.net\/sr-latn\/premijera-predstave-krokodil-u-produkciji-opera-lab-srbija-na-maloj-sceni-malog-pozorista-dusko-radovic\/\" \/>\n<meta property=\"og:site_name\" content=\"malopozoriste\" \/>\n<meta property=\"article:publisher\" content=\"https:\/\/www.facebook.com\/malopozoriste1948#\" \/>\n<meta property=\"article:published_time\" content=\"2026-02-05T11:33:33+00:00\" \/>\n<meta property=\"article:modified_time\" content=\"2026-02-05T11:44:17+00:00\" \/>\n<meta property=\"og:image\" content=\"https:\/\/malopozoriste.smashingpixel.net\/wp-content\/uploads\/2026\/02\/Krokodil-plakat-sajt.jpg\" \/>\n\t<meta property=\"og:image:width\" content=\"1528\" \/>\n\t<meta property=\"og:image:height\" content=\"860\" \/>\n\t<meta property=\"og:image:type\" content=\"image\/jpeg\" \/>\n<meta name=\"author\" content=\"P0p4r7\" \/>\n<meta name=\"twitter:card\" content=\"summary_large_image\" \/>\n<meta name=\"twitter:label1\" content=\"Written by\" \/>\n\t<meta name=\"twitter:data1\" content=\"P0p4r7\" \/>\n\t<meta name=\"twitter:label2\" content=\"Est. reading time\" \/>\n\t<meta name=\"twitter:data2\" content=\"2 minutes\" \/>\n<script type=\"application\/ld+json\" class=\"yoast-schema-graph\">{\"@context\":\"https:\\\/\\\/schema.org\",\"@graph\":[{\"@type\":\"Article\",\"@id\":\"https:\\\/\\\/malopozoriste.smashingpixel.net\\\/sr-latn\\\/premijera-predstave-krokodil-u-produkciji-opera-lab-srbija-na-maloj-sceni-malog-pozorista-dusko-radovic\\\/#article\",\"isPartOf\":{\"@id\":\"https:\\\/\\\/malopozoriste.smashingpixel.net\\\/sr-latn\\\/premijera-predstave-krokodil-u-produkciji-opera-lab-srbija-na-maloj-sceni-malog-pozorista-dusko-radovic\\\/\"},\"author\":{\"name\":\"P0p4r7\",\"@id\":\"https:\\\/\\\/malopozoriste.smashingpixel.net\\\/#\\\/schema\\\/person\\\/a0e780274f587f25a77993e82d795701\"},\"headline\":\"Premijera predstave \u201eKrokodil\u201c u produkciji Opera Lab (Srbija) na Maloj sceni Malog pozori\u0161ta \u201eDu\u0161ko Radovi\u0107\u201c\",\"datePublished\":\"2026-02-05T11:33:33+00:00\",\"dateModified\":\"2026-02-05T11:44:17+00:00\",\"mainEntityOfPage\":{\"@id\":\"https:\\\/\\\/malopozoriste.smashingpixel.net\\\/sr-latn\\\/premijera-predstave-krokodil-u-produkciji-opera-lab-srbija-na-maloj-sceni-malog-pozorista-dusko-radovic\\\/\"},\"wordCount\":495,\"publisher\":{\"@id\":\"https:\\\/\\\/malopozoriste.smashingpixel.net\\\/#organization\"},\"image\":{\"@id\":\"https:\\\/\\\/malopozoriste.smashingpixel.net\\\/sr-latn\\\/premijera-predstave-krokodil-u-produkciji-opera-lab-srbija-na-maloj-sceni-malog-pozorista-dusko-radovic\\\/#primaryimage\"},\"thumbnailUrl\":\"https:\\\/\\\/malopozoriste.smashingpixel.net\\\/wp-content\\\/uploads\\\/2026\\\/02\\\/Krokodil-plakat-sajt.jpg\",\"articleSection\":[\"Uncategorized @sr-latn\"],\"inLanguage\":\"sr-latn\"},{\"@type\":\"WebPage\",\"@id\":\"https:\\\/\\\/malopozoriste.smashingpixel.net\\\/sr-latn\\\/premijera-predstave-krokodil-u-produkciji-opera-lab-srbija-na-maloj-sceni-malog-pozorista-dusko-radovic\\\/\",\"url\":\"https:\\\/\\\/malopozoriste.smashingpixel.net\\\/sr-latn\\\/premijera-predstave-krokodil-u-produkciji-opera-lab-srbija-na-maloj-sceni-malog-pozorista-dusko-radovic\\\/\",\"name\":\"Premijera predstave \u201eKrokodil\u201c u produkciji Opera Lab (Srbija) na Maloj sceni Malog pozori\u0161ta \u201eDu\u0161ko Radovi\u0107\u201c - malopozoriste\",\"isPartOf\":{\"@id\":\"https:\\\/\\\/malopozoriste.smashingpixel.net\\\/#website\"},\"primaryImageOfPage\":{\"@id\":\"https:\\\/\\\/malopozoriste.smashingpixel.net\\\/sr-latn\\\/premijera-predstave-krokodil-u-produkciji-opera-lab-srbija-na-maloj-sceni-malog-pozorista-dusko-radovic\\\/#primaryimage\"},\"image\":{\"@id\":\"https:\\\/\\\/malopozoriste.smashingpixel.net\\\/sr-latn\\\/premijera-predstave-krokodil-u-produkciji-opera-lab-srbija-na-maloj-sceni-malog-pozorista-dusko-radovic\\\/#primaryimage\"},\"thumbnailUrl\":\"https:\\\/\\\/malopozoriste.smashingpixel.net\\\/wp-content\\\/uploads\\\/2026\\\/02\\\/Krokodil-plakat-sajt.jpg\",\"datePublished\":\"2026-02-05T11:33:33+00:00\",\"dateModified\":\"2026-02-05T11:44:17+00:00\",\"breadcrumb\":{\"@id\":\"https:\\\/\\\/malopozoriste.smashingpixel.net\\\/sr-latn\\\/premijera-predstave-krokodil-u-produkciji-opera-lab-srbija-na-maloj-sceni-malog-pozorista-dusko-radovic\\\/#breadcrumb\"},\"inLanguage\":\"sr-latn\",\"potentialAction\":[{\"@type\":\"ReadAction\",\"target\":[\"https:\\\/\\\/malopozoriste.smashingpixel.net\\\/sr-latn\\\/premijera-predstave-krokodil-u-produkciji-opera-lab-srbija-na-maloj-sceni-malog-pozorista-dusko-radovic\\\/\"]}]},{\"@type\":\"ImageObject\",\"inLanguage\":\"sr-latn\",\"@id\":\"https:\\\/\\\/malopozoriste.smashingpixel.net\\\/sr-latn\\\/premijera-predstave-krokodil-u-produkciji-opera-lab-srbija-na-maloj-sceni-malog-pozorista-dusko-radovic\\\/#primaryimage\",\"url\":\"https:\\\/\\\/malopozoriste.smashingpixel.net\\\/wp-content\\\/uploads\\\/2026\\\/02\\\/Krokodil-plakat-sajt.jpg\",\"contentUrl\":\"https:\\\/\\\/malopozoriste.smashingpixel.net\\\/wp-content\\\/uploads\\\/2026\\\/02\\\/Krokodil-plakat-sajt.jpg\",\"width\":1528,\"height\":860},{\"@type\":\"BreadcrumbList\",\"@id\":\"https:\\\/\\\/malopozoriste.smashingpixel.net\\\/sr-latn\\\/premijera-predstave-krokodil-u-produkciji-opera-lab-srbija-na-maloj-sceni-malog-pozorista-dusko-radovic\\\/#breadcrumb\",\"itemListElement\":[{\"@type\":\"ListItem\",\"position\":1,\"name\":\"\u041f\u043e\u0447\u0435\u0442\u043d\u0430\",\"item\":\"https:\\\/\\\/malopozoriste.smashingpixel.net\\\/sr-latn\\\/home\\\/\"},{\"@type\":\"ListItem\",\"position\":2,\"name\":\"Premijera predstave \u201eKrokodil\u201c u produkciji Opera Lab (Srbija) na Maloj sceni Malog pozori\u0161ta \u201eDu\u0161ko Radovi\u0107\u201c\"}]},{\"@type\":\"WebSite\",\"@id\":\"https:\\\/\\\/malopozoriste.smashingpixel.net\\\/#website\",\"url\":\"https:\\\/\\\/malopozoriste.smashingpixel.net\\\/\",\"name\":\"malopozoriste\",\"description\":\"\",\"publisher\":{\"@id\":\"https:\\\/\\\/malopozoriste.smashingpixel.net\\\/#organization\"},\"potentialAction\":[{\"@type\":\"SearchAction\",\"target\":{\"@type\":\"EntryPoint\",\"urlTemplate\":\"https:\\\/\\\/malopozoriste.smashingpixel.net\\\/?s={search_term_string}\"},\"query-input\":{\"@type\":\"PropertyValueSpecification\",\"valueRequired\":true,\"valueName\":\"search_term_string\"}}],\"inLanguage\":\"sr-latn\"},{\"@type\":\"Organization\",\"@id\":\"https:\\\/\\\/malopozoriste.smashingpixel.net\\\/#organization\",\"name\":\"\u041c\u0430\u043b\u043e \u043f\u043e\u0437\u043e\u0440\u0438\u0448\u0442\u0435 \u0414\u0443\u0448\u043a\u043e \u0420\u0430\u0434\u043e\u0432\u0438\u045b\",\"url\":\"https:\\\/\\\/malopozoriste.smashingpixel.net\\\/\",\"logo\":{\"@type\":\"ImageObject\",\"inLanguage\":\"sr-latn\",\"@id\":\"https:\\\/\\\/malopozoriste.smashingpixel.net\\\/#\\\/schema\\\/logo\\\/image\\\/\",\"url\":\"https:\\\/\\\/malopozoriste.smashingpixel.net\\\/wp-content\\\/uploads\\\/2024\\\/03\\\/malo_pozoriste_logo142x140.png\",\"contentUrl\":\"https:\\\/\\\/malopozoriste.smashingpixel.net\\\/wp-content\\\/uploads\\\/2024\\\/03\\\/malo_pozoriste_logo142x140.png\",\"width\":142,\"height\":140,\"caption\":\"\u041c\u0430\u043b\u043e \u043f\u043e\u0437\u043e\u0440\u0438\u0448\u0442\u0435 \u0414\u0443\u0448\u043a\u043e \u0420\u0430\u0434\u043e\u0432\u0438\u045b\"},\"image\":{\"@id\":\"https:\\\/\\\/malopozoriste.smashingpixel.net\\\/#\\\/schema\\\/logo\\\/image\\\/\"},\"sameAs\":[\"https:\\\/\\\/www.facebook.com\\\/malopozoriste1948#\"]},{\"@type\":\"Person\",\"@id\":\"https:\\\/\\\/malopozoriste.smashingpixel.net\\\/#\\\/schema\\\/person\\\/a0e780274f587f25a77993e82d795701\",\"name\":\"P0p4r7\",\"image\":{\"@type\":\"ImageObject\",\"inLanguage\":\"sr-latn\",\"@id\":\"https:\\\/\\\/secure.gravatar.com\\\/avatar\\\/3072a7becae851e6c69fcb1a91018459754a5f928756e72b9d22e7a452300b5e?s=96&d=mm&r=g\",\"url\":\"https:\\\/\\\/secure.gravatar.com\\\/avatar\\\/3072a7becae851e6c69fcb1a91018459754a5f928756e72b9d22e7a452300b5e?s=96&d=mm&r=g\",\"contentUrl\":\"https:\\\/\\\/secure.gravatar.com\\\/avatar\\\/3072a7becae851e6c69fcb1a91018459754a5f928756e72b9d22e7a452300b5e?s=96&d=mm&r=g\",\"caption\":\"P0p4r7\"},\"url\":\"https:\\\/\\\/malopozoriste.smashingpixel.net\\\/sr-latn\\\/author\\\/p0p4r7\\\/\"}]}<\/script>\n<!-- \/ Yoast SEO plugin. -->","yoast_head_json":{"title":"Premijera predstave \u201eKrokodil\u201c u produkciji Opera Lab (Srbija) na Maloj sceni Malog pozori\u0161ta \u201eDu\u0161ko Radovi\u0107\u201c - malopozoriste","robots":{"index":"index","follow":"follow","max-snippet":"max-snippet:-1","max-image-preview":"max-image-preview:large","max-video-preview":"max-video-preview:-1"},"canonical":"https:\/\/malopozoriste.smashingpixel.net\/sr-latn\/premijera-predstave-krokodil-u-produkciji-opera-lab-srbija-na-maloj-sceni-malog-pozorista-dusko-radovic\/","og_locale":"en_US","og_type":"article","og_title":"Premijera predstave \u201eKrokodil\u201c u produkciji Opera Lab (Srbija) na Maloj sceni Malog pozori\u0161ta \u201eDu\u0161ko Radovi\u0107\u201c - malopozoriste","og_description":"Premijera predstave \u201eKrokodil\u201c u produkciji Opera Lab (Srbija) na Maloj sceni Malog pozori\u0161ta \u201eDu\u0161ko Radovi\u0107\u201c U \u010detvrtak, 12. februara u 20 sati, na Maloj sceni Malog pozori\u0161ta \u201eDu\u0161ko Radovi\u0107\u201c premijerno \u0107e biti prikazana predstava \u201eKrokodil\u201c, u re\u017eiji Ane Grigorovi\u0107 i produkciji Opera Lab (Srbija). Predstava je namenjena mladima uzrasta 12+ i odraslima, a sam proces [&hellip;]","og_url":"https:\/\/malopozoriste.smashingpixel.net\/sr-latn\/premijera-predstave-krokodil-u-produkciji-opera-lab-srbija-na-maloj-sceni-malog-pozorista-dusko-radovic\/","og_site_name":"malopozoriste","article_publisher":"https:\/\/www.facebook.com\/malopozoriste1948#","article_published_time":"2026-02-05T11:33:33+00:00","article_modified_time":"2026-02-05T11:44:17+00:00","og_image":[{"width":1528,"height":860,"url":"https:\/\/malopozoriste.smashingpixel.net\/wp-content\/uploads\/2026\/02\/Krokodil-plakat-sajt.jpg","type":"image\/jpeg"}],"author":"P0p4r7","twitter_card":"summary_large_image","twitter_misc":{"Written by":"P0p4r7","Est. reading time":"2 minutes"},"schema":{"@context":"https:\/\/schema.org","@graph":[{"@type":"Article","@id":"https:\/\/malopozoriste.smashingpixel.net\/sr-latn\/premijera-predstave-krokodil-u-produkciji-opera-lab-srbija-na-maloj-sceni-malog-pozorista-dusko-radovic\/#article","isPartOf":{"@id":"https:\/\/malopozoriste.smashingpixel.net\/sr-latn\/premijera-predstave-krokodil-u-produkciji-opera-lab-srbija-na-maloj-sceni-malog-pozorista-dusko-radovic\/"},"author":{"name":"P0p4r7","@id":"https:\/\/malopozoriste.smashingpixel.net\/#\/schema\/person\/a0e780274f587f25a77993e82d795701"},"headline":"Premijera predstave \u201eKrokodil\u201c u produkciji Opera Lab (Srbija) na Maloj sceni Malog pozori\u0161ta \u201eDu\u0161ko Radovi\u0107\u201c","datePublished":"2026-02-05T11:33:33+00:00","dateModified":"2026-02-05T11:44:17+00:00","mainEntityOfPage":{"@id":"https:\/\/malopozoriste.smashingpixel.net\/sr-latn\/premijera-predstave-krokodil-u-produkciji-opera-lab-srbija-na-maloj-sceni-malog-pozorista-dusko-radovic\/"},"wordCount":495,"publisher":{"@id":"https:\/\/malopozoriste.smashingpixel.net\/#organization"},"image":{"@id":"https:\/\/malopozoriste.smashingpixel.net\/sr-latn\/premijera-predstave-krokodil-u-produkciji-opera-lab-srbija-na-maloj-sceni-malog-pozorista-dusko-radovic\/#primaryimage"},"thumbnailUrl":"https:\/\/malopozoriste.smashingpixel.net\/wp-content\/uploads\/2026\/02\/Krokodil-plakat-sajt.jpg","articleSection":["Uncategorized @sr-latn"],"inLanguage":"sr-latn"},{"@type":"WebPage","@id":"https:\/\/malopozoriste.smashingpixel.net\/sr-latn\/premijera-predstave-krokodil-u-produkciji-opera-lab-srbija-na-maloj-sceni-malog-pozorista-dusko-radovic\/","url":"https:\/\/malopozoriste.smashingpixel.net\/sr-latn\/premijera-predstave-krokodil-u-produkciji-opera-lab-srbija-na-maloj-sceni-malog-pozorista-dusko-radovic\/","name":"Premijera predstave \u201eKrokodil\u201c u produkciji Opera Lab (Srbija) na Maloj sceni Malog pozori\u0161ta \u201eDu\u0161ko Radovi\u0107\u201c - malopozoriste","isPartOf":{"@id":"https:\/\/malopozoriste.smashingpixel.net\/#website"},"primaryImageOfPage":{"@id":"https:\/\/malopozoriste.smashingpixel.net\/sr-latn\/premijera-predstave-krokodil-u-produkciji-opera-lab-srbija-na-maloj-sceni-malog-pozorista-dusko-radovic\/#primaryimage"},"image":{"@id":"https:\/\/malopozoriste.smashingpixel.net\/sr-latn\/premijera-predstave-krokodil-u-produkciji-opera-lab-srbija-na-maloj-sceni-malog-pozorista-dusko-radovic\/#primaryimage"},"thumbnailUrl":"https:\/\/malopozoriste.smashingpixel.net\/wp-content\/uploads\/2026\/02\/Krokodil-plakat-sajt.jpg","datePublished":"2026-02-05T11:33:33+00:00","dateModified":"2026-02-05T11:44:17+00:00","breadcrumb":{"@id":"https:\/\/malopozoriste.smashingpixel.net\/sr-latn\/premijera-predstave-krokodil-u-produkciji-opera-lab-srbija-na-maloj-sceni-malog-pozorista-dusko-radovic\/#breadcrumb"},"inLanguage":"sr-latn","potentialAction":[{"@type":"ReadAction","target":["https:\/\/malopozoriste.smashingpixel.net\/sr-latn\/premijera-predstave-krokodil-u-produkciji-opera-lab-srbija-na-maloj-sceni-malog-pozorista-dusko-radovic\/"]}]},{"@type":"ImageObject","inLanguage":"sr-latn","@id":"https:\/\/malopozoriste.smashingpixel.net\/sr-latn\/premijera-predstave-krokodil-u-produkciji-opera-lab-srbija-na-maloj-sceni-malog-pozorista-dusko-radovic\/#primaryimage","url":"https:\/\/malopozoriste.smashingpixel.net\/wp-content\/uploads\/2026\/02\/Krokodil-plakat-sajt.jpg","contentUrl":"https:\/\/malopozoriste.smashingpixel.net\/wp-content\/uploads\/2026\/02\/Krokodil-plakat-sajt.jpg","width":1528,"height":860},{"@type":"BreadcrumbList","@id":"https:\/\/malopozoriste.smashingpixel.net\/sr-latn\/premijera-predstave-krokodil-u-produkciji-opera-lab-srbija-na-maloj-sceni-malog-pozorista-dusko-radovic\/#breadcrumb","itemListElement":[{"@type":"ListItem","position":1,"name":"\u041f\u043e\u0447\u0435\u0442\u043d\u0430","item":"https:\/\/malopozoriste.smashingpixel.net\/sr-latn\/home\/"},{"@type":"ListItem","position":2,"name":"Premijera predstave \u201eKrokodil\u201c u produkciji Opera Lab (Srbija) na Maloj sceni Malog pozori\u0161ta \u201eDu\u0161ko Radovi\u0107\u201c"}]},{"@type":"WebSite","@id":"https:\/\/malopozoriste.smashingpixel.net\/#website","url":"https:\/\/malopozoriste.smashingpixel.net\/","name":"malopozoriste","description":"","publisher":{"@id":"https:\/\/malopozoriste.smashingpixel.net\/#organization"},"potentialAction":[{"@type":"SearchAction","target":{"@type":"EntryPoint","urlTemplate":"https:\/\/malopozoriste.smashingpixel.net\/?s={search_term_string}"},"query-input":{"@type":"PropertyValueSpecification","valueRequired":true,"valueName":"search_term_string"}}],"inLanguage":"sr-latn"},{"@type":"Organization","@id":"https:\/\/malopozoriste.smashingpixel.net\/#organization","name":"\u041c\u0430\u043b\u043e \u043f\u043e\u0437\u043e\u0440\u0438\u0448\u0442\u0435 \u0414\u0443\u0448\u043a\u043e \u0420\u0430\u0434\u043e\u0432\u0438\u045b","url":"https:\/\/malopozoriste.smashingpixel.net\/","logo":{"@type":"ImageObject","inLanguage":"sr-latn","@id":"https:\/\/malopozoriste.smashingpixel.net\/#\/schema\/logo\/image\/","url":"https:\/\/malopozoriste.smashingpixel.net\/wp-content\/uploads\/2024\/03\/malo_pozoriste_logo142x140.png","contentUrl":"https:\/\/malopozoriste.smashingpixel.net\/wp-content\/uploads\/2024\/03\/malo_pozoriste_logo142x140.png","width":142,"height":140,"caption":"\u041c\u0430\u043b\u043e \u043f\u043e\u0437\u043e\u0440\u0438\u0448\u0442\u0435 \u0414\u0443\u0448\u043a\u043e \u0420\u0430\u0434\u043e\u0432\u0438\u045b"},"image":{"@id":"https:\/\/malopozoriste.smashingpixel.net\/#\/schema\/logo\/image\/"},"sameAs":["https:\/\/www.facebook.com\/malopozoriste1948#"]},{"@type":"Person","@id":"https:\/\/malopozoriste.smashingpixel.net\/#\/schema\/person\/a0e780274f587f25a77993e82d795701","name":"P0p4r7","image":{"@type":"ImageObject","inLanguage":"sr-latn","@id":"https:\/\/secure.gravatar.com\/avatar\/3072a7becae851e6c69fcb1a91018459754a5f928756e72b9d22e7a452300b5e?s=96&d=mm&r=g","url":"https:\/\/secure.gravatar.com\/avatar\/3072a7becae851e6c69fcb1a91018459754a5f928756e72b9d22e7a452300b5e?s=96&d=mm&r=g","contentUrl":"https:\/\/secure.gravatar.com\/avatar\/3072a7becae851e6c69fcb1a91018459754a5f928756e72b9d22e7a452300b5e?s=96&d=mm&r=g","caption":"P0p4r7"},"url":"https:\/\/malopozoriste.smashingpixel.net\/sr-latn\/author\/p0p4r7\/"}]}},"_links":{"self":[{"href":"https:\/\/malopozoriste.smashingpixel.net\/sr-latn\/wp-json\/wp\/v2\/posts\/17520","targetHints":{"allow":["GET"]}}],"collection":[{"href":"https:\/\/malopozoriste.smashingpixel.net\/sr-latn\/wp-json\/wp\/v2\/posts"}],"about":[{"href":"https:\/\/malopozoriste.smashingpixel.net\/sr-latn\/wp-json\/wp\/v2\/types\/post"}],"author":[{"embeddable":true,"href":"https:\/\/malopozoriste.smashingpixel.net\/sr-latn\/wp-json\/wp\/v2\/users\/5"}],"replies":[{"embeddable":true,"href":"https:\/\/malopozoriste.smashingpixel.net\/sr-latn\/wp-json\/wp\/v2\/comments?post=17520"}],"version-history":[{"count":0,"href":"https:\/\/malopozoriste.smashingpixel.net\/sr-latn\/wp-json\/wp\/v2\/posts\/17520\/revisions"}],"wp:featuredmedia":[{"embeddable":true,"href":"https:\/\/malopozoriste.smashingpixel.net\/sr-latn\/wp-json\/wp\/v2\/media\/17511"}],"wp:attachment":[{"href":"https:\/\/malopozoriste.smashingpixel.net\/sr-latn\/wp-json\/wp\/v2\/media?parent=17520"}],"wp:term":[{"taxonomy":"category","embeddable":true,"href":"https:\/\/malopozoriste.smashingpixel.net\/sr-latn\/wp-json\/wp\/v2\/categories?post=17520"},{"taxonomy":"post_tag","embeddable":true,"href":"https:\/\/malopozoriste.smashingpixel.net\/sr-latn\/wp-json\/wp\/v2\/tags?post=17520"}],"curies":[{"name":"wp","href":"https:\/\/api.w.org\/{rel}","templated":true}]}}