{"id":17958,"date":"2026-03-18T10:47:31","date_gmt":"2026-03-18T10:47:31","guid":{"rendered":"https:\/\/malopozoriste.smashingpixel.net\/karneval-pozorista-za-decu-i-mlade-citav-grad-je-pozornica\/"},"modified":"2026-03-18T10:58:53","modified_gmt":"2026-03-18T10:58:53","slug":"karneval-pozorista-za-decu-i-mlade-citav-grad-je-pozornica","status":"publish","type":"post","link":"https:\/\/malopozoriste.smashingpixel.net\/sr-latn\/karneval-pozorista-za-decu-i-mlade-citav-grad-je-pozornica\/","title":{"rendered":"Karneval pozori\u0161ta za decu i mlade \u201e\u010citav grad je pozornica\u201c"},"content":{"rendered":"\t\t<div data-elementor-type=\"wp-post\" data-elementor-id=\"17958\" class=\"elementor elementor-17958 elementor-17948\" data-elementor-post-type=\"post\">\n\t\t\t\t<div class=\"elementor-element elementor-element-796e8ef e-flex e-con-boxed e-con e-parent\" data-id=\"796e8ef\" data-element_type=\"container\" data-e-type=\"container\">\n\t\t\t\t\t<div class=\"e-con-inner\">\n\t\t\t\t<div class=\"elementor-element elementor-element-7c7c294 elementor-widget elementor-widget-heading\" data-id=\"7c7c294\" data-element_type=\"widget\" data-e-type=\"widget\" data-widget_type=\"heading.default\">\n\t\t\t\t<div class=\"elementor-widget-container\">\n\t\t\t\t\t<h2 class=\"elementor-heading-title elementor-size-default\">Karneval pozori\u0161ta za decu i mlade \u201e\u010citav grad je pozornica\u201c<\/h2>\t\t\t\t<\/div>\n\t\t\t\t<\/div>\n\t\t\t\t\t<\/div>\n\t\t\t\t<\/div>\n\t\t<div class=\"elementor-element elementor-element-cf34186 e-flex e-con-boxed e-con e-parent\" data-id=\"cf34186\" data-element_type=\"container\" data-e-type=\"container\">\n\t\t\t\t\t<div class=\"e-con-inner\">\n\t\t\t\t<div class=\"elementor-element elementor-element-68e9070 elementor-widget elementor-widget-spacer\" data-id=\"68e9070\" data-element_type=\"widget\" data-e-type=\"widget\" data-widget_type=\"spacer.default\">\n\t\t\t\t<div class=\"elementor-widget-container\">\n\t\t\t\t\t\t\t<div class=\"elementor-spacer\">\n\t\t\t<div class=\"elementor-spacer-inner\"><\/div>\n\t\t<\/div>\n\t\t\t\t\t\t<\/div>\n\t\t\t\t<\/div>\n\t\t\t\t\t<\/div>\n\t\t\t\t<\/div>\n\t\t<div class=\"elementor-element elementor-element-fb34c9c e-flex e-con-boxed e-con e-parent\" data-id=\"fb34c9c\" data-element_type=\"container\" data-e-type=\"container\">\n\t\t\t\t\t<div class=\"e-con-inner\">\n\t\t\t\t<div class=\"elementor-element elementor-element-bcc30d9 elementor-widget elementor-widget-text-editor\" data-id=\"bcc30d9\" data-element_type=\"widget\" data-e-type=\"widget\" data-widget_type=\"text-editor.default\">\n\t\t\t\t<div class=\"elementor-widget-container\">\n\t\t\t\t\t\t\t\t\t<p>Svetski dan pozori\u0161ta za decu i mlade bi\u0107e obele\u017een velikim programom na Trgu republike<\/p>\n<p>Beograd \u0107e u petak 20. marta na prvi dan prole\u0107a i Svetski dan pozori\u0161ta za decu i mlade, biti doma\u0107in velike karnevalske povorke dece koja \u0107e okupiti mali\u0161ane iz pred\u0161kolskih ustanova i u\u010denike prvih razreda osnovnih \u0161kola.<\/p>\n<p>Program po\u010dinje u 10 \u010dasova kada \u0107e se mali\u0161ani okupiti ispred Srpske akademije nauka i umetnosti (SANU), odakle \u0107e uz Orkestar Policije Srbije, krenuti sve\u010dana karnevalska povorka Knez Mihailovom ulicom do Trga republike.<\/p>\n<p>Na centralnoj bini na Trgu republike nastupi\u0107e horovi De\u010djeg kulturnog centra Beograd, dok \u0107e na osam razli\u010ditih scenskih punktova biti organizovani interaktivni pozori\u0161ni programi namenjeni najmla\u0111oj publici.<\/p>\n<p>U programu u\u010destvuju Pozori\u0161te \u201eBo\u0161ko Buha\u201c, Malo pozori\u0161te \u201eDu\u0161ko Radovi\u0107\u201c, Pozori\u0161te lutaka \u201ePinokio\u201c i Pozori\u0161te \u201ePu\u017e\u201c, koji \u0107e kroz susret sa publikom predstaviti pozori\u0161ne rekvizite, delove scenografije, lutke i razli\u010dite scenske tehnike. Deca \u0107e imati priliku da aktivno u\u010destvuju u programu i upoznaju proces nastanka pozori\u0161ne predstave, kao i razli\u010dite oblike scenskog izraza.<\/p>\n<p>Ova manifestacija ima za cilj da najmla\u0111im Beogra\u0111anima pribli\u017ei svet pozori\u0161ta, podstakne njihovu ma\u0161tu i kreativnost, kao i da uka\u017ee na zna\u010daj umetnosti i kulture u odrastanju dece.<\/p>\n<p>Program organizuju Sekretarijat za kulturu Grada Beograda, Sekretarijat za obrazovanje i de\u010dju za\u0161titu, Sekretarijat za poslove odbrane, vanrednih situacija i koordinaciju i Gradska op\u0161tina Stari grad.<\/p>\n<hr \/>\n<p>Nedelja pozori\u0161ta za decu i mlade<\/p>\n<p>Nakon karnevalske povorke, u narednih nedelju dana beogradska pozori\u0161ta za decu otvori\u0107e svoja vrata najmla\u0111oj publici kroz niz posebnih programa, radionica, susreta sa umetnicima i otvorenih scena.<\/p>\n<p>Na ovaj na\u010din bi\u0107e obele\u017eeni i 21. mart \u2014 Svetski dan lutkarstva, kao i 27. mart \u2014 Svetski dan pozori\u0161ta, \u010dime \u0107e se tokom cele nedelje dodatno ukazati na zna\u010daj pozori\u0161ne umetnosti u obrazovanju i kulturnom odrastanju dece i mladih.<\/p>\n<p>Publika \u0107e imati priliku da zaviri iza kulisa pozori\u0161ta, upozna se sa procesom nastanka predstave, kao i da kroz kreativne radionice i razgovore sa umetnicima otkrije bogat i raznovrstan svet scenske umetnosti namenjene najmla\u0111ima.<\/p>\n<hr \/>\n<p>Malo pozori\u0161te \u201eDu\u0161ko Radovi\u0107\u201c<\/p>\n<p>Malo pozori\u0161te \u201eDu\u0161ko Radovi\u0107\u201c i u narednim danima nastavlja sa bogatim repertoarom za decu, mlade i odrasle, uz poseban program povodom Svetskog dana lutkarstva.<\/p>\n<p>Na repertoaru je predstava \u201eTesla\u201c u subotu od 17.00 \u010dasova, po tekstu Mine Milo\u0161evi\u0107, u re\u017eiji Ivana Baleti\u0107a.<\/p>\n<p>U nedelju od 12.00 \u010dasova publika \u0107e biti u prilici da pogleda predstavu \u201eGuliver\u201c, nastalu po motivima \u201eGuliverovih putovanja\u201c D\u017eonatana Svifta, po tekstu Zorana \u0110eri\u0107a i u re\u017eiji Isidore Gonci\u0107. Istog dana, od 13.00 \u010dasova, povodom Svetskog dana lutkarstva, bi\u0107e odr\u017eana i likovna radionica za decu \u201eTajna ulice\u201c, koju vodi umetnica i art pedagog Danica Radumilo.<\/p>\n<p>U utorak, 24. marta od 10.30 \u010dasova na repertoaru je predstava \u201eKako je ozdravio Cvr\u010dak\u201c Tona Telehena, u re\u017eiji Nikole Zavi\u0161i\u0107a, dok \u0107e istog dana od 20.00 \u010dasova biti izvedena predstava \u201eSjaj zvezda na plafonu\u201c, po motivima romana Juhane Tidel, u dramatizaciji Tijane Grumi\u0107 i re\u017eiji Damjana Kecojevi\u0107a.<\/p>\n<p>U petak, 27. marta, na Svetski dan pozori\u0161ta, od 20.00 \u010dasova bi\u0107e izvedena predstava \u201eAko p\u010dele nestanu sa lica zemlje\u201c, po motivima romana \u201eOmladina bez boga\u201c Edena fon Horvata, u dramatizaciji Tijane Grumi\u0107 i re\u017eiji Anje Su\u0161e.<\/p>\n<hr \/>\n<p>Pozori\u0161te \u201eBo\u0161ko Buha\u201c<\/p>\n<p>Buhin \u0161kolski karavan bi\u0107e odr\u017ean u petak, 20. marta u O\u0160 \u201eDanilo Ki\u0161\u201c. Ovim projektom u\u010denicima 4. i 8. razreda bi\u0107e predstavljena razli\u010dita zanimanja u pozori\u0161tu. Predava\u010di su glumci Pozori\u0161ta \u201eBo\u0161ko Buha\u201c: \u0110or\u0111e Kadijevi\u0107, Boba Latinovi\u0107 i Borka Tomovi\u0107, zatim \u0110ur\u0111a Te\u0161i\u0107, rediteljka i umetni\u010dka direktorka pozori\u0161ta, Dragica Lau\u0161evi\u0107, kostimografkinja i Marko Ran\u010di\u0107, inspicijent i sufler.<\/p>\n<p>Na redovnom repertoaru, u subotu 21. marta u 12.00 \u010dasova bi\u0107e izvedena predstava \u201ePepeljuga\u201c Igora Bojovi\u0107a, u re\u017eiji Ive Milo\u0161evi\u0107, u Teatru \u201eVuk\u201c. U ponedeljak, 23. marta u 19.00 \u010dasova na programu je \u201eTajni dnevnik Adrijana Mola\u201c Sju Taunzend, u dramatizaciji Milene Depolo i re\u017eiji Tatjane Mandi\u0107 Rigonat. U petak, 27. marta u 12.00 \u010dasova bi\u0107e izvedena predstava \u201eTri musketara\u201c Kena Ludviga, u dramatizaciji Slobodana Popovi\u0107a i re\u017eiji Ivana Vukovi\u0107a, u Teatru \u201eVuk\u201c.<\/p>\n<p>Nakon predstave \u201eTri musketara\u201c bi\u0107e odr\u017eana tribina \u201eSvi za jednog \u2014 jedan za sve\u201c. Moderatori su Milena Depolo, dramatur\u0161kinja Pozori\u0161ta \u201eBo\u0161ko Buha\u201c, i Marija Manojlovi\u0107, psiholog. U\u010desnici su glumci Viktor Savi\u0107 i Stefan Trifunovi\u0107.<\/p>\n<hr \/>\n<p>Pozori\u0161te lutaka \u201ePinokio\u201c<\/p>\n<p>Pozori\u0161te lutaka \u201ePinokio\u201c \u0107e u periodu od 23. do 27. marta realizovati gostovanja u \u0161kolama i ustanovama koje pru\u017eaju podr\u0161ku deci bez roditeljskog staranja i deci sa smetnjama u razvoju i invaliditetom. Predstave \u0107e biti pa\u017eljivo osmi\u0161ljene i prilago\u0111ene uzrastu i potrebama publike, sa posebnim akcentom na interaktivnost, razumevanje i stvaranje podsticajnog i pozitivnog okru\u017eenja. Tim povodom bi\u0107e izvedena predstava \u201ePsi\u0107 Tobi\u201c u O\u0160 \u201eNovi Beograd\u201c, Ustanovi za decu i mlade \u201eSrem\u010dica\u201c i Prihvatili\u0161tu za decu Beograda.<\/p>\n<p>Pozori\u0161te lutaka \u201ePinokio\u201c \u0107e Svetski dan lutkarstva, 21. marta 2026. godine, obele\u017eiti izvo\u0111enjem predstava u okviru redovnog repertoara: u 10 \u010dasova \u201eZora i San\u201c, autorski projekat Mine \u0106iri\u0107; u 12 \u010dasova \u201ePinokio\u201c, po tekstu Alekseja Tolstoja i Eve Borisove, u re\u017eiji \u017divomira Jokovi\u0107a; i u 17 \u010dasova \u201ePsi\u0107 Tobi\u201c, po motivima pri\u010de Zdenjeka Florijana, u re\u017eiji \u017divomira Jokovi\u0107a.<\/p>\n<p>Na repertoaru 22. marta su predstave: u 12 \u010dasova \u201eVuk i sedam jari\u0107a\u201c, u dramatizaciji Jelene Paligori\u0107 Sinkevi\u0107 i re\u017eiji Gorana Damjanca, i u 17 \u010dasova \u201eAlisa u zemlji \u010duda\u201c, po motivima pri\u010de Luisa Kerola, u re\u017eiji Ivane Koraksi\u0107.<\/p>\n\t\t\t\t\t\t\t\t<\/div>\n\t\t\t\t<\/div>\n\t\t\t\t\t<\/div>\n\t\t\t\t<\/div>\n\t\t\t\t<\/div>\n\t\t","protected":false},"excerpt":{"rendered":"Karneval pozori\u0161ta za decu i mlade \u201e\u010citav grad je pozornica\u201c Svetski dan pozori\u0161ta za decu i mlade bi\u0107e obele\u017een velikim programom na Trgu republike Beograd \u0107e u petak 20. marta na prvi dan prole\u0107a i Svetski dan pozori\u0161ta za decu i mlade, biti doma\u0107in velike karnevalske povorke dece koja \u0107e okupiti mali\u0161ane iz pred\u0161kolskih ustanova [&hellip;]","protected":false},"author":5,"featured_media":17951,"comment_status":"closed","ping_status":"open","sticky":false,"template":"elementor_header_footer","format":"standard","meta":{"_acf_changed":false,"ocean_front_end_style_editor":"no","ocean_post_layout":"","ocean_both_sidebars_style":"","ocean_both_sidebars_content_width":0,"ocean_both_sidebars_sidebars_width":0,"ocean_sidebar":"0","ocean_second_sidebar":"0","ocean_disable_margins":"enable","ocean_add_body_class":"","ocean_shortcode_before_top_bar":"","ocean_shortcode_after_top_bar":"","ocean_shortcode_before_header":"","ocean_shortcode_after_header":"","ocean_has_shortcode":"","ocean_shortcode_after_title":"","ocean_shortcode_before_footer_widgets":"","ocean_shortcode_after_footer_widgets":"","ocean_shortcode_before_footer_bottom":"","ocean_shortcode_after_footer_bottom":"","ocean_display_top_bar":"default","ocean_display_header":"default","ocean_header_style":"","ocean_center_header_left_menu":"0","ocean_custom_header_template":"0","ocean_custom_logo":0,"ocean_custom_retina_logo":0,"ocean_custom_logo_max_width":0,"ocean_custom_logo_tablet_max_width":0,"ocean_custom_logo_mobile_max_width":0,"ocean_custom_logo_max_height":0,"ocean_custom_logo_tablet_max_height":0,"ocean_custom_logo_mobile_max_height":0,"ocean_header_custom_menu":"0","ocean_menu_typo_font_family":"0","ocean_menu_typo_font_subset":"","ocean_menu_typo_font_size":0,"ocean_menu_typo_font_size_tablet":0,"ocean_menu_typo_font_size_mobile":0,"ocean_menu_typo_font_size_unit":"px","ocean_menu_typo_font_weight":"","ocean_menu_typo_font_weight_tablet":"","ocean_menu_typo_font_weight_mobile":"","ocean_menu_typo_transform":"","ocean_menu_typo_transform_tablet":"","ocean_menu_typo_transform_mobile":"","ocean_menu_typo_line_height":0,"ocean_menu_typo_line_height_tablet":0,"ocean_menu_typo_line_height_mobile":0,"ocean_menu_typo_line_height_unit":"","ocean_menu_typo_spacing":0,"ocean_menu_typo_spacing_tablet":0,"ocean_menu_typo_spacing_mobile":0,"ocean_menu_typo_spacing_unit":"","ocean_menu_link_color":"","ocean_menu_link_color_hover":"","ocean_menu_link_color_active":"","ocean_menu_link_background":"","ocean_menu_link_hover_background":"","ocean_menu_link_active_background":"","ocean_menu_social_links_bg":"","ocean_menu_social_hover_links_bg":"","ocean_menu_social_links_color":"","ocean_menu_social_hover_links_color":"","ocean_disable_title":"on","ocean_disable_heading":"default","ocean_post_title":"","ocean_post_subheading":"","ocean_post_title_style":"","ocean_post_title_background_color":"","ocean_post_title_background":0,"ocean_post_title_bg_image_position":"","ocean_post_title_bg_image_attachment":"","ocean_post_title_bg_image_repeat":"","ocean_post_title_bg_image_size":"","ocean_post_title_height":0,"ocean_post_title_bg_overlay":0.5,"ocean_post_title_bg_overlay_color":"","ocean_disable_breadcrumbs":"off","ocean_breadcrumbs_color":"","ocean_breadcrumbs_separator_color":"","ocean_breadcrumbs_links_color":"","ocean_breadcrumbs_links_hover_color":"","ocean_display_footer_widgets":"default","ocean_display_footer_bottom":"default","ocean_custom_footer_template":"0","ocean_post_oembed":"","ocean_post_self_hosted_media":"","ocean_post_video_embed":"","ocean_link_format":"","ocean_link_format_target":"self","ocean_quote_format":"","ocean_quote_format_link":"post","ocean_gallery_link_images":"on","ocean_gallery_id":[],"footnotes":""},"categories":[89],"tags":[],"class_list":["post-17958","post","type-post","status-publish","format-standard","has-post-thumbnail","hentry","category-uncategorized-sr-latn","entry","has-media"],"acf":[],"yoast_head":"<!-- This site is optimized with the Yoast SEO plugin v28.3 - https:\/\/yoast.com\/product\/yoast-seo-wordpress\/ -->\n<title>Karneval pozori\u0161ta za decu i mlade \u201e\u010citav grad je pozornica\u201c - malopozoriste<\/title>\n<meta name=\"robots\" content=\"index, follow, max-snippet:-1, max-image-preview:large, max-video-preview:-1\" \/>\n<link rel=\"canonical\" href=\"https:\/\/malopozoriste.smashingpixel.net\/\u043a\u0430\u0440\u043d\u0435\u0432\u0430\u043b-\u043f\u043e\u0437\u043e\u0440\u0438\u0448\u0442\u0430-\u0437\u0430-\u0434\u0435\u0446\u0443-\u0438-\u043c\u043b\u0430\u0434\u0435-\u0447\/\" \/>\n<meta property=\"og:locale\" content=\"en_US\" \/>\n<meta property=\"og:type\" content=\"article\" \/>\n<meta property=\"og:title\" content=\"Karneval pozori\u0161ta za decu i mlade \u201e\u010citav grad je pozornica\u201c - malopozoriste\" \/>\n<meta property=\"og:description\" content=\"Karneval pozori\u0161ta za decu i mlade \u201e\u010citav grad je pozornica\u201c Svetski dan pozori\u0161ta za decu i mlade bi\u0107e obele\u017een velikim programom na Trgu republike Beograd \u0107e u petak 20. marta na prvi dan prole\u0107a i Svetski dan pozori\u0161ta za decu i mlade, biti doma\u0107in velike karnevalske povorke dece koja \u0107e okupiti mali\u0161ane iz pred\u0161kolskih ustanova [&hellip;]\" \/>\n<meta property=\"og:url\" content=\"https:\/\/malopozoriste.smashingpixel.net\/\u043a\u0430\u0440\u043d\u0435\u0432\u0430\u043b-\u043f\u043e\u0437\u043e\u0440\u0438\u0448\u0442\u0430-\u0437\u0430-\u0434\u0435\u0446\u0443-\u0438-\u043c\u043b\u0430\u0434\u0435-\u0447\/\" \/>\n<meta property=\"og:site_name\" content=\"malopozoriste\" \/>\n<meta property=\"article:publisher\" content=\"https:\/\/www.facebook.com\/malopozoriste1948#\" \/>\n<meta property=\"article:published_time\" content=\"2026-03-18T10:47:31+00:00\" \/>\n<meta property=\"article:modified_time\" content=\"2026-03-18T10:58:53+00:00\" \/>\n<meta property=\"og:image\" content=\"https:\/\/malopozoriste.smashingpixel.net\/wp-content\/uploads\/2026\/03\/citav-grad-je-pozornica.png\" \/>\n\t<meta property=\"og:image:width\" content=\"417\" \/>\n\t<meta property=\"og:image:height\" content=\"514\" \/>\n\t<meta property=\"og:image:type\" content=\"image\/png\" \/>\n<meta name=\"author\" content=\"P0p4r7\" \/>\n<meta name=\"twitter:card\" content=\"summary_large_image\" \/>\n<meta name=\"twitter:label1\" content=\"Written by\" \/>\n\t<meta name=\"twitter:data1\" content=\"P0p4r7\" \/>\n\t<meta name=\"twitter:label2\" content=\"Est. reading time\" \/>\n\t<meta name=\"twitter:data2\" content=\"5 minutes\" \/>\n<script type=\"application\/ld+json\" class=\"yoast-schema-graph\">{\"@context\":\"https:\\\/\\\/schema.org\",\"@graph\":[{\"@type\":\"Article\",\"@id\":\"https:\\\/\\\/malopozoriste.smashingpixel.net\\\/%d0%ba%d0%b0%d1%80%d0%bd%d0%b5%d0%b2%d0%b0%d0%bb-%d0%bf%d0%be%d0%b7%d0%be%d1%80%d0%b8%d1%88%d1%82%d0%b0-%d0%b7%d0%b0-%d0%b4%d0%b5%d1%86%d1%83-%d0%b8-%d0%bc%d0%bb%d0%b0%d0%b4%d0%b5-%d1%87\\\/#article\",\"isPartOf\":{\"@id\":\"https:\\\/\\\/malopozoriste.smashingpixel.net\\\/%d0%ba%d0%b0%d1%80%d0%bd%d0%b5%d0%b2%d0%b0%d0%bb-%d0%bf%d0%be%d0%b7%d0%be%d1%80%d0%b8%d1%88%d1%82%d0%b0-%d0%b7%d0%b0-%d0%b4%d0%b5%d1%86%d1%83-%d0%b8-%d0%bc%d0%bb%d0%b0%d0%b4%d0%b5-%d1%87\\\/\"},\"author\":{\"name\":\"P0p4r7\",\"@id\":\"https:\\\/\\\/malopozoriste.smashingpixel.net\\\/#\\\/schema\\\/person\\\/a0e780274f587f25a77993e82d795701\"},\"headline\":\"Karneval pozori\u0161ta za decu i mlade \u201e\u010citav grad je pozornica\u201c\",\"datePublished\":\"2026-03-18T10:47:31+00:00\",\"dateModified\":\"2026-03-18T10:58:53+00:00\",\"mainEntityOfPage\":{\"@id\":\"https:\\\/\\\/malopozoriste.smashingpixel.net\\\/%d0%ba%d0%b0%d1%80%d0%bd%d0%b5%d0%b2%d0%b0%d0%bb-%d0%bf%d0%be%d0%b7%d0%be%d1%80%d0%b8%d1%88%d1%82%d0%b0-%d0%b7%d0%b0-%d0%b4%d0%b5%d1%86%d1%83-%d0%b8-%d0%bc%d0%bb%d0%b0%d0%b4%d0%b5-%d1%87\\\/\"},\"wordCount\":973,\"publisher\":{\"@id\":\"https:\\\/\\\/malopozoriste.smashingpixel.net\\\/#organization\"},\"image\":{\"@id\":\"https:\\\/\\\/malopozoriste.smashingpixel.net\\\/%d0%ba%d0%b0%d1%80%d0%bd%d0%b5%d0%b2%d0%b0%d0%bb-%d0%bf%d0%be%d0%b7%d0%be%d1%80%d0%b8%d1%88%d1%82%d0%b0-%d0%b7%d0%b0-%d0%b4%d0%b5%d1%86%d1%83-%d0%b8-%d0%bc%d0%bb%d0%b0%d0%b4%d0%b5-%d1%87\\\/#primaryimage\"},\"thumbnailUrl\":\"https:\\\/\\\/malopozoriste.smashingpixel.net\\\/wp-content\\\/uploads\\\/2026\\\/03\\\/citav-grad-je-pozornica.png\",\"articleSection\":[\"Uncategorized @sr-latn\"],\"inLanguage\":\"sr-latn\"},{\"@type\":\"WebPage\",\"@id\":\"https:\\\/\\\/malopozoriste.smashingpixel.net\\\/%d0%ba%d0%b0%d1%80%d0%bd%d0%b5%d0%b2%d0%b0%d0%bb-%d0%bf%d0%be%d0%b7%d0%be%d1%80%d0%b8%d1%88%d1%82%d0%b0-%d0%b7%d0%b0-%d0%b4%d0%b5%d1%86%d1%83-%d0%b8-%d0%bc%d0%bb%d0%b0%d0%b4%d0%b5-%d1%87\\\/\",\"url\":\"https:\\\/\\\/malopozoriste.smashingpixel.net\\\/%d0%ba%d0%b0%d1%80%d0%bd%d0%b5%d0%b2%d0%b0%d0%bb-%d0%bf%d0%be%d0%b7%d0%be%d1%80%d0%b8%d1%88%d1%82%d0%b0-%d0%b7%d0%b0-%d0%b4%d0%b5%d1%86%d1%83-%d0%b8-%d0%bc%d0%bb%d0%b0%d0%b4%d0%b5-%d1%87\\\/\",\"name\":\"Karneval pozori\u0161ta za decu i mlade \u201e\u010citav grad je pozornica\u201c - malopozoriste\",\"isPartOf\":{\"@id\":\"https:\\\/\\\/malopozoriste.smashingpixel.net\\\/#website\"},\"primaryImageOfPage\":{\"@id\":\"https:\\\/\\\/malopozoriste.smashingpixel.net\\\/%d0%ba%d0%b0%d1%80%d0%bd%d0%b5%d0%b2%d0%b0%d0%bb-%d0%bf%d0%be%d0%b7%d0%be%d1%80%d0%b8%d1%88%d1%82%d0%b0-%d0%b7%d0%b0-%d0%b4%d0%b5%d1%86%d1%83-%d0%b8-%d0%bc%d0%bb%d0%b0%d0%b4%d0%b5-%d1%87\\\/#primaryimage\"},\"image\":{\"@id\":\"https:\\\/\\\/malopozoriste.smashingpixel.net\\\/%d0%ba%d0%b0%d1%80%d0%bd%d0%b5%d0%b2%d0%b0%d0%bb-%d0%bf%d0%be%d0%b7%d0%be%d1%80%d0%b8%d1%88%d1%82%d0%b0-%d0%b7%d0%b0-%d0%b4%d0%b5%d1%86%d1%83-%d0%b8-%d0%bc%d0%bb%d0%b0%d0%b4%d0%b5-%d1%87\\\/#primaryimage\"},\"thumbnailUrl\":\"https:\\\/\\\/malopozoriste.smashingpixel.net\\\/wp-content\\\/uploads\\\/2026\\\/03\\\/citav-grad-je-pozornica.png\",\"datePublished\":\"2026-03-18T10:47:31+00:00\",\"dateModified\":\"2026-03-18T10:58:53+00:00\",\"breadcrumb\":{\"@id\":\"https:\\\/\\\/malopozoriste.smashingpixel.net\\\/%d0%ba%d0%b0%d1%80%d0%bd%d0%b5%d0%b2%d0%b0%d0%bb-%d0%bf%d0%be%d0%b7%d0%be%d1%80%d0%b8%d1%88%d1%82%d0%b0-%d0%b7%d0%b0-%d0%b4%d0%b5%d1%86%d1%83-%d0%b8-%d0%bc%d0%bb%d0%b0%d0%b4%d0%b5-%d1%87\\\/#breadcrumb\"},\"inLanguage\":\"sr-latn\",\"potentialAction\":[{\"@type\":\"ReadAction\",\"target\":[\"https:\\\/\\\/malopozoriste.smashingpixel.net\\\/%d0%ba%d0%b0%d1%80%d0%bd%d0%b5%d0%b2%d0%b0%d0%bb-%d0%bf%d0%be%d0%b7%d0%be%d1%80%d0%b8%d1%88%d1%82%d0%b0-%d0%b7%d0%b0-%d0%b4%d0%b5%d1%86%d1%83-%d0%b8-%d0%bc%d0%bb%d0%b0%d0%b4%d0%b5-%d1%87\\\/\"]}]},{\"@type\":\"ImageObject\",\"inLanguage\":\"sr-latn\",\"@id\":\"https:\\\/\\\/malopozoriste.smashingpixel.net\\\/%d0%ba%d0%b0%d1%80%d0%bd%d0%b5%d0%b2%d0%b0%d0%bb-%d0%bf%d0%be%d0%b7%d0%be%d1%80%d0%b8%d1%88%d1%82%d0%b0-%d0%b7%d0%b0-%d0%b4%d0%b5%d1%86%d1%83-%d0%b8-%d0%bc%d0%bb%d0%b0%d0%b4%d0%b5-%d1%87\\\/#primaryimage\",\"url\":\"https:\\\/\\\/malopozoriste.smashingpixel.net\\\/wp-content\\\/uploads\\\/2026\\\/03\\\/citav-grad-je-pozornica.png\",\"contentUrl\":\"https:\\\/\\\/malopozoriste.smashingpixel.net\\\/wp-content\\\/uploads\\\/2026\\\/03\\\/citav-grad-je-pozornica.png\",\"width\":417,\"height\":514},{\"@type\":\"BreadcrumbList\",\"@id\":\"https:\\\/\\\/malopozoriste.smashingpixel.net\\\/%d0%ba%d0%b0%d1%80%d0%bd%d0%b5%d0%b2%d0%b0%d0%bb-%d0%bf%d0%be%d0%b7%d0%be%d1%80%d0%b8%d1%88%d1%82%d0%b0-%d0%b7%d0%b0-%d0%b4%d0%b5%d1%86%d1%83-%d0%b8-%d0%bc%d0%bb%d0%b0%d0%b4%d0%b5-%d1%87\\\/#breadcrumb\",\"itemListElement\":[{\"@type\":\"ListItem\",\"position\":1,\"name\":\"\u041f\u043e\u0447\u0435\u0442\u043d\u0430\",\"item\":\"https:\\\/\\\/malopozoriste.smashingpixel.net\\\/sr-latn\\\/home\\\/\"},{\"@type\":\"ListItem\",\"position\":2,\"name\":\"Karneval pozori\u0161ta za decu i mlade \u201e\u010citav grad je pozornica\u201c\"}]},{\"@type\":\"WebSite\",\"@id\":\"https:\\\/\\\/malopozoriste.smashingpixel.net\\\/#website\",\"url\":\"https:\\\/\\\/malopozoriste.smashingpixel.net\\\/\",\"name\":\"malopozoriste\",\"description\":\"\",\"publisher\":{\"@id\":\"https:\\\/\\\/malopozoriste.smashingpixel.net\\\/#organization\"},\"potentialAction\":[{\"@type\":\"SearchAction\",\"target\":{\"@type\":\"EntryPoint\",\"urlTemplate\":\"https:\\\/\\\/malopozoriste.smashingpixel.net\\\/?s={search_term_string}\"},\"query-input\":{\"@type\":\"PropertyValueSpecification\",\"valueRequired\":true,\"valueName\":\"search_term_string\"}}],\"inLanguage\":\"sr-latn\"},{\"@type\":\"Organization\",\"@id\":\"https:\\\/\\\/malopozoriste.smashingpixel.net\\\/#organization\",\"name\":\"\u041c\u0430\u043b\u043e \u043f\u043e\u0437\u043e\u0440\u0438\u0448\u0442\u0435 \u0414\u0443\u0448\u043a\u043e \u0420\u0430\u0434\u043e\u0432\u0438\u045b\",\"url\":\"https:\\\/\\\/malopozoriste.smashingpixel.net\\\/\",\"logo\":{\"@type\":\"ImageObject\",\"inLanguage\":\"sr-latn\",\"@id\":\"https:\\\/\\\/malopozoriste.smashingpixel.net\\\/#\\\/schema\\\/logo\\\/image\\\/\",\"url\":\"https:\\\/\\\/malopozoriste.smashingpixel.net\\\/wp-content\\\/uploads\\\/2024\\\/03\\\/malo_pozoriste_logo142x140.png\",\"contentUrl\":\"https:\\\/\\\/malopozoriste.smashingpixel.net\\\/wp-content\\\/uploads\\\/2024\\\/03\\\/malo_pozoriste_logo142x140.png\",\"width\":142,\"height\":140,\"caption\":\"\u041c\u0430\u043b\u043e \u043f\u043e\u0437\u043e\u0440\u0438\u0448\u0442\u0435 \u0414\u0443\u0448\u043a\u043e \u0420\u0430\u0434\u043e\u0432\u0438\u045b\"},\"image\":{\"@id\":\"https:\\\/\\\/malopozoriste.smashingpixel.net\\\/#\\\/schema\\\/logo\\\/image\\\/\"},\"sameAs\":[\"https:\\\/\\\/www.facebook.com\\\/malopozoriste1948#\"]},{\"@type\":\"Person\",\"@id\":\"https:\\\/\\\/malopozoriste.smashingpixel.net\\\/#\\\/schema\\\/person\\\/a0e780274f587f25a77993e82d795701\",\"name\":\"P0p4r7\",\"image\":{\"@type\":\"ImageObject\",\"inLanguage\":\"sr-latn\",\"@id\":\"https:\\\/\\\/secure.gravatar.com\\\/avatar\\\/3072a7becae851e6c69fcb1a91018459754a5f928756e72b9d22e7a452300b5e?s=96&d=mm&r=g\",\"url\":\"https:\\\/\\\/secure.gravatar.com\\\/avatar\\\/3072a7becae851e6c69fcb1a91018459754a5f928756e72b9d22e7a452300b5e?s=96&d=mm&r=g\",\"contentUrl\":\"https:\\\/\\\/secure.gravatar.com\\\/avatar\\\/3072a7becae851e6c69fcb1a91018459754a5f928756e72b9d22e7a452300b5e?s=96&d=mm&r=g\",\"caption\":\"P0p4r7\"},\"url\":\"https:\\\/\\\/malopozoriste.smashingpixel.net\\\/sr-latn\\\/author\\\/p0p4r7\\\/\"}]}<\/script>\n<!-- \/ Yoast SEO plugin. -->","yoast_head_json":{"title":"Karneval pozori\u0161ta za decu i mlade \u201e\u010citav grad je pozornica\u201c - malopozoriste","robots":{"index":"index","follow":"follow","max-snippet":"max-snippet:-1","max-image-preview":"max-image-preview:large","max-video-preview":"max-video-preview:-1"},"canonical":"https:\/\/malopozoriste.smashingpixel.net\/\u043a\u0430\u0440\u043d\u0435\u0432\u0430\u043b-\u043f\u043e\u0437\u043e\u0440\u0438\u0448\u0442\u0430-\u0437\u0430-\u0434\u0435\u0446\u0443-\u0438-\u043c\u043b\u0430\u0434\u0435-\u0447\/","og_locale":"en_US","og_type":"article","og_title":"Karneval pozori\u0161ta za decu i mlade \u201e\u010citav grad je pozornica\u201c - malopozoriste","og_description":"Karneval pozori\u0161ta za decu i mlade \u201e\u010citav grad je pozornica\u201c Svetski dan pozori\u0161ta za decu i mlade bi\u0107e obele\u017een velikim programom na Trgu republike Beograd \u0107e u petak 20. marta na prvi dan prole\u0107a i Svetski dan pozori\u0161ta za decu i mlade, biti doma\u0107in velike karnevalske povorke dece koja \u0107e okupiti mali\u0161ane iz pred\u0161kolskih ustanova [&hellip;]","og_url":"https:\/\/malopozoriste.smashingpixel.net\/\u043a\u0430\u0440\u043d\u0435\u0432\u0430\u043b-\u043f\u043e\u0437\u043e\u0440\u0438\u0448\u0442\u0430-\u0437\u0430-\u0434\u0435\u0446\u0443-\u0438-\u043c\u043b\u0430\u0434\u0435-\u0447\/","og_site_name":"malopozoriste","article_publisher":"https:\/\/www.facebook.com\/malopozoriste1948#","article_published_time":"2026-03-18T10:47:31+00:00","article_modified_time":"2026-03-18T10:58:53+00:00","og_image":[{"width":417,"height":514,"url":"https:\/\/malopozoriste.smashingpixel.net\/wp-content\/uploads\/2026\/03\/citav-grad-je-pozornica.png","type":"image\/png"}],"author":"P0p4r7","twitter_card":"summary_large_image","twitter_misc":{"Written by":"P0p4r7","Est. reading time":"5 minutes"},"schema":{"@context":"https:\/\/schema.org","@graph":[{"@type":"Article","@id":"https:\/\/malopozoriste.smashingpixel.net\/%d0%ba%d0%b0%d1%80%d0%bd%d0%b5%d0%b2%d0%b0%d0%bb-%d0%bf%d0%be%d0%b7%d0%be%d1%80%d0%b8%d1%88%d1%82%d0%b0-%d0%b7%d0%b0-%d0%b4%d0%b5%d1%86%d1%83-%d0%b8-%d0%bc%d0%bb%d0%b0%d0%b4%d0%b5-%d1%87\/#article","isPartOf":{"@id":"https:\/\/malopozoriste.smashingpixel.net\/%d0%ba%d0%b0%d1%80%d0%bd%d0%b5%d0%b2%d0%b0%d0%bb-%d0%bf%d0%be%d0%b7%d0%be%d1%80%d0%b8%d1%88%d1%82%d0%b0-%d0%b7%d0%b0-%d0%b4%d0%b5%d1%86%d1%83-%d0%b8-%d0%bc%d0%bb%d0%b0%d0%b4%d0%b5-%d1%87\/"},"author":{"name":"P0p4r7","@id":"https:\/\/malopozoriste.smashingpixel.net\/#\/schema\/person\/a0e780274f587f25a77993e82d795701"},"headline":"Karneval pozori\u0161ta za decu i mlade \u201e\u010citav grad je pozornica\u201c","datePublished":"2026-03-18T10:47:31+00:00","dateModified":"2026-03-18T10:58:53+00:00","mainEntityOfPage":{"@id":"https:\/\/malopozoriste.smashingpixel.net\/%d0%ba%d0%b0%d1%80%d0%bd%d0%b5%d0%b2%d0%b0%d0%bb-%d0%bf%d0%be%d0%b7%d0%be%d1%80%d0%b8%d1%88%d1%82%d0%b0-%d0%b7%d0%b0-%d0%b4%d0%b5%d1%86%d1%83-%d0%b8-%d0%bc%d0%bb%d0%b0%d0%b4%d0%b5-%d1%87\/"},"wordCount":973,"publisher":{"@id":"https:\/\/malopozoriste.smashingpixel.net\/#organization"},"image":{"@id":"https:\/\/malopozoriste.smashingpixel.net\/%d0%ba%d0%b0%d1%80%d0%bd%d0%b5%d0%b2%d0%b0%d0%bb-%d0%bf%d0%be%d0%b7%d0%be%d1%80%d0%b8%d1%88%d1%82%d0%b0-%d0%b7%d0%b0-%d0%b4%d0%b5%d1%86%d1%83-%d0%b8-%d0%bc%d0%bb%d0%b0%d0%b4%d0%b5-%d1%87\/#primaryimage"},"thumbnailUrl":"https:\/\/malopozoriste.smashingpixel.net\/wp-content\/uploads\/2026\/03\/citav-grad-je-pozornica.png","articleSection":["Uncategorized @sr-latn"],"inLanguage":"sr-latn"},{"@type":"WebPage","@id":"https:\/\/malopozoriste.smashingpixel.net\/%d0%ba%d0%b0%d1%80%d0%bd%d0%b5%d0%b2%d0%b0%d0%bb-%d0%bf%d0%be%d0%b7%d0%be%d1%80%d0%b8%d1%88%d1%82%d0%b0-%d0%b7%d0%b0-%d0%b4%d0%b5%d1%86%d1%83-%d0%b8-%d0%bc%d0%bb%d0%b0%d0%b4%d0%b5-%d1%87\/","url":"https:\/\/malopozoriste.smashingpixel.net\/%d0%ba%d0%b0%d1%80%d0%bd%d0%b5%d0%b2%d0%b0%d0%bb-%d0%bf%d0%be%d0%b7%d0%be%d1%80%d0%b8%d1%88%d1%82%d0%b0-%d0%b7%d0%b0-%d0%b4%d0%b5%d1%86%d1%83-%d0%b8-%d0%bc%d0%bb%d0%b0%d0%b4%d0%b5-%d1%87\/","name":"Karneval pozori\u0161ta za decu i mlade \u201e\u010citav grad je pozornica\u201c - malopozoriste","isPartOf":{"@id":"https:\/\/malopozoriste.smashingpixel.net\/#website"},"primaryImageOfPage":{"@id":"https:\/\/malopozoriste.smashingpixel.net\/%d0%ba%d0%b0%d1%80%d0%bd%d0%b5%d0%b2%d0%b0%d0%bb-%d0%bf%d0%be%d0%b7%d0%be%d1%80%d0%b8%d1%88%d1%82%d0%b0-%d0%b7%d0%b0-%d0%b4%d0%b5%d1%86%d1%83-%d0%b8-%d0%bc%d0%bb%d0%b0%d0%b4%d0%b5-%d1%87\/#primaryimage"},"image":{"@id":"https:\/\/malopozoriste.smashingpixel.net\/%d0%ba%d0%b0%d1%80%d0%bd%d0%b5%d0%b2%d0%b0%d0%bb-%d0%bf%d0%be%d0%b7%d0%be%d1%80%d0%b8%d1%88%d1%82%d0%b0-%d0%b7%d0%b0-%d0%b4%d0%b5%d1%86%d1%83-%d0%b8-%d0%bc%d0%bb%d0%b0%d0%b4%d0%b5-%d1%87\/#primaryimage"},"thumbnailUrl":"https:\/\/malopozoriste.smashingpixel.net\/wp-content\/uploads\/2026\/03\/citav-grad-je-pozornica.png","datePublished":"2026-03-18T10:47:31+00:00","dateModified":"2026-03-18T10:58:53+00:00","breadcrumb":{"@id":"https:\/\/malopozoriste.smashingpixel.net\/%d0%ba%d0%b0%d1%80%d0%bd%d0%b5%d0%b2%d0%b0%d0%bb-%d0%bf%d0%be%d0%b7%d0%be%d1%80%d0%b8%d1%88%d1%82%d0%b0-%d0%b7%d0%b0-%d0%b4%d0%b5%d1%86%d1%83-%d0%b8-%d0%bc%d0%bb%d0%b0%d0%b4%d0%b5-%d1%87\/#breadcrumb"},"inLanguage":"sr-latn","potentialAction":[{"@type":"ReadAction","target":["https:\/\/malopozoriste.smashingpixel.net\/%d0%ba%d0%b0%d1%80%d0%bd%d0%b5%d0%b2%d0%b0%d0%bb-%d0%bf%d0%be%d0%b7%d0%be%d1%80%d0%b8%d1%88%d1%82%d0%b0-%d0%b7%d0%b0-%d0%b4%d0%b5%d1%86%d1%83-%d0%b8-%d0%bc%d0%bb%d0%b0%d0%b4%d0%b5-%d1%87\/"]}]},{"@type":"ImageObject","inLanguage":"sr-latn","@id":"https:\/\/malopozoriste.smashingpixel.net\/%d0%ba%d0%b0%d1%80%d0%bd%d0%b5%d0%b2%d0%b0%d0%bb-%d0%bf%d0%be%d0%b7%d0%be%d1%80%d0%b8%d1%88%d1%82%d0%b0-%d0%b7%d0%b0-%d0%b4%d0%b5%d1%86%d1%83-%d0%b8-%d0%bc%d0%bb%d0%b0%d0%b4%d0%b5-%d1%87\/#primaryimage","url":"https:\/\/malopozoriste.smashingpixel.net\/wp-content\/uploads\/2026\/03\/citav-grad-je-pozornica.png","contentUrl":"https:\/\/malopozoriste.smashingpixel.net\/wp-content\/uploads\/2026\/03\/citav-grad-je-pozornica.png","width":417,"height":514},{"@type":"BreadcrumbList","@id":"https:\/\/malopozoriste.smashingpixel.net\/%d0%ba%d0%b0%d1%80%d0%bd%d0%b5%d0%b2%d0%b0%d0%bb-%d0%bf%d0%be%d0%b7%d0%be%d1%80%d0%b8%d1%88%d1%82%d0%b0-%d0%b7%d0%b0-%d0%b4%d0%b5%d1%86%d1%83-%d0%b8-%d0%bc%d0%bb%d0%b0%d0%b4%d0%b5-%d1%87\/#breadcrumb","itemListElement":[{"@type":"ListItem","position":1,"name":"\u041f\u043e\u0447\u0435\u0442\u043d\u0430","item":"https:\/\/malopozoriste.smashingpixel.net\/sr-latn\/home\/"},{"@type":"ListItem","position":2,"name":"Karneval pozori\u0161ta za decu i mlade \u201e\u010citav grad je pozornica\u201c"}]},{"@type":"WebSite","@id":"https:\/\/malopozoriste.smashingpixel.net\/#website","url":"https:\/\/malopozoriste.smashingpixel.net\/","name":"malopozoriste","description":"","publisher":{"@id":"https:\/\/malopozoriste.smashingpixel.net\/#organization"},"potentialAction":[{"@type":"SearchAction","target":{"@type":"EntryPoint","urlTemplate":"https:\/\/malopozoriste.smashingpixel.net\/?s={search_term_string}"},"query-input":{"@type":"PropertyValueSpecification","valueRequired":true,"valueName":"search_term_string"}}],"inLanguage":"sr-latn"},{"@type":"Organization","@id":"https:\/\/malopozoriste.smashingpixel.net\/#organization","name":"\u041c\u0430\u043b\u043e \u043f\u043e\u0437\u043e\u0440\u0438\u0448\u0442\u0435 \u0414\u0443\u0448\u043a\u043e \u0420\u0430\u0434\u043e\u0432\u0438\u045b","url":"https:\/\/malopozoriste.smashingpixel.net\/","logo":{"@type":"ImageObject","inLanguage":"sr-latn","@id":"https:\/\/malopozoriste.smashingpixel.net\/#\/schema\/logo\/image\/","url":"https:\/\/malopozoriste.smashingpixel.net\/wp-content\/uploads\/2024\/03\/malo_pozoriste_logo142x140.png","contentUrl":"https:\/\/malopozoriste.smashingpixel.net\/wp-content\/uploads\/2024\/03\/malo_pozoriste_logo142x140.png","width":142,"height":140,"caption":"\u041c\u0430\u043b\u043e \u043f\u043e\u0437\u043e\u0440\u0438\u0448\u0442\u0435 \u0414\u0443\u0448\u043a\u043e \u0420\u0430\u0434\u043e\u0432\u0438\u045b"},"image":{"@id":"https:\/\/malopozoriste.smashingpixel.net\/#\/schema\/logo\/image\/"},"sameAs":["https:\/\/www.facebook.com\/malopozoriste1948#"]},{"@type":"Person","@id":"https:\/\/malopozoriste.smashingpixel.net\/#\/schema\/person\/a0e780274f587f25a77993e82d795701","name":"P0p4r7","image":{"@type":"ImageObject","inLanguage":"sr-latn","@id":"https:\/\/secure.gravatar.com\/avatar\/3072a7becae851e6c69fcb1a91018459754a5f928756e72b9d22e7a452300b5e?s=96&d=mm&r=g","url":"https:\/\/secure.gravatar.com\/avatar\/3072a7becae851e6c69fcb1a91018459754a5f928756e72b9d22e7a452300b5e?s=96&d=mm&r=g","contentUrl":"https:\/\/secure.gravatar.com\/avatar\/3072a7becae851e6c69fcb1a91018459754a5f928756e72b9d22e7a452300b5e?s=96&d=mm&r=g","caption":"P0p4r7"},"url":"https:\/\/malopozoriste.smashingpixel.net\/sr-latn\/author\/p0p4r7\/"}]}},"_links":{"self":[{"href":"https:\/\/malopozoriste.smashingpixel.net\/sr-latn\/wp-json\/wp\/v2\/posts\/17958","targetHints":{"allow":["GET"]}}],"collection":[{"href":"https:\/\/malopozoriste.smashingpixel.net\/sr-latn\/wp-json\/wp\/v2\/posts"}],"about":[{"href":"https:\/\/malopozoriste.smashingpixel.net\/sr-latn\/wp-json\/wp\/v2\/types\/post"}],"author":[{"embeddable":true,"href":"https:\/\/malopozoriste.smashingpixel.net\/sr-latn\/wp-json\/wp\/v2\/users\/5"}],"replies":[{"embeddable":true,"href":"https:\/\/malopozoriste.smashingpixel.net\/sr-latn\/wp-json\/wp\/v2\/comments?post=17958"}],"version-history":[{"count":0,"href":"https:\/\/malopozoriste.smashingpixel.net\/sr-latn\/wp-json\/wp\/v2\/posts\/17958\/revisions"}],"wp:featuredmedia":[{"embeddable":true,"href":"https:\/\/malopozoriste.smashingpixel.net\/sr-latn\/wp-json\/wp\/v2\/media\/17951"}],"wp:attachment":[{"href":"https:\/\/malopozoriste.smashingpixel.net\/sr-latn\/wp-json\/wp\/v2\/media?parent=17958"}],"wp:term":[{"taxonomy":"category","embeddable":true,"href":"https:\/\/malopozoriste.smashingpixel.net\/sr-latn\/wp-json\/wp\/v2\/categories?post=17958"},{"taxonomy":"post_tag","embeddable":true,"href":"https:\/\/malopozoriste.smashingpixel.net\/sr-latn\/wp-json\/wp\/v2\/tags?post=17958"}],"curies":[{"name":"wp","href":"https:\/\/api.w.org\/{rel}","templated":true}]}}