{"id":18768,"date":"2026-04-24T15:08:52","date_gmt":"2026-04-24T15:08:52","guid":{"rendered":"https:\/\/malopozoriste.smashingpixel.net\/dalija-acin-telander-dobitnica-nagrade-grada-stokholma-za-rad-u-kulturi-sa-decom-i-mladima\/"},"modified":"2026-04-24T15:19:54","modified_gmt":"2026-04-24T15:19:54","slug":"dalija-acin-telander-dobitnica-nagrade-grada-stokholma-za-rad-u-kulturi-sa-decom-i-mladima","status":"publish","type":"post","link":"https:\/\/malopozoriste.smashingpixel.net\/sr-latn\/dalija-acin-telander-dobitnica-nagrade-grada-stokholma-za-rad-u-kulturi-sa-decom-i-mladima\/","title":{"rendered":"Dalija A\u0107in Telander dobitnica nagrade grada Stokholma za rad u kulturi sa decom i mladima"},"content":{"rendered":"\t\t<div data-elementor-type=\"wp-post\" data-elementor-id=\"18768\" class=\"elementor elementor-18768 elementor-18751\" data-elementor-post-type=\"post\">\n\t\t\t\t<div class=\"elementor-element elementor-element-13cc88a e-flex e-con-boxed e-con e-parent\" data-id=\"13cc88a\" data-element_type=\"container\" data-e-type=\"container\">\n\t\t\t\t\t<div class=\"e-con-inner\">\n\t\t\t\t<div class=\"elementor-element elementor-element-e52a02e elementor-widget elementor-widget-heading\" data-id=\"e52a02e\" data-element_type=\"widget\" data-e-type=\"widget\" data-widget_type=\"heading.default\">\n\t\t\t\t<div class=\"elementor-widget-container\">\n\t\t\t\t\t<h2 class=\"elementor-heading-title elementor-size-default\">Dalija A\u0107in Telander dobitnica nagrade grada Stokholma za rad u kulturi sa decom i mladima<\/h2>\t\t\t\t<\/div>\n\t\t\t\t<\/div>\n\t\t\t\t\t<\/div>\n\t\t\t\t<\/div>\n\t\t<div class=\"elementor-element elementor-element-dc2d783 e-flex e-con-boxed e-con e-parent\" data-id=\"dc2d783\" data-element_type=\"container\" data-e-type=\"container\">\n\t\t\t\t\t<div class=\"e-con-inner\">\n\t\t\t\t<div class=\"elementor-element elementor-element-ec8915c elementor-widget elementor-widget-spacer\" data-id=\"ec8915c\" data-element_type=\"widget\" data-e-type=\"widget\" data-widget_type=\"spacer.default\">\n\t\t\t\t<div class=\"elementor-widget-container\">\n\t\t\t\t\t\t\t<div class=\"elementor-spacer\">\n\t\t\t<div class=\"elementor-spacer-inner\"><\/div>\n\t\t<\/div>\n\t\t\t\t\t\t<\/div>\n\t\t\t\t<\/div>\n\t\t\t\t\t<\/div>\n\t\t\t\t<\/div>\n\t\t<div class=\"elementor-element elementor-element-5911d5d e-flex e-con-boxed e-con e-parent\" data-id=\"5911d5d\" data-element_type=\"container\" data-e-type=\"container\">\n\t\t\t\t\t<div class=\"e-con-inner\">\n\t\t\t\t<div class=\"elementor-element elementor-element-778c5bf elementor-widget elementor-widget-text-editor\" data-id=\"778c5bf\" data-element_type=\"widget\" data-e-type=\"widget\" data-widget_type=\"text-editor.default\">\n\t\t\t\t<div class=\"elementor-widget-container\">\n\t\t\t\t\t\t\t\t\t<p data-start=\"152\" data-end=\"345\">Sa velikim zadovoljstvom delimo vest da je umetnica i koreografkinja Dalija A\u0107in Telander dobitnica nagrade grada Stokholma za izuzetan doprinos radu u oblasti kulture namenjene deci i mladima.<\/p>\n<p data-start=\"347\" data-end=\"763\">Dalija A\u0107in Telander je jedna od klju\u010dnih autorki koja je otvorila prostor za razvoj savremenih izvo\u0111a\u010dkih praksi za najmla\u0111u publiku i autorka koja je zna\u010dajno doprinela razvoju i afirmaciji umetnosti za bebe i malu decu. Posebno isti\u010demo njen doprinos uspostavljanju i razvoju Scene za bebe u Srbiji, \u010dime je otvoren prostor za inovativne, inkluzivne i umetni\u010dki relevantne produkcije namenjene najranijem uzrastu.<\/p>\n<p data-start=\"765\" data-end=\"1060\">U Malom pozori\u0161tu \u201eDu\u0161ko Radovi\u0107\u201c realizovala je vi\u0161e zna\u010dajnih projekata koji su ostavili sna\u017ean trag u razvoju programa za najmla\u0111e:<br data-start=\"899\" data-end=\"902\" \/>\u2022 Knjiga lutanja (premijera 4. jun 2008)<br data-start=\"944\" data-end=\"947\" \/>\u2022 Ko bi hteo mamu kao moju? (premijera 24. januar 2010)<br data-start=\"1004\" data-end=\"1007\" \/>\u2022 Neke vrlo va\u017ene stvari (premijera 15. jun 2010)<\/p>\n<p data-start=\"1062\" data-end=\"1353\">Njen najnoviji projekat, Ne\u017ene sile kosmi\u010dke, imerzivna plesna predstava za bebe uzrasta od 6 do 24 meseca, kao i za decu sa smetnjama u razvoju i invaliditetom, premijerno je izveden 4. oktobra 2024. godine i predstavlja nastavak njenog posve\u0107enog istra\u017eivanja umetnosti ranog detinjstva.<\/p>\n<p data-start=\"1355\" data-end=\"1459\" data-is-last-node=\"\" data-is-only-node=\"\">\u010cestitamo Daliji A\u0107in Telander na ovom zna\u010dajnom priznanju i radujemo se budu\u0107im susretima i saradnjama!<\/p>\n\t\t\t\t\t\t\t\t<\/div>\n\t\t\t\t<\/div>\n\t\t\t\t\t<\/div>\n\t\t\t\t<\/div>\n\t\t<div class=\"elementor-element elementor-element-fdbb814 e-flex e-con-boxed e-con e-parent\" data-id=\"fdbb814\" data-element_type=\"container\" data-e-type=\"container\">\n\t\t\t\t\t<div class=\"e-con-inner\">\n\t\t\t\t<div class=\"elementor-element elementor-element-1729509 elementor-widget elementor-widget-spacer\" data-id=\"1729509\" data-element_type=\"widget\" data-e-type=\"widget\" data-widget_type=\"spacer.default\">\n\t\t\t\t<div class=\"elementor-widget-container\">\n\t\t\t\t\t\t\t<div class=\"elementor-spacer\">\n\t\t\t<div class=\"elementor-spacer-inner\"><\/div>\n\t\t<\/div>\n\t\t\t\t\t\t<\/div>\n\t\t\t\t<\/div>\n\t\t\t\t\t<\/div>\n\t\t\t\t<\/div>\n\t\t\t\t<\/div>\n\t\t","protected":false},"excerpt":{"rendered":"Dalija A\u0107in Telander dobitnica nagrade grada Stokholma za rad u kulturi sa decom i mladima Sa velikim zadovoljstvom delimo vest da je umetnica i koreografkinja Dalija A\u0107in Telander dobitnica nagrade grada Stokholma za izuzetan doprinos radu u oblasti kulture namenjene deci i mladima. Dalija A\u0107in Telander je jedna od klju\u010dnih autorki koja je otvorila prostor [&hellip;]","protected":false},"author":5,"featured_media":18754,"comment_status":"closed","ping_status":"open","sticky":false,"template":"elementor_header_footer","format":"standard","meta":{"_acf_changed":false,"ocean_front_end_style_editor":"no","ocean_post_layout":"","ocean_both_sidebars_style":"","ocean_both_sidebars_content_width":0,"ocean_both_sidebars_sidebars_width":0,"ocean_sidebar":"0","ocean_second_sidebar":"0","ocean_disable_margins":"enable","ocean_add_body_class":"","ocean_shortcode_before_top_bar":"","ocean_shortcode_after_top_bar":"","ocean_shortcode_before_header":"","ocean_shortcode_after_header":"","ocean_has_shortcode":"","ocean_shortcode_after_title":"","ocean_shortcode_before_footer_widgets":"","ocean_shortcode_after_footer_widgets":"","ocean_shortcode_before_footer_bottom":"","ocean_shortcode_after_footer_bottom":"","ocean_display_top_bar":"default","ocean_display_header":"default","ocean_header_style":"","ocean_center_header_left_menu":"0","ocean_custom_header_template":"0","ocean_custom_logo":0,"ocean_custom_retina_logo":0,"ocean_custom_logo_max_width":0,"ocean_custom_logo_tablet_max_width":0,"ocean_custom_logo_mobile_max_width":0,"ocean_custom_logo_max_height":0,"ocean_custom_logo_tablet_max_height":0,"ocean_custom_logo_mobile_max_height":0,"ocean_header_custom_menu":"0","ocean_menu_typo_font_family":"0","ocean_menu_typo_font_subset":"","ocean_menu_typo_font_size":0,"ocean_menu_typo_font_size_tablet":0,"ocean_menu_typo_font_size_mobile":0,"ocean_menu_typo_font_size_unit":"px","ocean_menu_typo_font_weight":"","ocean_menu_typo_font_weight_tablet":"","ocean_menu_typo_font_weight_mobile":"","ocean_menu_typo_transform":"","ocean_menu_typo_transform_tablet":"","ocean_menu_typo_transform_mobile":"","ocean_menu_typo_line_height":0,"ocean_menu_typo_line_height_tablet":0,"ocean_menu_typo_line_height_mobile":0,"ocean_menu_typo_line_height_unit":"","ocean_menu_typo_spacing":0,"ocean_menu_typo_spacing_tablet":0,"ocean_menu_typo_spacing_mobile":0,"ocean_menu_typo_spacing_unit":"","ocean_menu_link_color":"","ocean_menu_link_color_hover":"","ocean_menu_link_color_active":"","ocean_menu_link_background":"","ocean_menu_link_hover_background":"","ocean_menu_link_active_background":"","ocean_menu_social_links_bg":"","ocean_menu_social_hover_links_bg":"","ocean_menu_social_links_color":"","ocean_menu_social_hover_links_color":"","ocean_disable_title":"on","ocean_disable_heading":"default","ocean_post_title":"","ocean_post_subheading":"","ocean_post_title_style":"","ocean_post_title_background_color":"","ocean_post_title_background":0,"ocean_post_title_bg_image_position":"","ocean_post_title_bg_image_attachment":"","ocean_post_title_bg_image_repeat":"","ocean_post_title_bg_image_size":"","ocean_post_title_height":0,"ocean_post_title_bg_overlay":0.5,"ocean_post_title_bg_overlay_color":"","ocean_disable_breadcrumbs":"off","ocean_breadcrumbs_color":"","ocean_breadcrumbs_separator_color":"","ocean_breadcrumbs_links_color":"","ocean_breadcrumbs_links_hover_color":"","ocean_display_footer_widgets":"default","ocean_display_footer_bottom":"default","ocean_custom_footer_template":"0","ocean_post_oembed":"","ocean_post_self_hosted_media":"","ocean_post_video_embed":"","ocean_link_format":"","ocean_link_format_target":"self","ocean_quote_format":"","ocean_quote_format_link":"post","ocean_gallery_link_images":"on","ocean_gallery_id":[],"footnotes":""},"categories":[89],"tags":[],"class_list":["post-18768","post","type-post","status-publish","format-standard","has-post-thumbnail","hentry","category-uncategorized-sr-latn","entry","has-media"],"acf":[],"yoast_head":"<!-- This site is optimized with the Yoast SEO plugin v28.3 - https:\/\/yoast.com\/product\/yoast-seo-wordpress\/ -->\n<title>Dalija A\u0107in Telander dobitnica nagrade grada Stokholma za rad u kulturi sa decom i mladima - malopozoriste<\/title>\n<meta name=\"robots\" content=\"index, follow, max-snippet:-1, max-image-preview:large, max-video-preview:-1\" \/>\n<link rel=\"canonical\" href=\"https:\/\/malopozoriste.smashingpixel.net\/\u0434\u0430\u043b\u0438\u0458\u0430-\u0430\u045b\u0438\u043d-\u0442\u0445\u0435\u043b\u0430\u043d\u0434\u0435\u0440-\u0434\u043e\u0431\u0438\u0442\u043d\u0438\u0446\u0430-\u043d\u0430\u0433\u0440\/\" \/>\n<meta property=\"og:locale\" content=\"en_US\" \/>\n<meta property=\"og:type\" content=\"article\" \/>\n<meta property=\"og:title\" content=\"Dalija A\u0107in Telander dobitnica nagrade grada Stokholma za rad u kulturi sa decom i mladima - malopozoriste\" \/>\n<meta property=\"og:description\" content=\"Dalija A\u0107in Telander dobitnica nagrade grada Stokholma za rad u kulturi sa decom i mladima Sa velikim zadovoljstvom delimo vest da je umetnica i koreografkinja Dalija A\u0107in Telander dobitnica nagrade grada Stokholma za izuzetan doprinos radu u oblasti kulture namenjene deci i mladima. Dalija A\u0107in Telander je jedna od klju\u010dnih autorki koja je otvorila prostor [&hellip;]\" \/>\n<meta property=\"og:url\" content=\"https:\/\/malopozoriste.smashingpixel.net\/\u0434\u0430\u043b\u0438\u0458\u0430-\u0430\u045b\u0438\u043d-\u0442\u0445\u0435\u043b\u0430\u043d\u0434\u0435\u0440-\u0434\u043e\u0431\u0438\u0442\u043d\u0438\u0446\u0430-\u043d\u0430\u0433\u0440\/\" \/>\n<meta property=\"og:site_name\" content=\"malopozoriste\" \/>\n<meta property=\"article:publisher\" content=\"https:\/\/www.facebook.com\/malopozoriste1948#\" \/>\n<meta property=\"article:published_time\" content=\"2026-04-24T15:08:52+00:00\" \/>\n<meta property=\"article:modified_time\" content=\"2026-04-24T15:19:54+00:00\" \/>\n<meta property=\"og:image\" content=\"https:\/\/malopozoriste.smashingpixel.net\/wp-content\/uploads\/2026\/04\/dalija-acin-telander.png\" \/>\n\t<meta property=\"og:image:width\" content=\"1536\" \/>\n\t<meta property=\"og:image:height\" content=\"1024\" \/>\n\t<meta property=\"og:image:type\" content=\"image\/png\" \/>\n<meta name=\"author\" content=\"P0p4r7\" \/>\n<meta name=\"twitter:card\" content=\"summary_large_image\" \/>\n<meta name=\"twitter:label1\" content=\"Written by\" \/>\n\t<meta name=\"twitter:data1\" content=\"P0p4r7\" \/>\n\t<meta name=\"twitter:label2\" content=\"Est. reading time\" \/>\n\t<meta name=\"twitter:data2\" content=\"1 minute\" \/>\n<script type=\"application\/ld+json\" class=\"yoast-schema-graph\">{\"@context\":\"https:\\\/\\\/schema.org\",\"@graph\":[{\"@type\":\"Article\",\"@id\":\"https:\\\/\\\/malopozoriste.smashingpixel.net\\\/%d0%b4%d0%b0%d0%bb%d0%b8%d1%98%d0%b0-%d0%b0%d1%9b%d0%b8%d0%bd-%d1%82%d1%85%d0%b5%d0%bb%d0%b0%d0%bd%d0%b4%d0%b5%d1%80-%d0%b4%d0%be%d0%b1%d0%b8%d1%82%d0%bd%d0%b8%d1%86%d0%b0-%d0%bd%d0%b0%d0%b3%d1%80\\\/#article\",\"isPartOf\":{\"@id\":\"https:\\\/\\\/malopozoriste.smashingpixel.net\\\/%d0%b4%d0%b0%d0%bb%d0%b8%d1%98%d0%b0-%d0%b0%d1%9b%d0%b8%d0%bd-%d1%82%d1%85%d0%b5%d0%bb%d0%b0%d0%bd%d0%b4%d0%b5%d1%80-%d0%b4%d0%be%d0%b1%d0%b8%d1%82%d0%bd%d0%b8%d1%86%d0%b0-%d0%bd%d0%b0%d0%b3%d1%80\\\/\"},\"author\":{\"name\":\"P0p4r7\",\"@id\":\"https:\\\/\\\/malopozoriste.smashingpixel.net\\\/#\\\/schema\\\/person\\\/a0e780274f587f25a77993e82d795701\"},\"headline\":\"Dalija A\u0107in Telander dobitnica nagrade grada Stokholma za rad u kulturi sa decom i mladima\",\"datePublished\":\"2026-04-24T15:08:52+00:00\",\"dateModified\":\"2026-04-24T15:19:54+00:00\",\"mainEntityOfPage\":{\"@id\":\"https:\\\/\\\/malopozoriste.smashingpixel.net\\\/%d0%b4%d0%b0%d0%bb%d0%b8%d1%98%d0%b0-%d0%b0%d1%9b%d0%b8%d0%bd-%d1%82%d1%85%d0%b5%d0%bb%d0%b0%d0%bd%d0%b4%d0%b5%d1%80-%d0%b4%d0%be%d0%b1%d0%b8%d1%82%d0%bd%d0%b8%d1%86%d0%b0-%d0%bd%d0%b0%d0%b3%d1%80\\\/\"},\"wordCount\":236,\"publisher\":{\"@id\":\"https:\\\/\\\/malopozoriste.smashingpixel.net\\\/#organization\"},\"image\":{\"@id\":\"https:\\\/\\\/malopozoriste.smashingpixel.net\\\/%d0%b4%d0%b0%d0%bb%d0%b8%d1%98%d0%b0-%d0%b0%d1%9b%d0%b8%d0%bd-%d1%82%d1%85%d0%b5%d0%bb%d0%b0%d0%bd%d0%b4%d0%b5%d1%80-%d0%b4%d0%be%d0%b1%d0%b8%d1%82%d0%bd%d0%b8%d1%86%d0%b0-%d0%bd%d0%b0%d0%b3%d1%80\\\/#primaryimage\"},\"thumbnailUrl\":\"https:\\\/\\\/malopozoriste.smashingpixel.net\\\/wp-content\\\/uploads\\\/2026\\\/04\\\/dalija-acin-telander.png\",\"articleSection\":[\"Uncategorized @sr-latn\"],\"inLanguage\":\"sr-latn\"},{\"@type\":\"WebPage\",\"@id\":\"https:\\\/\\\/malopozoriste.smashingpixel.net\\\/%d0%b4%d0%b0%d0%bb%d0%b8%d1%98%d0%b0-%d0%b0%d1%9b%d0%b8%d0%bd-%d1%82%d1%85%d0%b5%d0%bb%d0%b0%d0%bd%d0%b4%d0%b5%d1%80-%d0%b4%d0%be%d0%b1%d0%b8%d1%82%d0%bd%d0%b8%d1%86%d0%b0-%d0%bd%d0%b0%d0%b3%d1%80\\\/\",\"url\":\"https:\\\/\\\/malopozoriste.smashingpixel.net\\\/%d0%b4%d0%b0%d0%bb%d0%b8%d1%98%d0%b0-%d0%b0%d1%9b%d0%b8%d0%bd-%d1%82%d1%85%d0%b5%d0%bb%d0%b0%d0%bd%d0%b4%d0%b5%d1%80-%d0%b4%d0%be%d0%b1%d0%b8%d1%82%d0%bd%d0%b8%d1%86%d0%b0-%d0%bd%d0%b0%d0%b3%d1%80\\\/\",\"name\":\"Dalija A\u0107in Telander dobitnica nagrade grada Stokholma za rad u kulturi sa decom i mladima - malopozoriste\",\"isPartOf\":{\"@id\":\"https:\\\/\\\/malopozoriste.smashingpixel.net\\\/#website\"},\"primaryImageOfPage\":{\"@id\":\"https:\\\/\\\/malopozoriste.smashingpixel.net\\\/%d0%b4%d0%b0%d0%bb%d0%b8%d1%98%d0%b0-%d0%b0%d1%9b%d0%b8%d0%bd-%d1%82%d1%85%d0%b5%d0%bb%d0%b0%d0%bd%d0%b4%d0%b5%d1%80-%d0%b4%d0%be%d0%b1%d0%b8%d1%82%d0%bd%d0%b8%d1%86%d0%b0-%d0%bd%d0%b0%d0%b3%d1%80\\\/#primaryimage\"},\"image\":{\"@id\":\"https:\\\/\\\/malopozoriste.smashingpixel.net\\\/%d0%b4%d0%b0%d0%bb%d0%b8%d1%98%d0%b0-%d0%b0%d1%9b%d0%b8%d0%bd-%d1%82%d1%85%d0%b5%d0%bb%d0%b0%d0%bd%d0%b4%d0%b5%d1%80-%d0%b4%d0%be%d0%b1%d0%b8%d1%82%d0%bd%d0%b8%d1%86%d0%b0-%d0%bd%d0%b0%d0%b3%d1%80\\\/#primaryimage\"},\"thumbnailUrl\":\"https:\\\/\\\/malopozoriste.smashingpixel.net\\\/wp-content\\\/uploads\\\/2026\\\/04\\\/dalija-acin-telander.png\",\"datePublished\":\"2026-04-24T15:08:52+00:00\",\"dateModified\":\"2026-04-24T15:19:54+00:00\",\"breadcrumb\":{\"@id\":\"https:\\\/\\\/malopozoriste.smashingpixel.net\\\/%d0%b4%d0%b0%d0%bb%d0%b8%d1%98%d0%b0-%d0%b0%d1%9b%d0%b8%d0%bd-%d1%82%d1%85%d0%b5%d0%bb%d0%b0%d0%bd%d0%b4%d0%b5%d1%80-%d0%b4%d0%be%d0%b1%d0%b8%d1%82%d0%bd%d0%b8%d1%86%d0%b0-%d0%bd%d0%b0%d0%b3%d1%80\\\/#breadcrumb\"},\"inLanguage\":\"sr-latn\",\"potentialAction\":[{\"@type\":\"ReadAction\",\"target\":[\"https:\\\/\\\/malopozoriste.smashingpixel.net\\\/%d0%b4%d0%b0%d0%bb%d0%b8%d1%98%d0%b0-%d0%b0%d1%9b%d0%b8%d0%bd-%d1%82%d1%85%d0%b5%d0%bb%d0%b0%d0%bd%d0%b4%d0%b5%d1%80-%d0%b4%d0%be%d0%b1%d0%b8%d1%82%d0%bd%d0%b8%d1%86%d0%b0-%d0%bd%d0%b0%d0%b3%d1%80\\\/\"]}]},{\"@type\":\"ImageObject\",\"inLanguage\":\"sr-latn\",\"@id\":\"https:\\\/\\\/malopozoriste.smashingpixel.net\\\/%d0%b4%d0%b0%d0%bb%d0%b8%d1%98%d0%b0-%d0%b0%d1%9b%d0%b8%d0%bd-%d1%82%d1%85%d0%b5%d0%bb%d0%b0%d0%bd%d0%b4%d0%b5%d1%80-%d0%b4%d0%be%d0%b1%d0%b8%d1%82%d0%bd%d0%b8%d1%86%d0%b0-%d0%bd%d0%b0%d0%b3%d1%80\\\/#primaryimage\",\"url\":\"https:\\\/\\\/malopozoriste.smashingpixel.net\\\/wp-content\\\/uploads\\\/2026\\\/04\\\/dalija-acin-telander.png\",\"contentUrl\":\"https:\\\/\\\/malopozoriste.smashingpixel.net\\\/wp-content\\\/uploads\\\/2026\\\/04\\\/dalija-acin-telander.png\",\"width\":1536,\"height\":1024},{\"@type\":\"BreadcrumbList\",\"@id\":\"https:\\\/\\\/malopozoriste.smashingpixel.net\\\/%d0%b4%d0%b0%d0%bb%d0%b8%d1%98%d0%b0-%d0%b0%d1%9b%d0%b8%d0%bd-%d1%82%d1%85%d0%b5%d0%bb%d0%b0%d0%bd%d0%b4%d0%b5%d1%80-%d0%b4%d0%be%d0%b1%d0%b8%d1%82%d0%bd%d0%b8%d1%86%d0%b0-%d0%bd%d0%b0%d0%b3%d1%80\\\/#breadcrumb\",\"itemListElement\":[{\"@type\":\"ListItem\",\"position\":1,\"name\":\"\u041f\u043e\u0447\u0435\u0442\u043d\u0430\",\"item\":\"https:\\\/\\\/malopozoriste.smashingpixel.net\\\/sr-latn\\\/home\\\/\"},{\"@type\":\"ListItem\",\"position\":2,\"name\":\"Dalija A\u0107in Telander dobitnica nagrade grada Stokholma za rad u kulturi sa decom i mladima\"}]},{\"@type\":\"WebSite\",\"@id\":\"https:\\\/\\\/malopozoriste.smashingpixel.net\\\/#website\",\"url\":\"https:\\\/\\\/malopozoriste.smashingpixel.net\\\/\",\"name\":\"malopozoriste\",\"description\":\"\",\"publisher\":{\"@id\":\"https:\\\/\\\/malopozoriste.smashingpixel.net\\\/#organization\"},\"potentialAction\":[{\"@type\":\"SearchAction\",\"target\":{\"@type\":\"EntryPoint\",\"urlTemplate\":\"https:\\\/\\\/malopozoriste.smashingpixel.net\\\/?s={search_term_string}\"},\"query-input\":{\"@type\":\"PropertyValueSpecification\",\"valueRequired\":true,\"valueName\":\"search_term_string\"}}],\"inLanguage\":\"sr-latn\"},{\"@type\":\"Organization\",\"@id\":\"https:\\\/\\\/malopozoriste.smashingpixel.net\\\/#organization\",\"name\":\"\u041c\u0430\u043b\u043e \u043f\u043e\u0437\u043e\u0440\u0438\u0448\u0442\u0435 \u0414\u0443\u0448\u043a\u043e \u0420\u0430\u0434\u043e\u0432\u0438\u045b\",\"url\":\"https:\\\/\\\/malopozoriste.smashingpixel.net\\\/\",\"logo\":{\"@type\":\"ImageObject\",\"inLanguage\":\"sr-latn\",\"@id\":\"https:\\\/\\\/malopozoriste.smashingpixel.net\\\/#\\\/schema\\\/logo\\\/image\\\/\",\"url\":\"https:\\\/\\\/malopozoriste.smashingpixel.net\\\/wp-content\\\/uploads\\\/2024\\\/03\\\/malo_pozoriste_logo142x140.png\",\"contentUrl\":\"https:\\\/\\\/malopozoriste.smashingpixel.net\\\/wp-content\\\/uploads\\\/2024\\\/03\\\/malo_pozoriste_logo142x140.png\",\"width\":142,\"height\":140,\"caption\":\"\u041c\u0430\u043b\u043e \u043f\u043e\u0437\u043e\u0440\u0438\u0448\u0442\u0435 \u0414\u0443\u0448\u043a\u043e \u0420\u0430\u0434\u043e\u0432\u0438\u045b\"},\"image\":{\"@id\":\"https:\\\/\\\/malopozoriste.smashingpixel.net\\\/#\\\/schema\\\/logo\\\/image\\\/\"},\"sameAs\":[\"https:\\\/\\\/www.facebook.com\\\/malopozoriste1948#\"]},{\"@type\":\"Person\",\"@id\":\"https:\\\/\\\/malopozoriste.smashingpixel.net\\\/#\\\/schema\\\/person\\\/a0e780274f587f25a77993e82d795701\",\"name\":\"P0p4r7\",\"image\":{\"@type\":\"ImageObject\",\"inLanguage\":\"sr-latn\",\"@id\":\"https:\\\/\\\/secure.gravatar.com\\\/avatar\\\/3072a7becae851e6c69fcb1a91018459754a5f928756e72b9d22e7a452300b5e?s=96&d=mm&r=g\",\"url\":\"https:\\\/\\\/secure.gravatar.com\\\/avatar\\\/3072a7becae851e6c69fcb1a91018459754a5f928756e72b9d22e7a452300b5e?s=96&d=mm&r=g\",\"contentUrl\":\"https:\\\/\\\/secure.gravatar.com\\\/avatar\\\/3072a7becae851e6c69fcb1a91018459754a5f928756e72b9d22e7a452300b5e?s=96&d=mm&r=g\",\"caption\":\"P0p4r7\"},\"url\":\"https:\\\/\\\/malopozoriste.smashingpixel.net\\\/sr-latn\\\/author\\\/p0p4r7\\\/\"}]}<\/script>\n<!-- \/ Yoast SEO plugin. -->","yoast_head_json":{"title":"Dalija A\u0107in Telander dobitnica nagrade grada Stokholma za rad u kulturi sa decom i mladima - malopozoriste","robots":{"index":"index","follow":"follow","max-snippet":"max-snippet:-1","max-image-preview":"max-image-preview:large","max-video-preview":"max-video-preview:-1"},"canonical":"https:\/\/malopozoriste.smashingpixel.net\/\u0434\u0430\u043b\u0438\u0458\u0430-\u0430\u045b\u0438\u043d-\u0442\u0445\u0435\u043b\u0430\u043d\u0434\u0435\u0440-\u0434\u043e\u0431\u0438\u0442\u043d\u0438\u0446\u0430-\u043d\u0430\u0433\u0440\/","og_locale":"en_US","og_type":"article","og_title":"Dalija A\u0107in Telander dobitnica nagrade grada Stokholma za rad u kulturi sa decom i mladima - malopozoriste","og_description":"Dalija A\u0107in Telander dobitnica nagrade grada Stokholma za rad u kulturi sa decom i mladima Sa velikim zadovoljstvom delimo vest da je umetnica i koreografkinja Dalija A\u0107in Telander dobitnica nagrade grada Stokholma za izuzetan doprinos radu u oblasti kulture namenjene deci i mladima. Dalija A\u0107in Telander je jedna od klju\u010dnih autorki koja je otvorila prostor [&hellip;]","og_url":"https:\/\/malopozoriste.smashingpixel.net\/\u0434\u0430\u043b\u0438\u0458\u0430-\u0430\u045b\u0438\u043d-\u0442\u0445\u0435\u043b\u0430\u043d\u0434\u0435\u0440-\u0434\u043e\u0431\u0438\u0442\u043d\u0438\u0446\u0430-\u043d\u0430\u0433\u0440\/","og_site_name":"malopozoriste","article_publisher":"https:\/\/www.facebook.com\/malopozoriste1948#","article_published_time":"2026-04-24T15:08:52+00:00","article_modified_time":"2026-04-24T15:19:54+00:00","og_image":[{"width":1536,"height":1024,"url":"https:\/\/malopozoriste.smashingpixel.net\/wp-content\/uploads\/2026\/04\/dalija-acin-telander.png","type":"image\/png"}],"author":"P0p4r7","twitter_card":"summary_large_image","twitter_misc":{"Written by":"P0p4r7","Est. reading time":"1 minute"},"schema":{"@context":"https:\/\/schema.org","@graph":[{"@type":"Article","@id":"https:\/\/malopozoriste.smashingpixel.net\/%d0%b4%d0%b0%d0%bb%d0%b8%d1%98%d0%b0-%d0%b0%d1%9b%d0%b8%d0%bd-%d1%82%d1%85%d0%b5%d0%bb%d0%b0%d0%bd%d0%b4%d0%b5%d1%80-%d0%b4%d0%be%d0%b1%d0%b8%d1%82%d0%bd%d0%b8%d1%86%d0%b0-%d0%bd%d0%b0%d0%b3%d1%80\/#article","isPartOf":{"@id":"https:\/\/malopozoriste.smashingpixel.net\/%d0%b4%d0%b0%d0%bb%d0%b8%d1%98%d0%b0-%d0%b0%d1%9b%d0%b8%d0%bd-%d1%82%d1%85%d0%b5%d0%bb%d0%b0%d0%bd%d0%b4%d0%b5%d1%80-%d0%b4%d0%be%d0%b1%d0%b8%d1%82%d0%bd%d0%b8%d1%86%d0%b0-%d0%bd%d0%b0%d0%b3%d1%80\/"},"author":{"name":"P0p4r7","@id":"https:\/\/malopozoriste.smashingpixel.net\/#\/schema\/person\/a0e780274f587f25a77993e82d795701"},"headline":"Dalija A\u0107in Telander dobitnica nagrade grada Stokholma za rad u kulturi sa decom i mladima","datePublished":"2026-04-24T15:08:52+00:00","dateModified":"2026-04-24T15:19:54+00:00","mainEntityOfPage":{"@id":"https:\/\/malopozoriste.smashingpixel.net\/%d0%b4%d0%b0%d0%bb%d0%b8%d1%98%d0%b0-%d0%b0%d1%9b%d0%b8%d0%bd-%d1%82%d1%85%d0%b5%d0%bb%d0%b0%d0%bd%d0%b4%d0%b5%d1%80-%d0%b4%d0%be%d0%b1%d0%b8%d1%82%d0%bd%d0%b8%d1%86%d0%b0-%d0%bd%d0%b0%d0%b3%d1%80\/"},"wordCount":236,"publisher":{"@id":"https:\/\/malopozoriste.smashingpixel.net\/#organization"},"image":{"@id":"https:\/\/malopozoriste.smashingpixel.net\/%d0%b4%d0%b0%d0%bb%d0%b8%d1%98%d0%b0-%d0%b0%d1%9b%d0%b8%d0%bd-%d1%82%d1%85%d0%b5%d0%bb%d0%b0%d0%bd%d0%b4%d0%b5%d1%80-%d0%b4%d0%be%d0%b1%d0%b8%d1%82%d0%bd%d0%b8%d1%86%d0%b0-%d0%bd%d0%b0%d0%b3%d1%80\/#primaryimage"},"thumbnailUrl":"https:\/\/malopozoriste.smashingpixel.net\/wp-content\/uploads\/2026\/04\/dalija-acin-telander.png","articleSection":["Uncategorized @sr-latn"],"inLanguage":"sr-latn"},{"@type":"WebPage","@id":"https:\/\/malopozoriste.smashingpixel.net\/%d0%b4%d0%b0%d0%bb%d0%b8%d1%98%d0%b0-%d0%b0%d1%9b%d0%b8%d0%bd-%d1%82%d1%85%d0%b5%d0%bb%d0%b0%d0%bd%d0%b4%d0%b5%d1%80-%d0%b4%d0%be%d0%b1%d0%b8%d1%82%d0%bd%d0%b8%d1%86%d0%b0-%d0%bd%d0%b0%d0%b3%d1%80\/","url":"https:\/\/malopozoriste.smashingpixel.net\/%d0%b4%d0%b0%d0%bb%d0%b8%d1%98%d0%b0-%d0%b0%d1%9b%d0%b8%d0%bd-%d1%82%d1%85%d0%b5%d0%bb%d0%b0%d0%bd%d0%b4%d0%b5%d1%80-%d0%b4%d0%be%d0%b1%d0%b8%d1%82%d0%bd%d0%b8%d1%86%d0%b0-%d0%bd%d0%b0%d0%b3%d1%80\/","name":"Dalija A\u0107in Telander dobitnica nagrade grada Stokholma za rad u kulturi sa decom i mladima - malopozoriste","isPartOf":{"@id":"https:\/\/malopozoriste.smashingpixel.net\/#website"},"primaryImageOfPage":{"@id":"https:\/\/malopozoriste.smashingpixel.net\/%d0%b4%d0%b0%d0%bb%d0%b8%d1%98%d0%b0-%d0%b0%d1%9b%d0%b8%d0%bd-%d1%82%d1%85%d0%b5%d0%bb%d0%b0%d0%bd%d0%b4%d0%b5%d1%80-%d0%b4%d0%be%d0%b1%d0%b8%d1%82%d0%bd%d0%b8%d1%86%d0%b0-%d0%bd%d0%b0%d0%b3%d1%80\/#primaryimage"},"image":{"@id":"https:\/\/malopozoriste.smashingpixel.net\/%d0%b4%d0%b0%d0%bb%d0%b8%d1%98%d0%b0-%d0%b0%d1%9b%d0%b8%d0%bd-%d1%82%d1%85%d0%b5%d0%bb%d0%b0%d0%bd%d0%b4%d0%b5%d1%80-%d0%b4%d0%be%d0%b1%d0%b8%d1%82%d0%bd%d0%b8%d1%86%d0%b0-%d0%bd%d0%b0%d0%b3%d1%80\/#primaryimage"},"thumbnailUrl":"https:\/\/malopozoriste.smashingpixel.net\/wp-content\/uploads\/2026\/04\/dalija-acin-telander.png","datePublished":"2026-04-24T15:08:52+00:00","dateModified":"2026-04-24T15:19:54+00:00","breadcrumb":{"@id":"https:\/\/malopozoriste.smashingpixel.net\/%d0%b4%d0%b0%d0%bb%d0%b8%d1%98%d0%b0-%d0%b0%d1%9b%d0%b8%d0%bd-%d1%82%d1%85%d0%b5%d0%bb%d0%b0%d0%bd%d0%b4%d0%b5%d1%80-%d0%b4%d0%be%d0%b1%d0%b8%d1%82%d0%bd%d0%b8%d1%86%d0%b0-%d0%bd%d0%b0%d0%b3%d1%80\/#breadcrumb"},"inLanguage":"sr-latn","potentialAction":[{"@type":"ReadAction","target":["https:\/\/malopozoriste.smashingpixel.net\/%d0%b4%d0%b0%d0%bb%d0%b8%d1%98%d0%b0-%d0%b0%d1%9b%d0%b8%d0%bd-%d1%82%d1%85%d0%b5%d0%bb%d0%b0%d0%bd%d0%b4%d0%b5%d1%80-%d0%b4%d0%be%d0%b1%d0%b8%d1%82%d0%bd%d0%b8%d1%86%d0%b0-%d0%bd%d0%b0%d0%b3%d1%80\/"]}]},{"@type":"ImageObject","inLanguage":"sr-latn","@id":"https:\/\/malopozoriste.smashingpixel.net\/%d0%b4%d0%b0%d0%bb%d0%b8%d1%98%d0%b0-%d0%b0%d1%9b%d0%b8%d0%bd-%d1%82%d1%85%d0%b5%d0%bb%d0%b0%d0%bd%d0%b4%d0%b5%d1%80-%d0%b4%d0%be%d0%b1%d0%b8%d1%82%d0%bd%d0%b8%d1%86%d0%b0-%d0%bd%d0%b0%d0%b3%d1%80\/#primaryimage","url":"https:\/\/malopozoriste.smashingpixel.net\/wp-content\/uploads\/2026\/04\/dalija-acin-telander.png","contentUrl":"https:\/\/malopozoriste.smashingpixel.net\/wp-content\/uploads\/2026\/04\/dalija-acin-telander.png","width":1536,"height":1024},{"@type":"BreadcrumbList","@id":"https:\/\/malopozoriste.smashingpixel.net\/%d0%b4%d0%b0%d0%bb%d0%b8%d1%98%d0%b0-%d0%b0%d1%9b%d0%b8%d0%bd-%d1%82%d1%85%d0%b5%d0%bb%d0%b0%d0%bd%d0%b4%d0%b5%d1%80-%d0%b4%d0%be%d0%b1%d0%b8%d1%82%d0%bd%d0%b8%d1%86%d0%b0-%d0%bd%d0%b0%d0%b3%d1%80\/#breadcrumb","itemListElement":[{"@type":"ListItem","position":1,"name":"\u041f\u043e\u0447\u0435\u0442\u043d\u0430","item":"https:\/\/malopozoriste.smashingpixel.net\/sr-latn\/home\/"},{"@type":"ListItem","position":2,"name":"Dalija A\u0107in Telander dobitnica nagrade grada Stokholma za rad u kulturi sa decom i mladima"}]},{"@type":"WebSite","@id":"https:\/\/malopozoriste.smashingpixel.net\/#website","url":"https:\/\/malopozoriste.smashingpixel.net\/","name":"malopozoriste","description":"","publisher":{"@id":"https:\/\/malopozoriste.smashingpixel.net\/#organization"},"potentialAction":[{"@type":"SearchAction","target":{"@type":"EntryPoint","urlTemplate":"https:\/\/malopozoriste.smashingpixel.net\/?s={search_term_string}"},"query-input":{"@type":"PropertyValueSpecification","valueRequired":true,"valueName":"search_term_string"}}],"inLanguage":"sr-latn"},{"@type":"Organization","@id":"https:\/\/malopozoriste.smashingpixel.net\/#organization","name":"\u041c\u0430\u043b\u043e \u043f\u043e\u0437\u043e\u0440\u0438\u0448\u0442\u0435 \u0414\u0443\u0448\u043a\u043e \u0420\u0430\u0434\u043e\u0432\u0438\u045b","url":"https:\/\/malopozoriste.smashingpixel.net\/","logo":{"@type":"ImageObject","inLanguage":"sr-latn","@id":"https:\/\/malopozoriste.smashingpixel.net\/#\/schema\/logo\/image\/","url":"https:\/\/malopozoriste.smashingpixel.net\/wp-content\/uploads\/2024\/03\/malo_pozoriste_logo142x140.png","contentUrl":"https:\/\/malopozoriste.smashingpixel.net\/wp-content\/uploads\/2024\/03\/malo_pozoriste_logo142x140.png","width":142,"height":140,"caption":"\u041c\u0430\u043b\u043e \u043f\u043e\u0437\u043e\u0440\u0438\u0448\u0442\u0435 \u0414\u0443\u0448\u043a\u043e \u0420\u0430\u0434\u043e\u0432\u0438\u045b"},"image":{"@id":"https:\/\/malopozoriste.smashingpixel.net\/#\/schema\/logo\/image\/"},"sameAs":["https:\/\/www.facebook.com\/malopozoriste1948#"]},{"@type":"Person","@id":"https:\/\/malopozoriste.smashingpixel.net\/#\/schema\/person\/a0e780274f587f25a77993e82d795701","name":"P0p4r7","image":{"@type":"ImageObject","inLanguage":"sr-latn","@id":"https:\/\/secure.gravatar.com\/avatar\/3072a7becae851e6c69fcb1a91018459754a5f928756e72b9d22e7a452300b5e?s=96&d=mm&r=g","url":"https:\/\/secure.gravatar.com\/avatar\/3072a7becae851e6c69fcb1a91018459754a5f928756e72b9d22e7a452300b5e?s=96&d=mm&r=g","contentUrl":"https:\/\/secure.gravatar.com\/avatar\/3072a7becae851e6c69fcb1a91018459754a5f928756e72b9d22e7a452300b5e?s=96&d=mm&r=g","caption":"P0p4r7"},"url":"https:\/\/malopozoriste.smashingpixel.net\/sr-latn\/author\/p0p4r7\/"}]}},"_links":{"self":[{"href":"https:\/\/malopozoriste.smashingpixel.net\/sr-latn\/wp-json\/wp\/v2\/posts\/18768","targetHints":{"allow":["GET"]}}],"collection":[{"href":"https:\/\/malopozoriste.smashingpixel.net\/sr-latn\/wp-json\/wp\/v2\/posts"}],"about":[{"href":"https:\/\/malopozoriste.smashingpixel.net\/sr-latn\/wp-json\/wp\/v2\/types\/post"}],"author":[{"embeddable":true,"href":"https:\/\/malopozoriste.smashingpixel.net\/sr-latn\/wp-json\/wp\/v2\/users\/5"}],"replies":[{"embeddable":true,"href":"https:\/\/malopozoriste.smashingpixel.net\/sr-latn\/wp-json\/wp\/v2\/comments?post=18768"}],"version-history":[{"count":0,"href":"https:\/\/malopozoriste.smashingpixel.net\/sr-latn\/wp-json\/wp\/v2\/posts\/18768\/revisions"}],"wp:featuredmedia":[{"embeddable":true,"href":"https:\/\/malopozoriste.smashingpixel.net\/sr-latn\/wp-json\/wp\/v2\/media\/18754"}],"wp:attachment":[{"href":"https:\/\/malopozoriste.smashingpixel.net\/sr-latn\/wp-json\/wp\/v2\/media?parent=18768"}],"wp:term":[{"taxonomy":"category","embeddable":true,"href":"https:\/\/malopozoriste.smashingpixel.net\/sr-latn\/wp-json\/wp\/v2\/categories?post=18768"},{"taxonomy":"post_tag","embeddable":true,"href":"https:\/\/malopozoriste.smashingpixel.net\/sr-latn\/wp-json\/wp\/v2\/tags?post=18768"}],"curies":[{"name":"wp","href":"https:\/\/api.w.org\/{rel}","templated":true}]}}