{"id":6366,"date":"2024-05-10T10:32:19","date_gmt":"2024-05-10T10:32:19","guid":{"rendered":"https:\/\/malopozoriste.smashingpixel.net\/2024\/05\/10\/izvodenje-predstave-porodicni-cirkus-za-decu-i-osetljive\/"},"modified":"2024-10-18T09:13:06","modified_gmt":"2024-10-18T09:13:06","slug":"izvodenje-predstave-porodicni-cirkus-za-decu-i-osetljive","status":"publish","type":"post","link":"https:\/\/malopozoriste.smashingpixel.net\/sr-latn\/izvodenje-predstave-porodicni-cirkus-za-decu-i-osetljive\/","title":{"rendered":"IZVO\u0110ENJE PREDSTAVE &#8220;PORODI\u010cNI CIRKUS \u2013 ZA DECU I OSETLJIVE&#8221;"},"content":{"rendered":"\t\t<div data-elementor-type=\"wp-post\" data-elementor-id=\"6366\" class=\"elementor elementor-6366 elementor-2442\" data-elementor-post-type=\"post\">\n\t\t\t\t<div class=\"elementor-element elementor-element-7a9883b e-flex e-con-boxed e-con e-parent\" data-id=\"7a9883b\" data-element_type=\"container\" data-e-type=\"container\">\n\t\t\t\t\t<div class=\"e-con-inner\">\n\t\t\t\t<div class=\"elementor-element elementor-element-4204bf2 elementor-widget elementor-widget-spacer\" data-id=\"4204bf2\" data-element_type=\"widget\" data-e-type=\"widget\" data-widget_type=\"spacer.default\">\n\t\t\t\t<div class=\"elementor-widget-container\">\n\t\t\t\t\t\t\t<div class=\"elementor-spacer\">\n\t\t\t<div class=\"elementor-spacer-inner\"><\/div>\n\t\t<\/div>\n\t\t\t\t\t\t<\/div>\n\t\t\t\t<\/div>\n\t\t\t\t<div class=\"elementor-element elementor-element-113a378 elementor-widget elementor-widget-heading\" data-id=\"113a378\" data-element_type=\"widget\" data-e-type=\"widget\" data-widget_type=\"heading.default\">\n\t\t\t\t<div class=\"elementor-widget-container\">\n\t\t\t\t\t<h2 class=\"elementor-heading-title elementor-size-default\">IZVO\u0110ENJE PREDSTAVE \"PORODI\u010cNI CIRKUS \u2013 ZA DECU I OSETLJIVE\"<\/h2>\t\t\t\t<\/div>\n\t\t\t\t<\/div>\n\t\t\t\t<div class=\"elementor-element elementor-element-e7487fa elementor-widget-divider--view-line elementor-widget elementor-widget-divider\" data-id=\"e7487fa\" data-element_type=\"widget\" data-e-type=\"widget\" data-widget_type=\"divider.default\">\n\t\t\t\t<div class=\"elementor-widget-container\">\n\t\t\t\t\t\t\t<div class=\"elementor-divider\">\n\t\t\t<span class=\"elementor-divider-separator\">\n\t\t\t\t\t\t<\/span>\n\t\t<\/div>\n\t\t\t\t\t\t<\/div>\n\t\t\t\t<\/div>\n\t\t\t\t\t<\/div>\n\t\t\t\t<\/div>\n\t\t<div class=\"elementor-element elementor-element-5a8d4f3 e-flex e-con-boxed e-con e-parent\" data-id=\"5a8d4f3\" data-element_type=\"container\" data-e-type=\"container\">\n\t\t\t\t\t<div class=\"e-con-inner\">\n\t\t\t\t<div class=\"elementor-element elementor-element-c31e0aa elementor-widget elementor-widget-image\" data-id=\"c31e0aa\" data-element_type=\"widget\" data-e-type=\"widget\" data-widget_type=\"image.default\">\n\t\t\t\t<div class=\"elementor-widget-container\">\n\t\t\t\t\t\t\t\t\t\t\t\t\t\t\t<img fetchpriority=\"high\" decoding=\"async\" width=\"480\" height=\"480\" src=\"https:\/\/malopozoriste.smashingpixel.net\/wp-content\/uploads\/2024\/06\/vest-porodicni_cirkus.jpg\" class=\"attachment-large size-large wp-image-3540\" alt=\"\" srcset=\"https:\/\/malopozoriste.smashingpixel.net\/wp-content\/uploads\/2024\/06\/vest-porodicni_cirkus.jpg 480w, https:\/\/malopozoriste.smashingpixel.net\/wp-content\/uploads\/2024\/06\/vest-porodicni_cirkus-300x300.jpg 300w, https:\/\/malopozoriste.smashingpixel.net\/wp-content\/uploads\/2024\/06\/vest-porodicni_cirkus-150x150.jpg 150w, https:\/\/malopozoriste.smashingpixel.net\/wp-content\/uploads\/2024\/06\/vest-porodicni_cirkus-120x120.jpg 120w\" sizes=\"(max-width: 480px) 100vw, 480px\" \/>\t\t\t\t\t\t\t\t\t\t\t\t\t\t\t<\/div>\n\t\t\t\t<\/div>\n\t\t\t\t\t<\/div>\n\t\t\t\t<\/div>\n\t\t<div class=\"elementor-element elementor-element-d80ff97 e-flex e-con-boxed e-con e-parent\" data-id=\"d80ff97\" data-element_type=\"container\" data-e-type=\"container\">\n\t\t\t\t\t<div class=\"e-con-inner\">\n\t\t\t\t<div class=\"elementor-element elementor-element-6c7eadc elementor-widget elementor-widget-spacer\" data-id=\"6c7eadc\" data-element_type=\"widget\" data-e-type=\"widget\" data-widget_type=\"spacer.default\">\n\t\t\t\t<div class=\"elementor-widget-container\">\n\t\t\t\t\t\t\t<div class=\"elementor-spacer\">\n\t\t\t<div class=\"elementor-spacer-inner\"><\/div>\n\t\t<\/div>\n\t\t\t\t\t\t<\/div>\n\t\t\t\t<\/div>\n\t\t\t\t\t<\/div>\n\t\t\t\t<\/div>\n\t\t<div class=\"elementor-element elementor-element-262ca0b e-flex e-con-boxed e-con e-parent\" data-id=\"262ca0b\" data-element_type=\"container\" data-e-type=\"container\">\n\t\t\t\t\t<div class=\"e-con-inner\">\n\t\t\t\t<div class=\"elementor-element elementor-element-e329077 elementor-widget elementor-widget-text-editor\" data-id=\"e329077\" data-element_type=\"widget\" data-e-type=\"widget\" data-widget_type=\"text-editor.default\">\n\t\t\t\t<div class=\"elementor-widget-container\">\n\t\t\t\t\t\t\t\t\t<p>Udru\u017eenje &#8220;Beogradski stari\u0161ani i mali\u0161ani&#8221;, podstaknuto postignutim uspehom premijerno izvedenog dramskog dela &#8220;PORODI\u010cNI CIRKUS \u2013 ZA DECU I OSETLJIVE&#8221;, u saradnji sa Fondacijom &#8220;Zajedno za mlade&#8221;, izve\u0161\u0107e 27.5.2024. godine, u Malom pozori\u0161tu &#8220;Du\u0161ko Radovi\u0107&#8221;, predstavu, sa po\u010detkom od 19 \u010dasova, koja je postavljena kao me\u0111ugeneracijski edukativno stvarala\u010dki proces po motivima dela Danila Ki\u0161a, &#8220;Rani jadi&#8221; i &#8220;Ba\u0161ta, pepeo&#8221;, a po odobrenju naslednika autorskih prava, prof. Mirjane Mio\u010dinovi\u0107.<\/p>\n<p>Ovo je predstava za decu i odrasle koja govori o jevrejskoj prodici tokom Drugog svetskog rata iz ugla de\u010daka. Upozna\u0107emo vas sa slikama iz detinjstva i odrastanjem sedmogodi\u0161njeg de\u010daka, koje je Danilo Ki\u0161 opisivao u svojim delima. Predstava obuhvata period od 1941. godine i po\u010detak Drugog svetskog rata u Novom Sadu do 1950. kada se porodica Sam seli iz Ma\u0111arske u Crnu Goru, na Cetinje. Pored pomenutih dela u predstavi su kori\u0161\u0107ena saznanja iz Ki\u0161ove biografije, kojima su autori pa\u017eljivo svaku sliku bojili istinom.<\/p>\n<p>U predstavi u\u010destvuju deca starijih razreda Osnovne \u0161kole &#8220;Mihailo Petrovi\u0107 Alas&#8221;, u\u010denici i profesori Muzi\u010dke \u0161kole &#8220;Dr Vojislav Vu\u010dkovi\u0107&#8221;, kamerni Hor &#8220;Belgrade evergreen singers&#8221; i penzioneri, glumci-amateri tre\u0107eg doba, \u010dlanovi Udru\u017eenja &#8220;Beogradski stari\u0161ani i mali\u0161ani&#8221;.<\/p>\n<p>Predstava je rezultat stvarala\u010dkog procesa raznolike zajednice u\u010desnika i namenjena je, tako\u0111e, raznolikoj publici: posebno u\u010denicima vi\u0161ih razreda osnovne \u0161kole, srednjo\u0161kolcima, kao i svim ljubiteljima Ki\u0161ovih dela.<\/p>\n<p>Isti\u010demo da je mlada publika, odnosno u\u010denici osnovnih \u0161kola imaju priliku da se na \u010dasovima srpskog jezika upoznaju sa nekim od tekstova u \u010ditankama, dok su &#8220;Rani jadi&#8221; u\u010denicima srednjih \u0161kola obavezna lektira za prvi razred.<\/p>\n<p>Dramskim prikazom PORODI\u010cNI CIRKUS \u2013 ZA DECU I OSETLJIVE, osnovci \u0107e dobiti \u0161iru sliku i produbljeno razumevanje tekstova koje obra\u0111uju, a srednjo\u0161kolci \u0107e biti motivisani da pro\u010ditaju delo u celini.<\/p>\n\t\t\t\t\t\t\t\t<\/div>\n\t\t\t\t<\/div>\n\t\t\t\t<div class=\"elementor-element elementor-element-caa65d0 elementor-widget elementor-widget-text-editor\" data-id=\"caa65d0\" data-element_type=\"widget\" data-e-type=\"widget\" data-widget_type=\"text-editor.default\">\n\t\t\t\t<div class=\"elementor-widget-container\">\n\t\t\t\t\t\t\t\t\t<p><strong>Umesto kupovine ulaznica publika mo\u017ee pogledati predstavu uz donaciju dobrovoljnog priloga koji \u0107e biti prikupljani na ulazu pozori\u0161ta!<\/strong><\/p>\n<p>Molimo Vas da svoj dolazak najavite na\u00a0<a href=\"mailto:biletarnica@malopozoriste.smashingpixel.net\">biletarnica@malopozoriste.smashingpixel.net<\/a>\u00a0ili na 011 7858 440!<\/p>\n\t\t\t\t\t\t\t\t<\/div>\n\t\t\t\t<\/div>\n\t\t\t\t\t<\/div>\n\t\t\t\t<\/div>\n\t\t<div class=\"elementor-element elementor-element-1d3fc38 e-flex e-con-boxed e-con e-parent\" data-id=\"1d3fc38\" data-element_type=\"container\" data-e-type=\"container\">\n\t\t\t\t\t<div class=\"e-con-inner\">\n\t\t\t\t<div class=\"elementor-element elementor-element-de78bc4 elementor-widget elementor-widget-spacer\" data-id=\"de78bc4\" data-element_type=\"widget\" data-e-type=\"widget\" data-widget_type=\"spacer.default\">\n\t\t\t\t<div class=\"elementor-widget-container\">\n\t\t\t\t\t\t\t<div class=\"elementor-spacer\">\n\t\t\t<div class=\"elementor-spacer-inner\"><\/div>\n\t\t<\/div>\n\t\t\t\t\t\t<\/div>\n\t\t\t\t<\/div>\n\t\t\t\t\t<\/div>\n\t\t\t\t<\/div>\n\t\t\t\t<\/div>\n\t\t","protected":false},"excerpt":{"rendered":"IZVO\u0110ENJE PREDSTAVE &#8220;PORODI\u010cNI CIRKUS \u2013 ZA DECU I OSETLJIVE&#8221; Udru\u017eenje &#8220;Beogradski stari\u0161ani i mali\u0161ani&#8221;, podstaknuto postignutim uspehom premijerno izvedenog dramskog dela &#8220;PORODI\u010cNI CIRKUS \u2013 ZA DECU I OSETLJIVE&#8221;, u saradnji sa Fondacijom &#8220;Zajedno za mlade&#8221;, izve\u0161\u0107e 27.5.2024. godine, u Malom pozori\u0161tu &#8220;Du\u0161ko Radovi\u0107&#8221;, predstavu, sa po\u010detkom od 19 \u010dasova, koja je postavljena kao me\u0111ugeneracijski edukativno [&hellip;]","protected":false},"author":5,"featured_media":3540,"comment_status":"closed","ping_status":"open","sticky":false,"template":"elementor_header_footer","format":"standard","meta":{"_acf_changed":false,"ocean_front_end_style_editor":"no","ocean_post_layout":"","ocean_both_sidebars_style":"","ocean_both_sidebars_content_width":0,"ocean_both_sidebars_sidebars_width":0,"ocean_sidebar":"0","ocean_second_sidebar":"0","ocean_disable_margins":"enable","ocean_add_body_class":"","ocean_shortcode_before_top_bar":"","ocean_shortcode_after_top_bar":"","ocean_shortcode_before_header":"","ocean_shortcode_after_header":"","ocean_has_shortcode":"","ocean_shortcode_after_title":"","ocean_shortcode_before_footer_widgets":"","ocean_shortcode_after_footer_widgets":"","ocean_shortcode_before_footer_bottom":"","ocean_shortcode_after_footer_bottom":"","ocean_display_top_bar":"off","ocean_display_header":"default","ocean_header_style":"","ocean_center_header_left_menu":"0","ocean_custom_header_template":"0","ocean_custom_logo":0,"ocean_custom_retina_logo":0,"ocean_custom_logo_max_width":0,"ocean_custom_logo_tablet_max_width":0,"ocean_custom_logo_mobile_max_width":0,"ocean_custom_logo_max_height":0,"ocean_custom_logo_tablet_max_height":0,"ocean_custom_logo_mobile_max_height":0,"ocean_header_custom_menu":"0","ocean_menu_typo_font_family":"0","ocean_menu_typo_font_subset":"","ocean_menu_typo_font_size":0,"ocean_menu_typo_font_size_tablet":0,"ocean_menu_typo_font_size_mobile":0,"ocean_menu_typo_font_size_unit":"px","ocean_menu_typo_font_weight":"","ocean_menu_typo_font_weight_tablet":"","ocean_menu_typo_font_weight_mobile":"","ocean_menu_typo_transform":"","ocean_menu_typo_transform_tablet":"","ocean_menu_typo_transform_mobile":"","ocean_menu_typo_line_height":0,"ocean_menu_typo_line_height_tablet":0,"ocean_menu_typo_line_height_mobile":0,"ocean_menu_typo_line_height_unit":"","ocean_menu_typo_spacing":0,"ocean_menu_typo_spacing_tablet":0,"ocean_menu_typo_spacing_mobile":0,"ocean_menu_typo_spacing_unit":"","ocean_menu_link_color":"","ocean_menu_link_color_hover":"","ocean_menu_link_color_active":"","ocean_menu_link_background":"","ocean_menu_link_hover_background":"","ocean_menu_link_active_background":"","ocean_menu_social_links_bg":"","ocean_menu_social_hover_links_bg":"","ocean_menu_social_links_color":"","ocean_menu_social_hover_links_color":"","ocean_disable_title":"on","ocean_disable_heading":"default","ocean_post_title":"","ocean_post_subheading":"","ocean_post_title_style":"","ocean_post_title_background_color":"","ocean_post_title_background":0,"ocean_post_title_bg_image_position":"","ocean_post_title_bg_image_attachment":"","ocean_post_title_bg_image_repeat":"","ocean_post_title_bg_image_size":"","ocean_post_title_height":0,"ocean_post_title_bg_overlay":0.5,"ocean_post_title_bg_overlay_color":"","ocean_disable_breadcrumbs":"off","ocean_breadcrumbs_color":"","ocean_breadcrumbs_separator_color":"","ocean_breadcrumbs_links_color":"","ocean_breadcrumbs_links_hover_color":"","ocean_display_footer_widgets":"default","ocean_display_footer_bottom":"default","ocean_custom_footer_template":"0","ocean_post_oembed":"","ocean_post_self_hosted_media":"","ocean_post_video_embed":"","ocean_link_format":"","ocean_link_format_target":"self","ocean_quote_format":"","ocean_quote_format_link":"post","ocean_gallery_link_images":"on","ocean_gallery_id":[],"footnotes":""},"categories":[89],"tags":[],"class_list":["post-6366","post","type-post","status-publish","format-standard","has-post-thumbnail","hentry","category-uncategorized-sr-latn","entry","has-media"],"acf":[],"yoast_head":"<!-- This site is optimized with the Yoast SEO plugin v28.3 - https:\/\/yoast.com\/product\/yoast-seo-wordpress\/ -->\n<title>IZVO\u0110ENJE PREDSTAVE &quot;PORODI\u010cNI CIRKUS \u2013 ZA DECU I OSETLJIVE&quot; - malopozoriste<\/title>\n<meta name=\"robots\" content=\"index, follow, max-snippet:-1, max-image-preview:large, max-video-preview:-1\" \/>\n<link rel=\"canonical\" href=\"https:\/\/malopozoriste.smashingpixel.net\/sr-latn\/izvodenje-predstave-porodicni-cirkus-za-decu-i-osetljive\/\" \/>\n<meta property=\"og:locale\" content=\"en_US\" \/>\n<meta property=\"og:type\" content=\"article\" \/>\n<meta property=\"og:title\" content=\"IZVO\u0110ENJE PREDSTAVE &quot;PORODI\u010cNI CIRKUS \u2013 ZA DECU I OSETLJIVE&quot; - malopozoriste\" \/>\n<meta property=\"og:description\" content=\"IZVO\u0110ENJE PREDSTAVE &#8220;PORODI\u010cNI CIRKUS \u2013 ZA DECU I OSETLJIVE&#8221; Udru\u017eenje &#8220;Beogradski stari\u0161ani i mali\u0161ani&#8221;, podstaknuto postignutim uspehom premijerno izvedenog dramskog dela &#8220;PORODI\u010cNI CIRKUS \u2013 ZA DECU I OSETLJIVE&#8221;, u saradnji sa Fondacijom &#8220;Zajedno za mlade&#8221;, izve\u0161\u0107e 27.5.2024. godine, u Malom pozori\u0161tu &#8220;Du\u0161ko Radovi\u0107&#8221;, predstavu, sa po\u010detkom od 19 \u010dasova, koja je postavljena kao me\u0111ugeneracijski edukativno [&hellip;]\" \/>\n<meta property=\"og:url\" content=\"https:\/\/malopozoriste.smashingpixel.net\/sr-latn\/izvodenje-predstave-porodicni-cirkus-za-decu-i-osetljive\/\" \/>\n<meta property=\"og:site_name\" content=\"malopozoriste\" \/>\n<meta property=\"article:publisher\" content=\"https:\/\/www.facebook.com\/malopozoriste1948#\" \/>\n<meta property=\"article:published_time\" content=\"2024-05-10T10:32:19+00:00\" \/>\n<meta property=\"article:modified_time\" content=\"2024-10-18T09:13:06+00:00\" \/>\n<meta property=\"og:image\" content=\"https:\/\/malopozoriste.smashingpixel.net\/wp-content\/uploads\/2024\/06\/vest-porodicni_cirkus.jpg\" \/>\n\t<meta property=\"og:image:width\" content=\"480\" \/>\n\t<meta property=\"og:image:height\" content=\"480\" \/>\n\t<meta property=\"og:image:type\" content=\"image\/jpeg\" \/>\n<meta name=\"author\" content=\"P0p4r7\" \/>\n<meta name=\"twitter:card\" content=\"summary_large_image\" \/>\n<meta name=\"twitter:label1\" content=\"Written by\" \/>\n\t<meta name=\"twitter:data1\" content=\"P0p4r7\" \/>\n\t<meta name=\"twitter:label2\" content=\"Est. reading time\" \/>\n\t<meta name=\"twitter:data2\" content=\"2 minutes\" \/>\n<script type=\"application\/ld+json\" class=\"yoast-schema-graph\">{\"@context\":\"https:\\\/\\\/schema.org\",\"@graph\":[{\"@type\":\"Article\",\"@id\":\"https:\\\/\\\/malopozoriste.smashingpixel.net\\\/sr-latn\\\/izvodenje-predstave-porodicni-cirkus-za-decu-i-osetljive\\\/#article\",\"isPartOf\":{\"@id\":\"https:\\\/\\\/malopozoriste.smashingpixel.net\\\/sr-latn\\\/izvodenje-predstave-porodicni-cirkus-za-decu-i-osetljive\\\/\"},\"author\":{\"name\":\"P0p4r7\",\"@id\":\"https:\\\/\\\/malopozoriste.smashingpixel.net\\\/#\\\/schema\\\/person\\\/a0e780274f587f25a77993e82d795701\"},\"headline\":\"IZVO\u0110ENJE PREDSTAVE &#8220;PORODI\u010cNI CIRKUS \u2013 ZA DECU I OSETLJIVE&#8221;\",\"datePublished\":\"2024-05-10T10:32:19+00:00\",\"dateModified\":\"2024-10-18T09:13:06+00:00\",\"mainEntityOfPage\":{\"@id\":\"https:\\\/\\\/malopozoriste.smashingpixel.net\\\/sr-latn\\\/izvodenje-predstave-porodicni-cirkus-za-decu-i-osetljive\\\/\"},\"wordCount\":370,\"publisher\":{\"@id\":\"https:\\\/\\\/malopozoriste.smashingpixel.net\\\/#organization\"},\"image\":{\"@id\":\"https:\\\/\\\/malopozoriste.smashingpixel.net\\\/sr-latn\\\/izvodenje-predstave-porodicni-cirkus-za-decu-i-osetljive\\\/#primaryimage\"},\"thumbnailUrl\":\"https:\\\/\\\/malopozoriste.smashingpixel.net\\\/wp-content\\\/uploads\\\/2024\\\/06\\\/vest-porodicni_cirkus.jpg\",\"articleSection\":[\"Uncategorized @sr-latn\"],\"inLanguage\":\"sr-latn\"},{\"@type\":\"WebPage\",\"@id\":\"https:\\\/\\\/malopozoriste.smashingpixel.net\\\/sr-latn\\\/izvodenje-predstave-porodicni-cirkus-za-decu-i-osetljive\\\/\",\"url\":\"https:\\\/\\\/malopozoriste.smashingpixel.net\\\/sr-latn\\\/izvodenje-predstave-porodicni-cirkus-za-decu-i-osetljive\\\/\",\"name\":\"IZVO\u0110ENJE PREDSTAVE \\\"PORODI\u010cNI CIRKUS \u2013 ZA DECU I OSETLJIVE\\\" - malopozoriste\",\"isPartOf\":{\"@id\":\"https:\\\/\\\/malopozoriste.smashingpixel.net\\\/#website\"},\"primaryImageOfPage\":{\"@id\":\"https:\\\/\\\/malopozoriste.smashingpixel.net\\\/sr-latn\\\/izvodenje-predstave-porodicni-cirkus-za-decu-i-osetljive\\\/#primaryimage\"},\"image\":{\"@id\":\"https:\\\/\\\/malopozoriste.smashingpixel.net\\\/sr-latn\\\/izvodenje-predstave-porodicni-cirkus-za-decu-i-osetljive\\\/#primaryimage\"},\"thumbnailUrl\":\"https:\\\/\\\/malopozoriste.smashingpixel.net\\\/wp-content\\\/uploads\\\/2024\\\/06\\\/vest-porodicni_cirkus.jpg\",\"datePublished\":\"2024-05-10T10:32:19+00:00\",\"dateModified\":\"2024-10-18T09:13:06+00:00\",\"breadcrumb\":{\"@id\":\"https:\\\/\\\/malopozoriste.smashingpixel.net\\\/sr-latn\\\/izvodenje-predstave-porodicni-cirkus-za-decu-i-osetljive\\\/#breadcrumb\"},\"inLanguage\":\"sr-latn\",\"potentialAction\":[{\"@type\":\"ReadAction\",\"target\":[\"https:\\\/\\\/malopozoriste.smashingpixel.net\\\/sr-latn\\\/izvodenje-predstave-porodicni-cirkus-za-decu-i-osetljive\\\/\"]}]},{\"@type\":\"ImageObject\",\"inLanguage\":\"sr-latn\",\"@id\":\"https:\\\/\\\/malopozoriste.smashingpixel.net\\\/sr-latn\\\/izvodenje-predstave-porodicni-cirkus-za-decu-i-osetljive\\\/#primaryimage\",\"url\":\"https:\\\/\\\/malopozoriste.smashingpixel.net\\\/wp-content\\\/uploads\\\/2024\\\/06\\\/vest-porodicni_cirkus.jpg\",\"contentUrl\":\"https:\\\/\\\/malopozoriste.smashingpixel.net\\\/wp-content\\\/uploads\\\/2024\\\/06\\\/vest-porodicni_cirkus.jpg\",\"width\":480,\"height\":480},{\"@type\":\"BreadcrumbList\",\"@id\":\"https:\\\/\\\/malopozoriste.smashingpixel.net\\\/sr-latn\\\/izvodenje-predstave-porodicni-cirkus-za-decu-i-osetljive\\\/#breadcrumb\",\"itemListElement\":[{\"@type\":\"ListItem\",\"position\":1,\"name\":\"\u041f\u043e\u0447\u0435\u0442\u043d\u0430\",\"item\":\"https:\\\/\\\/malopozoriste.smashingpixel.net\\\/sr-latn\\\/home\\\/\"},{\"@type\":\"ListItem\",\"position\":2,\"name\":\"IZVO\u0110ENJE PREDSTAVE &#8222;PORODI\u010cNI CIRKUS \u2013 ZA DECU I OSETLJIVE&#8220;\"}]},{\"@type\":\"WebSite\",\"@id\":\"https:\\\/\\\/malopozoriste.smashingpixel.net\\\/#website\",\"url\":\"https:\\\/\\\/malopozoriste.smashingpixel.net\\\/\",\"name\":\"malopozoriste\",\"description\":\"\",\"publisher\":{\"@id\":\"https:\\\/\\\/malopozoriste.smashingpixel.net\\\/#organization\"},\"potentialAction\":[{\"@type\":\"SearchAction\",\"target\":{\"@type\":\"EntryPoint\",\"urlTemplate\":\"https:\\\/\\\/malopozoriste.smashingpixel.net\\\/?s={search_term_string}\"},\"query-input\":{\"@type\":\"PropertyValueSpecification\",\"valueRequired\":true,\"valueName\":\"search_term_string\"}}],\"inLanguage\":\"sr-latn\"},{\"@type\":\"Organization\",\"@id\":\"https:\\\/\\\/malopozoriste.smashingpixel.net\\\/#organization\",\"name\":\"\u041c\u0430\u043b\u043e \u043f\u043e\u0437\u043e\u0440\u0438\u0448\u0442\u0435 \u0414\u0443\u0448\u043a\u043e \u0420\u0430\u0434\u043e\u0432\u0438\u045b\",\"url\":\"https:\\\/\\\/malopozoriste.smashingpixel.net\\\/\",\"logo\":{\"@type\":\"ImageObject\",\"inLanguage\":\"sr-latn\",\"@id\":\"https:\\\/\\\/malopozoriste.smashingpixel.net\\\/#\\\/schema\\\/logo\\\/image\\\/\",\"url\":\"https:\\\/\\\/malopozoriste.smashingpixel.net\\\/wp-content\\\/uploads\\\/2024\\\/03\\\/malo_pozoriste_logo142x140.png\",\"contentUrl\":\"https:\\\/\\\/malopozoriste.smashingpixel.net\\\/wp-content\\\/uploads\\\/2024\\\/03\\\/malo_pozoriste_logo142x140.png\",\"width\":142,\"height\":140,\"caption\":\"\u041c\u0430\u043b\u043e \u043f\u043e\u0437\u043e\u0440\u0438\u0448\u0442\u0435 \u0414\u0443\u0448\u043a\u043e \u0420\u0430\u0434\u043e\u0432\u0438\u045b\"},\"image\":{\"@id\":\"https:\\\/\\\/malopozoriste.smashingpixel.net\\\/#\\\/schema\\\/logo\\\/image\\\/\"},\"sameAs\":[\"https:\\\/\\\/www.facebook.com\\\/malopozoriste1948#\"]},{\"@type\":\"Person\",\"@id\":\"https:\\\/\\\/malopozoriste.smashingpixel.net\\\/#\\\/schema\\\/person\\\/a0e780274f587f25a77993e82d795701\",\"name\":\"P0p4r7\",\"image\":{\"@type\":\"ImageObject\",\"inLanguage\":\"sr-latn\",\"@id\":\"https:\\\/\\\/secure.gravatar.com\\\/avatar\\\/3072a7becae851e6c69fcb1a91018459754a5f928756e72b9d22e7a452300b5e?s=96&d=mm&r=g\",\"url\":\"https:\\\/\\\/secure.gravatar.com\\\/avatar\\\/3072a7becae851e6c69fcb1a91018459754a5f928756e72b9d22e7a452300b5e?s=96&d=mm&r=g\",\"contentUrl\":\"https:\\\/\\\/secure.gravatar.com\\\/avatar\\\/3072a7becae851e6c69fcb1a91018459754a5f928756e72b9d22e7a452300b5e?s=96&d=mm&r=g\",\"caption\":\"P0p4r7\"},\"url\":\"https:\\\/\\\/malopozoriste.smashingpixel.net\\\/sr-latn\\\/author\\\/p0p4r7\\\/\"}]}<\/script>\n<!-- \/ Yoast SEO plugin. -->","yoast_head_json":{"title":"IZVO\u0110ENJE PREDSTAVE \"PORODI\u010cNI CIRKUS \u2013 ZA DECU I OSETLJIVE\" - malopozoriste","robots":{"index":"index","follow":"follow","max-snippet":"max-snippet:-1","max-image-preview":"max-image-preview:large","max-video-preview":"max-video-preview:-1"},"canonical":"https:\/\/malopozoriste.smashingpixel.net\/sr-latn\/izvodenje-predstave-porodicni-cirkus-za-decu-i-osetljive\/","og_locale":"en_US","og_type":"article","og_title":"IZVO\u0110ENJE PREDSTAVE \"PORODI\u010cNI CIRKUS \u2013 ZA DECU I OSETLJIVE\" - malopozoriste","og_description":"IZVO\u0110ENJE PREDSTAVE &#8220;PORODI\u010cNI CIRKUS \u2013 ZA DECU I OSETLJIVE&#8221; Udru\u017eenje &#8220;Beogradski stari\u0161ani i mali\u0161ani&#8221;, podstaknuto postignutim uspehom premijerno izvedenog dramskog dela &#8220;PORODI\u010cNI CIRKUS \u2013 ZA DECU I OSETLJIVE&#8221;, u saradnji sa Fondacijom &#8220;Zajedno za mlade&#8221;, izve\u0161\u0107e 27.5.2024. godine, u Malom pozori\u0161tu &#8220;Du\u0161ko Radovi\u0107&#8221;, predstavu, sa po\u010detkom od 19 \u010dasova, koja je postavljena kao me\u0111ugeneracijski edukativno [&hellip;]","og_url":"https:\/\/malopozoriste.smashingpixel.net\/sr-latn\/izvodenje-predstave-porodicni-cirkus-za-decu-i-osetljive\/","og_site_name":"malopozoriste","article_publisher":"https:\/\/www.facebook.com\/malopozoriste1948#","article_published_time":"2024-05-10T10:32:19+00:00","article_modified_time":"2024-10-18T09:13:06+00:00","og_image":[{"width":480,"height":480,"url":"https:\/\/malopozoriste.smashingpixel.net\/wp-content\/uploads\/2024\/06\/vest-porodicni_cirkus.jpg","type":"image\/jpeg"}],"author":"P0p4r7","twitter_card":"summary_large_image","twitter_misc":{"Written by":"P0p4r7","Est. reading time":"2 minutes"},"schema":{"@context":"https:\/\/schema.org","@graph":[{"@type":"Article","@id":"https:\/\/malopozoriste.smashingpixel.net\/sr-latn\/izvodenje-predstave-porodicni-cirkus-za-decu-i-osetljive\/#article","isPartOf":{"@id":"https:\/\/malopozoriste.smashingpixel.net\/sr-latn\/izvodenje-predstave-porodicni-cirkus-za-decu-i-osetljive\/"},"author":{"name":"P0p4r7","@id":"https:\/\/malopozoriste.smashingpixel.net\/#\/schema\/person\/a0e780274f587f25a77993e82d795701"},"headline":"IZVO\u0110ENJE PREDSTAVE &#8220;PORODI\u010cNI CIRKUS \u2013 ZA DECU I OSETLJIVE&#8221;","datePublished":"2024-05-10T10:32:19+00:00","dateModified":"2024-10-18T09:13:06+00:00","mainEntityOfPage":{"@id":"https:\/\/malopozoriste.smashingpixel.net\/sr-latn\/izvodenje-predstave-porodicni-cirkus-za-decu-i-osetljive\/"},"wordCount":370,"publisher":{"@id":"https:\/\/malopozoriste.smashingpixel.net\/#organization"},"image":{"@id":"https:\/\/malopozoriste.smashingpixel.net\/sr-latn\/izvodenje-predstave-porodicni-cirkus-za-decu-i-osetljive\/#primaryimage"},"thumbnailUrl":"https:\/\/malopozoriste.smashingpixel.net\/wp-content\/uploads\/2024\/06\/vest-porodicni_cirkus.jpg","articleSection":["Uncategorized @sr-latn"],"inLanguage":"sr-latn"},{"@type":"WebPage","@id":"https:\/\/malopozoriste.smashingpixel.net\/sr-latn\/izvodenje-predstave-porodicni-cirkus-za-decu-i-osetljive\/","url":"https:\/\/malopozoriste.smashingpixel.net\/sr-latn\/izvodenje-predstave-porodicni-cirkus-za-decu-i-osetljive\/","name":"IZVO\u0110ENJE PREDSTAVE \"PORODI\u010cNI CIRKUS \u2013 ZA DECU I OSETLJIVE\" - malopozoriste","isPartOf":{"@id":"https:\/\/malopozoriste.smashingpixel.net\/#website"},"primaryImageOfPage":{"@id":"https:\/\/malopozoriste.smashingpixel.net\/sr-latn\/izvodenje-predstave-porodicni-cirkus-za-decu-i-osetljive\/#primaryimage"},"image":{"@id":"https:\/\/malopozoriste.smashingpixel.net\/sr-latn\/izvodenje-predstave-porodicni-cirkus-za-decu-i-osetljive\/#primaryimage"},"thumbnailUrl":"https:\/\/malopozoriste.smashingpixel.net\/wp-content\/uploads\/2024\/06\/vest-porodicni_cirkus.jpg","datePublished":"2024-05-10T10:32:19+00:00","dateModified":"2024-10-18T09:13:06+00:00","breadcrumb":{"@id":"https:\/\/malopozoriste.smashingpixel.net\/sr-latn\/izvodenje-predstave-porodicni-cirkus-za-decu-i-osetljive\/#breadcrumb"},"inLanguage":"sr-latn","potentialAction":[{"@type":"ReadAction","target":["https:\/\/malopozoriste.smashingpixel.net\/sr-latn\/izvodenje-predstave-porodicni-cirkus-za-decu-i-osetljive\/"]}]},{"@type":"ImageObject","inLanguage":"sr-latn","@id":"https:\/\/malopozoriste.smashingpixel.net\/sr-latn\/izvodenje-predstave-porodicni-cirkus-za-decu-i-osetljive\/#primaryimage","url":"https:\/\/malopozoriste.smashingpixel.net\/wp-content\/uploads\/2024\/06\/vest-porodicni_cirkus.jpg","contentUrl":"https:\/\/malopozoriste.smashingpixel.net\/wp-content\/uploads\/2024\/06\/vest-porodicni_cirkus.jpg","width":480,"height":480},{"@type":"BreadcrumbList","@id":"https:\/\/malopozoriste.smashingpixel.net\/sr-latn\/izvodenje-predstave-porodicni-cirkus-za-decu-i-osetljive\/#breadcrumb","itemListElement":[{"@type":"ListItem","position":1,"name":"\u041f\u043e\u0447\u0435\u0442\u043d\u0430","item":"https:\/\/malopozoriste.smashingpixel.net\/sr-latn\/home\/"},{"@type":"ListItem","position":2,"name":"IZVO\u0110ENJE PREDSTAVE &#8222;PORODI\u010cNI CIRKUS \u2013 ZA DECU I OSETLJIVE&#8220;"}]},{"@type":"WebSite","@id":"https:\/\/malopozoriste.smashingpixel.net\/#website","url":"https:\/\/malopozoriste.smashingpixel.net\/","name":"malopozoriste","description":"","publisher":{"@id":"https:\/\/malopozoriste.smashingpixel.net\/#organization"},"potentialAction":[{"@type":"SearchAction","target":{"@type":"EntryPoint","urlTemplate":"https:\/\/malopozoriste.smashingpixel.net\/?s={search_term_string}"},"query-input":{"@type":"PropertyValueSpecification","valueRequired":true,"valueName":"search_term_string"}}],"inLanguage":"sr-latn"},{"@type":"Organization","@id":"https:\/\/malopozoriste.smashingpixel.net\/#organization","name":"\u041c\u0430\u043b\u043e \u043f\u043e\u0437\u043e\u0440\u0438\u0448\u0442\u0435 \u0414\u0443\u0448\u043a\u043e \u0420\u0430\u0434\u043e\u0432\u0438\u045b","url":"https:\/\/malopozoriste.smashingpixel.net\/","logo":{"@type":"ImageObject","inLanguage":"sr-latn","@id":"https:\/\/malopozoriste.smashingpixel.net\/#\/schema\/logo\/image\/","url":"https:\/\/malopozoriste.smashingpixel.net\/wp-content\/uploads\/2024\/03\/malo_pozoriste_logo142x140.png","contentUrl":"https:\/\/malopozoriste.smashingpixel.net\/wp-content\/uploads\/2024\/03\/malo_pozoriste_logo142x140.png","width":142,"height":140,"caption":"\u041c\u0430\u043b\u043e \u043f\u043e\u0437\u043e\u0440\u0438\u0448\u0442\u0435 \u0414\u0443\u0448\u043a\u043e \u0420\u0430\u0434\u043e\u0432\u0438\u045b"},"image":{"@id":"https:\/\/malopozoriste.smashingpixel.net\/#\/schema\/logo\/image\/"},"sameAs":["https:\/\/www.facebook.com\/malopozoriste1948#"]},{"@type":"Person","@id":"https:\/\/malopozoriste.smashingpixel.net\/#\/schema\/person\/a0e780274f587f25a77993e82d795701","name":"P0p4r7","image":{"@type":"ImageObject","inLanguage":"sr-latn","@id":"https:\/\/secure.gravatar.com\/avatar\/3072a7becae851e6c69fcb1a91018459754a5f928756e72b9d22e7a452300b5e?s=96&d=mm&r=g","url":"https:\/\/secure.gravatar.com\/avatar\/3072a7becae851e6c69fcb1a91018459754a5f928756e72b9d22e7a452300b5e?s=96&d=mm&r=g","contentUrl":"https:\/\/secure.gravatar.com\/avatar\/3072a7becae851e6c69fcb1a91018459754a5f928756e72b9d22e7a452300b5e?s=96&d=mm&r=g","caption":"P0p4r7"},"url":"https:\/\/malopozoriste.smashingpixel.net\/sr-latn\/author\/p0p4r7\/"}]}},"_links":{"self":[{"href":"https:\/\/malopozoriste.smashingpixel.net\/sr-latn\/wp-json\/wp\/v2\/posts\/6366","targetHints":{"allow":["GET"]}}],"collection":[{"href":"https:\/\/malopozoriste.smashingpixel.net\/sr-latn\/wp-json\/wp\/v2\/posts"}],"about":[{"href":"https:\/\/malopozoriste.smashingpixel.net\/sr-latn\/wp-json\/wp\/v2\/types\/post"}],"author":[{"embeddable":true,"href":"https:\/\/malopozoriste.smashingpixel.net\/sr-latn\/wp-json\/wp\/v2\/users\/5"}],"replies":[{"embeddable":true,"href":"https:\/\/malopozoriste.smashingpixel.net\/sr-latn\/wp-json\/wp\/v2\/comments?post=6366"}],"version-history":[{"count":0,"href":"https:\/\/malopozoriste.smashingpixel.net\/sr-latn\/wp-json\/wp\/v2\/posts\/6366\/revisions"}],"wp:featuredmedia":[{"embeddable":true,"href":"https:\/\/malopozoriste.smashingpixel.net\/sr-latn\/wp-json\/wp\/v2\/media\/3540"}],"wp:attachment":[{"href":"https:\/\/malopozoriste.smashingpixel.net\/sr-latn\/wp-json\/wp\/v2\/media?parent=6366"}],"wp:term":[{"taxonomy":"category","embeddable":true,"href":"https:\/\/malopozoriste.smashingpixel.net\/sr-latn\/wp-json\/wp\/v2\/categories?post=6366"},{"taxonomy":"post_tag","embeddable":true,"href":"https:\/\/malopozoriste.smashingpixel.net\/sr-latn\/wp-json\/wp\/v2\/tags?post=6366"}],"curies":[{"name":"wp","href":"https:\/\/api.w.org\/{rel}","templated":true}]}}